{"id":37285,"date":"2026-07-24T07:11:00","date_gmt":"2026-07-24T05:11:00","guid":{"rendered":"https:\/\/euapp01.newsmemory.com\/lamarseillaise\/news\/?p=37285"},"modified":"2026-07-30T07:58:52","modified_gmt":"2026-07-30T05:58:52","slug":"50-a-100-nouveaux-departs-de-feu-dans-le-gros-bessillon-espoir-de-fixer-le-feu-vendredi-ou-samedi","status":"publish","type":"post","link":"https:\/\/euapp01.newsmemory.com\/lamarseillaise\/news\/2026\/07\/24\/50-a-100-nouveaux-departs-de-feu-dans-le-gros-bessillon-espoir-de-fixer-le-feu-vendredi-ou-samedi\/","title":{"rendered":"50 \u00e0 100 nouveaux d\u00e9parts de feu dans le Gros Bessillon, espoir de fixer le feu vendredi ou samedi"},"content":{"rendered":"<div class=\"paragraph\">\n<p><a rel=\"noopener noreferrer\" href=\"https:\/\/www.lamarseillaise.fr\/societe\/l-incendie-de-ponteves-n-a-pu-etre-fixe-mercredi-journee-critique-en-perspective-PF20525390\" target=\"_blank\">Le sc\u00e9nario redout\u00e9 mercredi<\/a> s\u2019est produit jeudi dans le massif du Gros Bessillon. Au cours d\u2019une nuit plut\u00f4t calme, qui a permis de <a rel=\"noopener noreferrer\" href=\"https:\/\/www.lamarseillaise.fr\/france\/le-fort-signal-d-alarme-des-combattants-du-feu-JF20527907\" target=\"_blank\">reposer une partie des troupes<\/a>, 650\u00a0sapeurs-pompiers (contre 1\u00a0200 la veille) \u00e9taient mobilis\u00e9s jusqu\u2019en d\u00e9but d\u2019apr\u00e8s-midi pour \u00e9teindre les points chauds et noyer les lisi\u00e8res de l\u2019incendie, qui avait alors parcouru 2\u00a0500\u00a0hectares. Mais \u00e0 13h, comme attendu, la reprise du mistral, conjugu\u00e9e \u00e0 des conditions hygrom\u00e9triques d\u00e9favorables (un taux d\u2019humidit\u00e9 de 10 \u00e0 15\u00a0%), a provoqu\u00e9 \u00ab\u00a0<i>entre 50 et 100<\/i><i>\u00a0<\/i><i>d\u00e9parts de feu, de 13h \u00e0 18h, sur des p\u00e9rim\u00e8tres d\u00e9j\u00e0 br\u00fbl\u00e9s et en lisi\u00e8re de for\u00eat<\/i>\u00a0\u00bb, indique le pr\u00e9fet Simon Babre.<\/p>\n<p>En cons\u00e9quence, l\u2019ensemble des personnes qui avaient pu regagner leur domicile dans la matin\u00e9e a de nouveau \u00e9t\u00e9 \u00e9vacu\u00e9. On en comptait 500\u00a0jeudi soir. L\u2019incendie a relativement peu progress\u00e9, de 2\u00a0500 \u00e0 2\u00a0700\u00a0hectares, mais approchait \u00e0 nouveau les communes de Carc\u00e8s, Montfort-sur-Argens et surtout Cotignac, qui \u00e9tait \u00ab\u00a0<i>r\u00e9ellement menac\u00e9<\/i>\u00a0\u00bb, obligeant la mise en place d\u2019\u00ab\u00a0<i>un maximum de moyens pour sa d\u00e9fense<\/i>\u00a0\u00bb, pr\u00e9cisait le pr\u00e9fet. Deux foyers s\u2019y sont d\u00e9clar\u00e9s dans les quartiers ouest. Ils ont \u00e9t\u00e9 ma\u00eetris\u00e9s et les habitants du village, ainsi que ceux de Pontev\u00e8s, ont pu regagner leurs domiciles en d\u00e9but de soir\u00e9e.<\/p>\n<\/p><\/div>\n<div class=\"intext\"> Un espoir de fixer le feu vendredi ou samedi\n              <\/div>\n<div class=\"paragraph\">\n<p>Une soixantaine de maisons ont \u00e9t\u00e9 touch\u00e9es, dont 25\u00a0d\u00e9truites, mais aucune nouvelle ce jeudi. Cela, gr\u00e2ce \u00e0 \u00ab\u00a0<i>des moyens cons\u00e9quents qui ont permis d\u2019\u00e9viter des d\u00e9g\u00e2ts<\/i>\u00a0\u00bb, se f\u00e9licitait <span class=\"mln_uppercase_mln\">\u00e9<\/span>ric Grohin, directeur du SDIS\u00a083. Ceux-ci ont \u00e9t\u00e9 r\u00e9partis sur l\u2019ensemble du d\u00e9partement de mani\u00e8re pr\u00e9ventive, dans une journ\u00e9e \u00e0 haut risque durant laquelle deux d\u00e9parts de feux ont eu lieu du c\u00f4t\u00e9 du Revest-les-Eaux (1\u00a0hectare br\u00fbl\u00e9 apr\u00e8s l\u2019explosion d\u2019une caravane), et cinq, consid\u00e9r\u00e9s comme suspects, \u00e0 Brignoles, occasionnant l\u2019ouverture d\u2019une enqu\u00eate par le Parquet de Draguignan.<\/p>\n<p>550\u00a0sapeurs-pompiers \u00e9taient mobilis\u00e9s du c\u00f4t\u00e9 du Gros Bessillon, \u00e9quip\u00e9s de 120\u00a0v\u00e9hicules feux de for\u00eats, 4\u00a0canadairs, 2\u00a0DASH, 3\u00a0h\u00e9licopt\u00e8res bombardiers d\u2019eau dont un lourd, 60\u00a0militaires et autant de gendarmes nationaux appuy\u00e9s par les policiers municipaux. Les effectifs ont \u00e9t\u00e9 port\u00e9s \u00e0 800, et 109\u00a0militaires pour la nuit, avec de meilleures conditions m\u00e9t\u00e9o (brise marine apportant de l\u2019humidit\u00e9) permettant de passer \u00ab\u00a0<i>d\u2019une strat\u00e9gie de combat \u00e0 une strat\u00e9gie de s\u00e9curisation<\/i>\u00a0\u00bb, d\u00e9taillait le pr\u00e9fet. Des drones devaient aussi \u00eatre envoy\u00e9s pour rep\u00e9rer les points chauds.<\/p>\n<p>Avec l\u2019espoir de fixer l\u2019incendie vendredi ou samedi\u00a0: \u00ab\u00a0<i>On devrait avoir un r\u00e9pit de vent d\u2019ouest pendant trois ou quatre jours, qui va permettre de ne plus avoir \u00e0 combattre point \u00e0 point toutes les flammes, et de s\u00e9curiser avec du retardant et du d\u00e9forestage<\/i>\u00a0\u00bb, esp\u00e9rait Eric Grohin. La course contre la montre se poursuit.<\/p>\n<\/p><\/div>\n","protected":false},"excerpt":{"rendered":"Le sc&eacute;nario redout&eacute; mercredi s&rsquo;est produit jeudi dans le massif du Gros Bessillon. Au cours d&rsquo;une nuit plut&ocirc;t calme, qui a permis de reposer une partie des troupes, 650&nbsp;sapeurs-pompiers (contre 1&nbsp;200 la &#8230;","protected":false},"author":1,"featured_media":37286,"comment_status":"open","ping_status":"open","sticky":false,"template":"","format":"standard","meta":{"footnotes":""},"categories":[3926,3925,333,20],"tags":[1476,3433,6147,3434,2132,316,1673,4015,6036,2237,106,1353,319,1396,6140,1699,6141,1567,1674,6003,3600,4877,31,1183],"news-destination":[3944],"news-source":[475],"is_homepage":[],"ta_other":[],"class_list":["post-37285","post","type-post","status-publish","format-standard","has-post-thumbnail","hentry","category-accueil-merge","category-accueil-third","category-environnement","category-societe","tag-brignoles","tag-carces","tag-correns","tag-cotignac","tag-degats","tag-feu-de-foret","tag-feux","tag-feux-de-foret","tag-flammes","tag-gendarmes","tag-habitants","tag-helicoptere","tag-incendie","tag-incendies","tag-montfort-sur-argens","tag-policiers","tag-ponteves","tag-prefet","tag-sapeurs-pompiers","tag-sdis-83","tag-sdis13","tag-sdis83","tag-var","tag-vehicules","news-destination-homepage","news-source-website"],"_links":{"self":[{"href":"https:\/\/euapp01.newsmemory.com\/lamarseillaise\/news\/wp-json\/wp\/v2\/posts\/37285","targetHints":{"allow":["GET"]}}],"collection":[{"href":"https:\/\/euapp01.newsmemory.com\/lamarseillaise\/news\/wp-json\/wp\/v2\/posts"}],"about":[{"href":"https:\/\/euapp01.newsmemory.com\/lamarseillaise\/news\/wp-json\/wp\/v2\/types\/post"}],"author":[{"embeddable":true,"href":"https:\/\/euapp01.newsmemory.com\/lamarseillaise\/news\/wp-json\/wp\/v2\/users\/1"}],"replies":[{"embeddable":true,"href":"https:\/\/euapp01.newsmemory.com\/lamarseillaise\/news\/wp-json\/wp\/v2\/comments?post=37285"}],"version-history":[{"count":1,"href":"https:\/\/euapp01.newsmemory.com\/lamarseillaise\/news\/wp-json\/wp\/v2\/posts\/37285\/revisions"}],"predecessor-version":[{"id":37287,"href":"https:\/\/euapp01.newsmemory.com\/lamarseillaise\/news\/wp-json\/wp\/v2\/posts\/37285\/revisions\/37287"}],"wp:featuredmedia":[{"embeddable":true,"href":"https:\/\/euapp01.newsmemory.com\/lamarseillaise\/news\/wp-json\/wp\/v2\/media\/37286"}],"wp:attachment":[{"href":"https:\/\/euapp01.newsmemory.com\/lamarseillaise\/news\/wp-json\/wp\/v2\/media?parent=37285"}],"wp:term":[{"taxonomy":"category","embeddable":true,"href":"https:\/\/euapp01.newsmemory.com\/lamarseillaise\/news\/wp-json\/wp\/v2\/categories?post=37285"},{"taxonomy":"post_tag","embeddable":true,"href":"https:\/\/euapp01.newsmemory.com\/lamarseillaise\/news\/wp-json\/wp\/v2\/tags?post=37285"},{"taxonomy":"news-destination","embeddable":true,"href":"https:\/\/euapp01.newsmemory.com\/lamarseillaise\/news\/wp-json\/wp\/v2\/news-destination?post=37285"},{"taxonomy":"news-source","embeddable":true,"href":"https:\/\/euapp01.newsmemory.com\/lamarseillaise\/news\/wp-json\/wp\/v2\/news-source?post=37285"},{"taxonomy":"is_homepage","embeddable":true,"href":"https:\/\/euapp01.newsmemory.com\/lamarseillaise\/news\/wp-json\/wp\/v2\/is_homepage?post=37285"},{"taxonomy":"ta_other","embeddable":true,"href":"https:\/\/euapp01.newsmemory.com\/lamarseillaise\/news\/wp-json\/wp\/v2\/ta_other?post=37285"}],"curies":[{"name":"wp","href":"https:\/\/api.w.org\/{rel}","templated":true}]}}