{"id":37282,"date":"2026-07-24T06:53:00","date_gmt":"2026-07-24T04:53:00","guid":{"rendered":"https:\/\/euapp01.newsmemory.com\/lamarseillaise\/news\/?p=37282"},"modified":"2026-07-30T07:18:29","modified_gmt":"2026-07-30T05:18:29","slug":"les-salaries-de-fibre-excellence-occupent-lusine","status":"publish","type":"post","link":"https:\/\/euapp01.newsmemory.com\/lamarseillaise\/news\/2026\/07\/24\/les-salaries-de-fibre-excellence-occupent-lusine\/","title":{"rendered":"Les salari\u00e9s de Fibre&nbsp;Excellence occupent l\u2019usine"},"content":{"rendered":"<div class=\"paragraph\">\n<p>Ils ne l\u00e2cheront rien. Apr\u00e8s Saint-Gaudens, en Haute-Garonne, les salari\u00e9s de Fibre Excellence de l\u2019usine de Tarascon, dans les Bouches-du-Rh\u00f4ne, ont d\u00e9but\u00e9, jeudi, l\u2019occupation de leur site \u00ab\u00a0<i>\u00e0 dur\u00e9e ind\u00e9termin\u00e9e<\/i><i>\u00a0<\/i>\u00bb. \u00ab\u00a0<i>Notre mobilisation se poursuivra aussi longtemps que la situation l\u2019exigera, jusqu\u2019\u00e0 ce que de v\u00e9ritables r\u00e9ponses soient apport\u00e9es<\/i><i>\u00a0<\/i>\u00bb, pr\u00e9vient la Filpac CGT Fibre Excellence Provence, dans un communiqu\u00e9.<\/p>\n<p>Les travailleurs du groupe de p\u00e2te \u00e0 papier plac\u00e9 en redressement judiciaire, en avril dernier, entendent ainsi maintenir la pression avant l\u2019examen lundi, par le tribunal de commerce de Toulouse, de l\u2019offre de reprise port\u00e9e par le financier Matthieu Pigasse. Ce projet est le seul qui garantissait la reprise de la totalit\u00e9 des salari\u00e9s, soit 660\u00a0personnes, auxquels s\u2019ajoutent les 228 de la papeterie de la Chapelle-Darblay\u00a0&#8211; dont Fibre Excellence est repreneur\u00a0&#8211; et plus de 10\u00a0000\u00a0emplois indirects. Sur les banderoles d\u00e9ploy\u00e9es sur les sites, le ton est accusateur\u00a0: \u00ab\u00a0<i>Macron va-t-il tuer 10<\/i><i>\u00a0<\/i><i>000<\/i><i>\u00a0<\/i><i>emplois<\/i><i>\u00a0<\/i><i>?<\/i><i>\u00a0<\/i>\u00bb, interrogent les protestataires.<\/p>\n<p>\u00ab\u00a0<i>Quels sont les engagements de l\u2019\u00c9tat pour r\u00e9\u00e9quilibrer le march\u00e9 du bois et garantir la viabilit\u00e9 du projet de reprise<\/i><i>\u00a0<\/i><i>?<\/i><i>\u00a0<\/i>\u00bb, \u00e9crivent dans un courrier adress\u00e9 au couple ex\u00e9cutif Carole Delga, pr\u00e9sidente (PS) de la R\u00e9gion Occitanie, Renaud Muselier, pr\u00e9sident (Ren) de la R\u00e9gion Sud, et les num\u00e9ros un de la CGT, Sophie Binet, de la CFDT, Marylise L\u00e9on, et de FO, Fr\u00e9d\u00e9ric Souillot. Ces derniers se sont prononc\u00e9s en faveur du projet du banquier d\u2019affaires dit \u00ab\u00a0de gauche\u00a0\u00bb avec Combat Holding.<\/p>\n<p>Mais le gouvernement se montre tr\u00e8s critique. Interrog\u00e9 lors de l\u2019ultime s\u00e9ance de questions au gouvernement, mardi, le ministre de l\u2019\u00c9conomie, Roland Lescure, estime que \u00ab\u00a0<i>l\u2019offre de reprise <\/i>(&#8230;), <i>\u00e0 ce stade, n\u2019est pas au niveau parce qu\u2019elle demande une aide suppl\u00e9mentaire de l\u2019\u00c9tat<\/i><i>\u00a0<\/i>\u00bb. Si l\u2019on suit les calculs du locataire de Bercy, l\u2019\u00c9tat, qui a d\u00e9j\u00e0 engag\u00e9 plus de 90\u00a0millions d\u2019euros dans le sauvetage du groupe et se dit pr\u00eat \u00e0 ajouter 100\u00a0millions d\u2019euros suppl\u00e9mentaires, devrait mettre 100\u00a0millions d\u2019euros de plus pour suivre le plan de Matthieu\u00a0Pigasse. Tandis que ce dernier alignerait \u00ab\u00a0<i>cinq mis\u00e9rables millions d\u2019euros<\/i><i>\u00a0<\/i>\u00bb, dixit le ministre, \u00ab\u00a0<i>\u00e7a me rappelle non pas Robin des bois, mais le sh\u00e9rif de Nottingham qui fait des actions avec l\u2019argent des autres<\/i><i>\u00a0<\/i>\u00bb, tacle-t-il. Sur franceinfo ce jeudi matin, il accuse le patron auquel on pr\u00eate des ambitions \u00e9lys\u00e9ennes de \u00ab\u00a0<i>faire de la politique sur le dos des salari\u00e9s<\/i>\u00a0\u00bb<i>.<\/i><i><\/i><\/p>\n<p>Le temps presse. L\u2019\u00c9tat doit se positionner et vite. \u00ab\u00a0<i>S\u2019il y a liquidation, personne ne pourra dire qu\u2019il ne savait pas sur la disparition de pr\u00e8s de 80% de la capacit\u00e9 fran\u00e7aise de production de p\u00e2te marchande, de 660<\/i><i>\u00a0<\/i><i>emplois directs, de plusieurs milliers d\u2019emplois indirects et d\u2019un outil industriel strat\u00e9gique qu\u2019il sera pratiquement impossible de reconstruire<\/i><i>\u00a0<\/i>\u00bb, pr\u00e9viennent les syndicats et les collectivit\u00e9s.<\/p>\n<\/p><\/div>\n","protected":false},"excerpt":{"rendered":"Ils ne l&acirc;cheront rien. Apr&egrave;s Saint-Gaudens, en Haute-Garonne, les salari&eacute;s de Fibre Excellence de l&rsquo;usine de Tarascon, dans les Bouches-du-Rh&ocirc;ne, ont d&eacute;but&eacute;, jeudi, l&rsquo;occupation de leur site &#8230;","protected":false},"author":1,"featured_media":37283,"comment_status":"open","ping_status":"open","sticky":false,"template":"","format":"standard","meta":{"footnotes":""},"categories":[3926,3925,338,331],"tags":[10,879,237,113,208,4279,528,784,134,4281,191,708,962,1557,1740],"news-destination":[3944],"news-source":[475],"is_homepage":[],"ta_other":[],"class_list":["post-37282","post","type-post","status-publish","format-standard","has-post-thumbnail","hentry","category-accueil-merge","category-accueil-third","category-economie","category-social","tag-bouches-du-rhone","tag-carole-delga","tag-cfdt","tag-cgt","tag-collectivites","tag-fibre-excellence","tag-gouvernement","tag-intersyndicale","tag-mobilisation","tag-pate-a-papier","tag-politique","tag-renaud-muselier","tag-salaries","tag-sophie-binet","tag-tarascon","news-destination-homepage","news-source-website"],"_links":{"self":[{"href":"https:\/\/euapp01.newsmemory.com\/lamarseillaise\/news\/wp-json\/wp\/v2\/posts\/37282","targetHints":{"allow":["GET"]}}],"collection":[{"href":"https:\/\/euapp01.newsmemory.com\/lamarseillaise\/news\/wp-json\/wp\/v2\/posts"}],"about":[{"href":"https:\/\/euapp01.newsmemory.com\/lamarseillaise\/news\/wp-json\/wp\/v2\/types\/post"}],"author":[{"embeddable":true,"href":"https:\/\/euapp01.newsmemory.com\/lamarseillaise\/news\/wp-json\/wp\/v2\/users\/1"}],"replies":[{"embeddable":true,"href":"https:\/\/euapp01.newsmemory.com\/lamarseillaise\/news\/wp-json\/wp\/v2\/comments?post=37282"}],"version-history":[{"count":1,"href":"https:\/\/euapp01.newsmemory.com\/lamarseillaise\/news\/wp-json\/wp\/v2\/posts\/37282\/revisions"}],"predecessor-version":[{"id":37284,"href":"https:\/\/euapp01.newsmemory.com\/lamarseillaise\/news\/wp-json\/wp\/v2\/posts\/37282\/revisions\/37284"}],"wp:featuredmedia":[{"embeddable":true,"href":"https:\/\/euapp01.newsmemory.com\/lamarseillaise\/news\/wp-json\/wp\/v2\/media\/37283"}],"wp:attachment":[{"href":"https:\/\/euapp01.newsmemory.com\/lamarseillaise\/news\/wp-json\/wp\/v2\/media?parent=37282"}],"wp:term":[{"taxonomy":"category","embeddable":true,"href":"https:\/\/euapp01.newsmemory.com\/lamarseillaise\/news\/wp-json\/wp\/v2\/categories?post=37282"},{"taxonomy":"post_tag","embeddable":true,"href":"https:\/\/euapp01.newsmemory.com\/lamarseillaise\/news\/wp-json\/wp\/v2\/tags?post=37282"},{"taxonomy":"news-destination","embeddable":true,"href":"https:\/\/euapp01.newsmemory.com\/lamarseillaise\/news\/wp-json\/wp\/v2\/news-destination?post=37282"},{"taxonomy":"news-source","embeddable":true,"href":"https:\/\/euapp01.newsmemory.com\/lamarseillaise\/news\/wp-json\/wp\/v2\/news-source?post=37282"},{"taxonomy":"is_homepage","embeddable":true,"href":"https:\/\/euapp01.newsmemory.com\/lamarseillaise\/news\/wp-json\/wp\/v2\/is_homepage?post=37282"},{"taxonomy":"ta_other","embeddable":true,"href":"https:\/\/euapp01.newsmemory.com\/lamarseillaise\/news\/wp-json\/wp\/v2\/ta_other?post=37282"}],"curies":[{"name":"wp","href":"https:\/\/api.w.org\/{rel}","templated":true}]}}