{"id":37279,"date":"2026-07-24T10:03:00","date_gmt":"2026-07-24T08:03:00","guid":{"rendered":"https:\/\/euapp01.newsmemory.com\/lamarseillaise\/news\/?p=37279"},"modified":"2026-07-30T09:42:37","modified_gmt":"2026-07-30T07:42:37","slug":"entretien-jean-luc-beccari-directeur-du-sdis-13-pensez-a-nous-au-bout-du-bout-il-y-a-des-vies","status":"publish","type":"post","link":"https:\/\/euapp01.newsmemory.com\/lamarseillaise\/news\/2026\/07\/24\/entretien-jean-luc-beccari-directeur-du-sdis-13-pensez-a-nous-au-bout-du-bout-il-y-a-des-vies\/","title":{"rendered":"[Entretien] Jean-Luc Beccari, directeur du Sdis 13 : \u00ab&nbsp;Pensez \u00e0 nous, au bout du bout, il y a des vies&nbsp;\u00bb"},"content":{"rendered":"<div class=\"paragraph\">\n<p><b>La<\/b><b>\u00a0<\/b><b>Marseillaise<\/b><b>\u00a0<\/b><b>:<\/b> <b>Le risque incendie \u00e9tait estim\u00e9 s\u00e9v\u00e8re ce jeudi 23<\/b><b>\u00a0<\/b><b>juillet, comment appr\u00e9hendez-vous cette nouvelle alerte<\/b><b>\u00a0<\/b><b>?<\/b><\/p>\n<p>Jean-Luc Beccari\u00a0: Avant de vous r\u00e9pondre, je voulais rendre hommage \u00e0 nos coll\u00e8gues de Savoie et de Gironde, puisque ce sont trois sapeurs-pompiers qui sont d\u00e9c\u00e9d\u00e9s depuis le d\u00e9but de la saison, et qu\u2019on a en t\u00eate leur sacrifice. On appr\u00e9hende cette journ\u00e9e avec beaucoup de pr\u00e9paration, on sait faire. C\u2019est une des journ\u00e9es o\u00f9 les indicateurs de risque sont les plus importants depuis le d\u00e9but de la saison, m\u00eame si depuis mi-juin, on en a eu une succession. Aujourd\u2019hui, quasiment 980\u00a0sapeurs-pompiers des Bouches-du-Rh\u00f4ne sont pr\u00eats, dans leurs casernes, ou pr\u00e9positionn\u00e9s sur le terrain, pour faire face aux op\u00e9rations de secours courantes, mais aussi surtout au d\u00e9part de feu que l\u2019on pourrait avoir dans des conditions de s\u00e9cheresse et de vent extr\u00eames sur certaines zones du d\u00e9partement.<\/p>\n<p><b>Concr\u00e8tement, que se passe-t-il quand un feu est d\u00e9tect\u00e9<\/b><b>\u00a0<\/b><b>?<\/b><\/p>\n<p>J.-L.B.\u00a0: Tr\u00e8s souvent, c\u2019est un appel de secours par un t\u00e9moin qui voit une fum\u00e9e ou directement le feu du bord de la route. Sur le 18 et le 112, on le prend en compte directement. La d\u00e9tection peut aussi se faire par notre r\u00e9seau de vigies, une trentaine, positionn\u00e9es sur des points hauts des massifs forestiers. L\u2019ensemble de ces \u00e9l\u00e9ments sont r\u00e9cup\u00e9r\u00e9s ici, dans ce centre op\u00e9rationnel, et vont nous permettre d\u2019engager les premiers moyens d\u2019intervention, souvent d\u2019ailleurs des forestiers sapeurs du Conseil d\u00e9partemental qui maillent, avec 60\u00a0patrouilles, le territoire. Et on va faire converger les moyens de secours des casernes et du dispositif pr\u00e9ventif que vous voyez derri\u00e8re moi pr\u00e9positionn\u00e9 sur le terrain.<\/p>\n<p><b>Quel premier bilan tirez-vous <br \/>de cette saison par rapport <br \/>\u00e0 la pr\u00e9c\u00e9dente<\/b><b>\u00a0<\/b><b>?<\/b><\/p>\n<p>J.-L.B.\u00a0: Nous avons eu 379\u00a0d\u00e9parts de feu depuis le 1<sup>er<\/sup>\u00a0juin. C\u2019est plus que l\u2019an pass\u00e9, mais les surfaces sont contenues. Pas moins de 95% des feux sont \u00e9teints avant d\u2019atteindre les 5\u00a0hectares. L\u2019an pass\u00e9, nous avions eu trois feux qui avaient pratiquement cr\u00e9\u00e9 la totalit\u00e9 de la surface. Mais soyons humbles, on a une grosse journ\u00e9e \u00e0 passer, et surtout, nous sommes le 23\u00a0juillet, notre saison est encore devant nous.<\/p>\n<p><b>L\u2019usage de nouvelles technologies, comme les cam\u00e9ras dot\u00e9es d\u2019intelligence artificielle, est-il un atout<\/b><b>\u00a0<\/b><b>?<\/b><\/p>\n<p>J.-L.B.\u00a0: Ces cam\u00e9ras intelligentes sont pour l\u2019instant exp\u00e9rimentales, utilis\u00e9es en \u00ab\u00a0back-up\u00a0\u00bb du dispositif humain. Il faut les mettre \u00e0 l\u2019\u00e9preuve du r\u00e9el car on a beaucoup d\u2019activit\u00e9s autour des massifs et du monde qui circule sur les routes. Trois projets sont en cours, on en tirera des conclusions en octobre.<\/p>\n<p><b>Vous insistez aussi sur <br \/>la pr\u00e9vention. Quel message souhaitez-vous faire passer <br \/>\u00e0 la population<\/b><b>\u00a0<\/b><b>?<\/b><\/p>\n<p>J.-L.B.\u00a0: Tout notre dispositif a, bien \u00e9videmment, une limite. Celle des d\u00e9parts de feu multiples, celle de l\u2019imprudence qui peut cr\u00e9er des d\u00e9parts de feu dans des zones extr\u00eamement dangereuses, et aujourd\u2019hui, malgr\u00e9 notre m\u00e9canisme mis en place, rien ne peut \u00eatre plus efficace que le comportement de la population dans ces journ\u00e9es \u00e0 risque. Alors quoi dire\u00a0? Pensez \u00e0 nous\u00a0? Pensez \u00e0 ceux qui sont tomb\u00e9s il y a quelques jours en Gironde. Pensez \u00e0 eux quand vous \u00eates en voiture et que vous \u00eates tent\u00e9s de jeter votre m\u00e9got par la fen\u00eatre. Pensez aussi \u00e0 ceux qui perdent leur maison. Peut-\u00eatre, alors, que vous ne ferez pas un barbecue en bordure de massif cet apr\u00e8s-midi ou que vous ferez tr\u00e8s attention si vous voulez couper un m\u00e9tal avec une disqueuse \u00e0 proximit\u00e9 d\u2019un massif forestier. Plus de 90% des incendies sont d\u2019origine humaine. Cette mobilisation de chacun est indispensable. Et c\u2019est pour \u00e7a que, m\u00eame si on le r\u00e9p\u00e8te sans cesse, il va falloir aussi vraiment mobiliser les gens. Au bout du bout, il y a des vies et il y en a trois qui sont tomb\u00e9es, c\u2019est d\u00e9j\u00e0 trois de trop.<\/p>\n<p><b>Alors que les incendies sont <br \/>de plus en plus pr\u00e9coces <br \/>et intenses, pensez-vous qu\u2019il faille revoir votre doctrine, l\u2019attaque massive des feux naissants<\/b><b>\u00a0<\/b><b>?<\/b><b><\/b><\/p>\n<p>J.-L.B.\u00a0: Je pense que les grands principes de notre strat\u00e9gie nationale sont toujours bons. M\u00eame si dans leur mise en \u0153uvre, il y aura toujours de l\u2019am\u00e9lioration continue. L\u2019\u00e9volution majeure est \u00e0 avoir dans nos r\u00e9flexions autour de l\u2019am\u00e9nagement du territoire. Il faut absolument qu\u2019on r\u00e9fl\u00e9chisse au cloisonnement de nos massifs, \u00e0 l\u2019am\u00e9nagement agricole et aux coupures vertes, \u00e0 r\u00e9investir les espaces qui peuvent \u00eatre en friche, \u00e0 travailler sur des ceintures peut-\u00eatre vertes autour d\u2019un certain nombre de villages, dans certaines configurations. L\u2019am\u00e9nagement DFCI pour \u00ab\u00a0D\u00e9fense de la for\u00eat contre l\u2019incendie\u00a0\u00bb, est capital pour acc\u00e9der \u00e9galement aux massifs. Et puis il y a les obligations l\u00e9gales de d\u00e9broussaillement. Il faudra, quoi qu\u2019il en soit, passer un cap. Parce qu\u2019on a encore trop de situations o\u00f9 la lutte et la d\u00e9fense des points sensibles sont rendues extr\u00eamement compliqu\u00e9e, voire dangereuse, parce que l\u2019habitation ou les acc\u00e8s ne sont pas d\u00e9broussaill\u00e9s, parce qu\u2019il n\u2019y a pas d\u2019eau disponible et parce qu\u2019on a de la voirie, parfois, qui ne nous permet m\u00eame pas d\u2019acc\u00e9der avec nos v\u00e9hicules sur des lieux habit\u00e9s. L\u2019enjeu imm\u00e9diat est probablement d\u2019intervenir de mani\u00e8re plus cons\u00e9quente et plus forte pour arriver \u00e0 am\u00e9liorer la \u00ab\u00a0d\u00e9fendabilit\u00e9\u00a0\u00bb des zones d\u2019interface entre habitat et for\u00eat. Une oliveraie, une vigne entretenue, ou l\u2019agro-pastoralisme qui existaient quand nous avons investi notre espace rural ou p\u00e9ri-rural et qui, petit \u00e0 petit, ont perdu du terrain, peuvent aussi r\u00e9ellement \u00eatre de nouveaux outils.<\/p>\n<\/p><\/div>\n","protected":false},"excerpt":{"rendered":"La&nbsp;Marseillaise&nbsp;: Le risque incendie &eacute;tait estim&eacute; s&eacute;v&egrave;re ce jeudi 23&nbsp;juillet, comment appr&eacute;hendez-vous cette nouvelle alerte&nbsp;?","protected":false},"author":1,"featured_media":37280,"comment_status":"open","ping_status":"open","sticky":false,"template":"","format":"standard","meta":{"footnotes":""},"categories":[3926,3925,20],"tags":[2311,10,193,925,343,1673,4015,6049,418,2486,319,1396,5946,16,2500,134,4261,178,522,1211,1674,1397,137,1183,2016],"news-destination":[3944],"news-source":[475],"is_homepage":[],"ta_other":[],"class_list":["post-37279","post","type-post","status-publish","format-standard","has-post-thumbnail","hentry","category-accueil-merge","category-accueil-third","category-societe","tag-agricole","tag-bouches-du-rhone","tag-conseil-departemental","tag-deces","tag-entretien","tag-feux","tag-feux-de-foret","tag-forestiers-sapeurs","tag-foret","tag-humain","tag-incendie","tag-incendies","tag-jean-luc-beccari","tag-marseille","tag-massifs","tag-mobilisation","tag-pastoralisme","tag-population","tag-proximite","tag-saison","tag-sapeurs-pompiers","tag-secheresse","tag-territoire","tag-vehicules","tag-voirie","news-destination-homepage","news-source-website"],"_links":{"self":[{"href":"https:\/\/euapp01.newsmemory.com\/lamarseillaise\/news\/wp-json\/wp\/v2\/posts\/37279","targetHints":{"allow":["GET"]}}],"collection":[{"href":"https:\/\/euapp01.newsmemory.com\/lamarseillaise\/news\/wp-json\/wp\/v2\/posts"}],"about":[{"href":"https:\/\/euapp01.newsmemory.com\/lamarseillaise\/news\/wp-json\/wp\/v2\/types\/post"}],"author":[{"embeddable":true,"href":"https:\/\/euapp01.newsmemory.com\/lamarseillaise\/news\/wp-json\/wp\/v2\/users\/1"}],"replies":[{"embeddable":true,"href":"https:\/\/euapp01.newsmemory.com\/lamarseillaise\/news\/wp-json\/wp\/v2\/comments?post=37279"}],"version-history":[{"count":2,"href":"https:\/\/euapp01.newsmemory.com\/lamarseillaise\/news\/wp-json\/wp\/v2\/posts\/37279\/revisions"}],"predecessor-version":[{"id":37384,"href":"https:\/\/euapp01.newsmemory.com\/lamarseillaise\/news\/wp-json\/wp\/v2\/posts\/37279\/revisions\/37384"}],"wp:featuredmedia":[{"embeddable":true,"href":"https:\/\/euapp01.newsmemory.com\/lamarseillaise\/news\/wp-json\/wp\/v2\/media\/37280"}],"wp:attachment":[{"href":"https:\/\/euapp01.newsmemory.com\/lamarseillaise\/news\/wp-json\/wp\/v2\/media?parent=37279"}],"wp:term":[{"taxonomy":"category","embeddable":true,"href":"https:\/\/euapp01.newsmemory.com\/lamarseillaise\/news\/wp-json\/wp\/v2\/categories?post=37279"},{"taxonomy":"post_tag","embeddable":true,"href":"https:\/\/euapp01.newsmemory.com\/lamarseillaise\/news\/wp-json\/wp\/v2\/tags?post=37279"},{"taxonomy":"news-destination","embeddable":true,"href":"https:\/\/euapp01.newsmemory.com\/lamarseillaise\/news\/wp-json\/wp\/v2\/news-destination?post=37279"},{"taxonomy":"news-source","embeddable":true,"href":"https:\/\/euapp01.newsmemory.com\/lamarseillaise\/news\/wp-json\/wp\/v2\/news-source?post=37279"},{"taxonomy":"is_homepage","embeddable":true,"href":"https:\/\/euapp01.newsmemory.com\/lamarseillaise\/news\/wp-json\/wp\/v2\/is_homepage?post=37279"},{"taxonomy":"ta_other","embeddable":true,"href":"https:\/\/euapp01.newsmemory.com\/lamarseillaise\/news\/wp-json\/wp\/v2\/ta_other?post=37279"}],"curies":[{"name":"wp","href":"https:\/\/api.w.org\/{rel}","templated":true}]}}