{"id":37276,"date":"2026-07-24T07:00:00","date_gmt":"2026-07-24T05:00:00","guid":{"rendered":"https:\/\/euapp01.newsmemory.com\/lamarseillaise\/news\/?p=37276"},"modified":"2026-07-26T11:18:01","modified_gmt":"2026-07-26T09:18:01","slug":"richard-carapaz-le-plus-fort-dans-les-hautes-alpes","status":"publish","type":"post","link":"https:\/\/euapp01.newsmemory.com\/lamarseillaise\/news\/2026\/07\/24\/richard-carapaz-le-plus-fort-dans-les-hautes-alpes\/","title":{"rendered":"[Tour de France] Richard Carapaz le plus fort dans les Hautes-Alpes"},"content":{"rendered":"<div class=\"paragraph\">\n<p>Un maillot de leader a failli changer d\u2019\u00e9paules apr\u00e8s l\u2019arriv\u00e9e \u00e0 Orci\u00e8res- Merlette.<\/p>\n<p>Ce n\u2019est pas le jaune, qui reste solidement sur celles de Tadej Pogacar. Mais apr\u00e8s l\u2019avoir virtuellement c\u00e9d\u00e9 d\u00e9finitivement au sommet d\u2019Orci\u00e8res-Merlette, le Slov\u00e8ne l\u2019a finalement conserv\u00e9, b\u00e9n\u00e9ficiant d\u2019une d\u00e9faillance de Valentin Paret-Peintre dans les deux derniers kilom\u00e8tres.<\/p>\n<p>Le Fran\u00e7ais \u00e9tait parti chasser les points, apr\u00e8s avoir pris le bon wagon en suivant Richard Carapaz. L\u2019\u00c9quatorien \u00e9tait le mieux class\u00e9 des six qui ont attaqu\u00e9. Mais sa douzi\u00e8me place, \u00e0 plus de 25\u00a0minutes du maillot jaune, ne constituait pas un grand danger pour Tadej Pogacar.<\/p>\n<\/p><\/div>\n<div class=\"intext\"> La chasse aux pois rouges\n              <\/div>\n<div class=\"paragraph\">\n<p>Accompagn\u00e9 des coureurs du top 10, le champion du Monde a g\u00e9r\u00e9 sa course, gardant un \u0153il sur Remco Evenepoel, son dauphin, et second\u00e9 par Isaak del Toro, \u00e0 la lutte avec Paul Seixas pour le maillot blanc et la troisi\u00e8me place sur le podium.<\/p>\n<p>Entre la t\u00eate de course et les leaders, deux autres groupes s\u2019\u00e9taient intercal\u00e9s. Celui d\u2019Egan Bernal restait en embuscade, ses sept membres, dont le local Nicolas Breuillard, naviguait \u00e0 une minute trente derri\u00e8re. Alors que le groupe du maillot vert Mads Pedersen pointait \u00e0 plus de quatre.<\/p>\n<p>Devant Valentin Paret-Peintre continuait sa chasse aux points. Comptant sur les deux derniers cols du jour et les douze points \u00e0 aller chercher, notamment la mont\u00e9e d\u2019Orci\u00e8res-Merlette class\u00e9e premi\u00e8re cat\u00e9gorie, pour combler ses sept unit\u00e9s de retard sur Tadej Pogacar.<\/p>\n<p>Dans la c\u00f4te de Saint-L\u00e9ger-les-M\u00e9l\u00e8zes, Brandon McNulty mettait pied \u00e0 terre. Le lieutenant de Tadej Pogacar ne s\u2019\u00e9tait pas remis de son accident dans le contre-la-montre de mardi. Class\u00e9e en troisi\u00e8me cat\u00e9gorie, cette difficult\u00e9 voyait le groupe maillot jaune acc\u00e9l\u00e9rer et grignoter un peu de son retard, revenant sur celui du maillot vert. Tout comme les groupes interm\u00e9diaires pouvaient esp\u00e9rer revenir se m\u00ealer \u00e0 la lutte pour la victoire.<\/p>\n<p>Au sommet de Saint-L\u00e9ger-les-M\u00e9l\u00e8zes, Valentin Paret-Peintre passait encore le premier. Le maillot \u00e0 pois \u00e9tait \u00e0 port\u00e9e de main. Il lui fallait r\u00e9sister encore 19 kilom\u00e8tres et terminer sur le podium pour cela. Le Fran\u00e7ais et ses comp\u00e8res d\u2019\u00e9chapp\u00e9e avaient encore cinq minutes d\u2019avance \u00e0 l\u2019attaque de la mont\u00e9e d\u2019Orci\u00e8res-Merlette. Alors que le peloton avalait Mads Pedersen et ses compagnons.<\/p>\n<p>\u00c0 quatre kilom\u00e8tres de la ligne Valentin Paret-Peintre et Richard Carapaz lan\u00e7aient l\u2019attaque finale. L\u2019Equatorien en gardait sous la p\u00e9dale pour une nouvelle acc\u00e9l\u00e9ration, \u00e0 trois kilom\u00e8tres d\u2019Orci\u00e8res-Merlette, alors que Valetin Paret-Peintre montrait des signes de fatigue.<\/p>\n<p>Richard Carapaz passe sous la flamme rouge du dernier kilom\u00e8tre avec trente-six secondes d\u2019avance. Avant de franchir en solitaire la ligne. Valentin Paret-Peintre, apr\u00e8s avoir tout donn\u00e9, termine quatri\u00e8me, et laisse la t\u00eate du classement de la Montagne \u00e0 Tadej Pogacar pour un point.<\/p>\n<\/p><\/div>\n<div class=\"paragraph\">\n<p><b>La Grande boucle revient \u00e0 l\u2019Alpe d\u2019Huez<\/b><\/p>\n<p>Les rescap\u00e9s s\u2019\u00e9lanceront de Gap pour rejoindre, apr\u00e8s 127,9 kilom\u00e8tres de haute montagne, une arriv\u00e9e mythique.<\/p>\n<p>Les derniers 13,8 kilom\u00e8tres de la 19e \u00e9tape seront sur la fameuse route d\u00e9partementale 211, c\u00e9l\u00e8bre pour ses 21 lacets et une mont\u00e9e \u00e0 7,9% de moyenne. Les fans auront reconnu la c\u00f4te finale menant \u00e0 l\u2019Alpe d\u2019Huez.<\/p>\n<p>Depuis 2022, le peloton n\u2019y \u00e9tait pas revenu. Mais pour cette \u00e9dition, les coureurs auront droit \u00e0 deux arriv\u00e9es. Fausto Coppi fut le premier \u00e0 s\u2019y imposer. Tout comme Joop Zoetemelk, Bernard Hinault ou encore Lucho Herrera.<\/p>\n<p>Tadej Pogacar sait ce qu\u2019il lui faut faire pour les rejoindre dans la l\u00e9gende du site.<\/p>\n<\/p><\/div>\n","protected":false},"excerpt":{"rendered":"Un maillot de leader a failli changer d&rsquo;&eacute;paules apr&egrave;s l&rsquo;arriv&eacute;e &agrave; Orci&egrave;res- Merlette.","protected":false},"author":1,"featured_media":37277,"comment_status":"open","ping_status":"open","sticky":false,"template":"","format":"standard","meta":{"footnotes":""},"categories":[3926,3925,7],"tags":[4768,1144,3253],"news-destination":[3944],"news-source":[475],"is_homepage":[],"ta_other":[],"class_list":["post-37276","post","type-post","status-publish","format-standard","has-post-thumbnail","hentry","category-accueil-merge","category-accueil-third","category-sports","tag-alpes","tag-cyclisme","tag-tour-de-france","news-destination-homepage","news-source-website"],"_links":{"self":[{"href":"https:\/\/euapp01.newsmemory.com\/lamarseillaise\/news\/wp-json\/wp\/v2\/posts\/37276","targetHints":{"allow":["GET"]}}],"collection":[{"href":"https:\/\/euapp01.newsmemory.com\/lamarseillaise\/news\/wp-json\/wp\/v2\/posts"}],"about":[{"href":"https:\/\/euapp01.newsmemory.com\/lamarseillaise\/news\/wp-json\/wp\/v2\/types\/post"}],"author":[{"embeddable":true,"href":"https:\/\/euapp01.newsmemory.com\/lamarseillaise\/news\/wp-json\/wp\/v2\/users\/1"}],"replies":[{"embeddable":true,"href":"https:\/\/euapp01.newsmemory.com\/lamarseillaise\/news\/wp-json\/wp\/v2\/comments?post=37276"}],"version-history":[{"count":2,"href":"https:\/\/euapp01.newsmemory.com\/lamarseillaise\/news\/wp-json\/wp\/v2\/posts\/37276\/revisions"}],"predecessor-version":[{"id":37424,"href":"https:\/\/euapp01.newsmemory.com\/lamarseillaise\/news\/wp-json\/wp\/v2\/posts\/37276\/revisions\/37424"}],"wp:featuredmedia":[{"embeddable":true,"href":"https:\/\/euapp01.newsmemory.com\/lamarseillaise\/news\/wp-json\/wp\/v2\/media\/37277"}],"wp:attachment":[{"href":"https:\/\/euapp01.newsmemory.com\/lamarseillaise\/news\/wp-json\/wp\/v2\/media?parent=37276"}],"wp:term":[{"taxonomy":"category","embeddable":true,"href":"https:\/\/euapp01.newsmemory.com\/lamarseillaise\/news\/wp-json\/wp\/v2\/categories?post=37276"},{"taxonomy":"post_tag","embeddable":true,"href":"https:\/\/euapp01.newsmemory.com\/lamarseillaise\/news\/wp-json\/wp\/v2\/tags?post=37276"},{"taxonomy":"news-destination","embeddable":true,"href":"https:\/\/euapp01.newsmemory.com\/lamarseillaise\/news\/wp-json\/wp\/v2\/news-destination?post=37276"},{"taxonomy":"news-source","embeddable":true,"href":"https:\/\/euapp01.newsmemory.com\/lamarseillaise\/news\/wp-json\/wp\/v2\/news-source?post=37276"},{"taxonomy":"is_homepage","embeddable":true,"href":"https:\/\/euapp01.newsmemory.com\/lamarseillaise\/news\/wp-json\/wp\/v2\/is_homepage?post=37276"},{"taxonomy":"ta_other","embeddable":true,"href":"https:\/\/euapp01.newsmemory.com\/lamarseillaise\/news\/wp-json\/wp\/v2\/ta_other?post=37276"}],"curies":[{"name":"wp","href":"https:\/\/api.w.org\/{rel}","templated":true}]}}