{"id":37273,"date":"2026-07-24T06:40:00","date_gmt":"2026-07-24T04:40:00","guid":{"rendered":"https:\/\/euapp01.newsmemory.com\/lamarseillaise\/news\/?p=37273"},"modified":"2026-07-24T10:06:26","modified_gmt":"2026-07-24T08:06:26","slug":"la-culture-ne-veut-pas-finir-k-o-debout","status":"publish","type":"post","link":"https:\/\/euapp01.newsmemory.com\/lamarseillaise\/news\/2026\/07\/24\/la-culture-ne-veut-pas-finir-k-o-debout\/","title":{"rendered":"La culture ne veut pas finir K.O debout"},"content":{"rendered":"<div class=\"paragraph\">\n<p>Vitrine du spectacle vivant, le festival Off d\u2019Avignon illustre tout \u00e0 la fois la vitalit\u00e9 des artistes, des techniciens et le profond malaise de ces travailleurs de la culture. Au-del\u00e0 des chiffres, toujours vertigineux (141\u00a0th\u00e9\u00e2tres, 1\u00a0812\u00a0spectacles pr\u00e9sent\u00e9s en trois semaines), le Off est aussi \u00e0 l\u2019image d\u2019un monde de la culture travers\u00e9 par une mise en concurrence cruelle.<br \/>\u00c0 ce titre, le th\u00e9\u00e2tre est aussi pris dans les rets<br \/>de la soci\u00e9t\u00e9 d\u2019ultraconsommation. Les publics sont tellement sollicit\u00e9s que la tentation d\u2019opter pour des t\u00eates d\u2019affiche, laisse souvent en marge les artistes \u00e9mergents, c\u2019est-\u00e0-dire l\u2019avenir. La pr\u00e9carit\u00e9 grandissante, les difficult\u00e9s accrues alimentent un march\u00e9<br \/>du divertissement au d\u00e9triment de la vis\u00e9e \u00e9mancipatrice du th\u00e9\u00e2tre et des interrogations n\u00e9cessaires sur notre monde.<\/p>\n<p><b>R\u00e9sister \u00e0 l\u2019\u00e9conomie de guerre<\/b><\/p>\n<p>Les mobilisations des travailleurs du spectacle vivant durant les festivals et programm\u00e9es \u00e0 partir de 21\u00a0septembre ne sont pas corporatistes mais portent une vision de la fonction de la culture. Exiger comme le fait la CGT\u00a0Spectacle que le budget de la culture atteigne 1\u00a0% du budget de la nation c\u2019est r\u00e9sister \u00e0 la marche forc\u00e9e et exclusive vers une \u00e9conomie de guerre o\u00f9 au nom de la d\u00e9fense de la d\u00e9mocratie et de la libert\u00e9, sont sap\u00e9s les piliers de la d\u00e9mocratie et de la libert\u00e9\u00a0: sant\u00e9, \u00e9ducation, culture&#8230;<\/p>\n<p>Hisser tous les budgets culturels tant sur le plan national que dans les territoires est une n\u00e9cessit\u00e9 au moment o\u00f9 les partis d\u2019extr\u00eame droite m\u00e8nent en Europe et au-del\u00e0 une guerre culturelle aussi violente que dangereuse.<\/p>\n<\/p><\/div>\n","protected":false},"excerpt":{"rendered":"Vitrine du spectacle vivant, le festival Off d&rsquo;Avignon illustre tout &agrave; la fois la vitalit&eacute; des artistes, des techniciens et le profond malaise de ces travailleurs de la culture. Au-del&agrave; des chiffres, toujours vertigineux &#8230;","protected":false},"author":1,"featured_media":37274,"comment_status":"open","ping_status":"open","sticky":false,"template":"","format":"standard","meta":{"footnotes":""},"categories":[332],"tags":[174,430,822,35,1372,6150,186,1241,171],"news-destination":[],"news-source":[475],"is_homepage":[],"ta_other":[],"class_list":["post-37273","post","type-post","status-publish","format-standard","has-post-thumbnail","hentry","category-edito","tag-avignon","tag-budget","tag-coupes-budgetaires","tag-culture","tag-editoriaux","tag-festival-davignon","tag-festival-davignon-off","tag-theatre","tag-vaucluse","news-source-website"],"_links":{"self":[{"href":"https:\/\/euapp01.newsmemory.com\/lamarseillaise\/news\/wp-json\/wp\/v2\/posts\/37273","targetHints":{"allow":["GET"]}}],"collection":[{"href":"https:\/\/euapp01.newsmemory.com\/lamarseillaise\/news\/wp-json\/wp\/v2\/posts"}],"about":[{"href":"https:\/\/euapp01.newsmemory.com\/lamarseillaise\/news\/wp-json\/wp\/v2\/types\/post"}],"author":[{"embeddable":true,"href":"https:\/\/euapp01.newsmemory.com\/lamarseillaise\/news\/wp-json\/wp\/v2\/users\/1"}],"replies":[{"embeddable":true,"href":"https:\/\/euapp01.newsmemory.com\/lamarseillaise\/news\/wp-json\/wp\/v2\/comments?post=37273"}],"version-history":[{"count":1,"href":"https:\/\/euapp01.newsmemory.com\/lamarseillaise\/news\/wp-json\/wp\/v2\/posts\/37273\/revisions"}],"predecessor-version":[{"id":37275,"href":"https:\/\/euapp01.newsmemory.com\/lamarseillaise\/news\/wp-json\/wp\/v2\/posts\/37273\/revisions\/37275"}],"wp:featuredmedia":[{"embeddable":true,"href":"https:\/\/euapp01.newsmemory.com\/lamarseillaise\/news\/wp-json\/wp\/v2\/media\/37274"}],"wp:attachment":[{"href":"https:\/\/euapp01.newsmemory.com\/lamarseillaise\/news\/wp-json\/wp\/v2\/media?parent=37273"}],"wp:term":[{"taxonomy":"category","embeddable":true,"href":"https:\/\/euapp01.newsmemory.com\/lamarseillaise\/news\/wp-json\/wp\/v2\/categories?post=37273"},{"taxonomy":"post_tag","embeddable":true,"href":"https:\/\/euapp01.newsmemory.com\/lamarseillaise\/news\/wp-json\/wp\/v2\/tags?post=37273"},{"taxonomy":"news-destination","embeddable":true,"href":"https:\/\/euapp01.newsmemory.com\/lamarseillaise\/news\/wp-json\/wp\/v2\/news-destination?post=37273"},{"taxonomy":"news-source","embeddable":true,"href":"https:\/\/euapp01.newsmemory.com\/lamarseillaise\/news\/wp-json\/wp\/v2\/news-source?post=37273"},{"taxonomy":"is_homepage","embeddable":true,"href":"https:\/\/euapp01.newsmemory.com\/lamarseillaise\/news\/wp-json\/wp\/v2\/is_homepage?post=37273"},{"taxonomy":"ta_other","embeddable":true,"href":"https:\/\/euapp01.newsmemory.com\/lamarseillaise\/news\/wp-json\/wp\/v2\/ta_other?post=37273"}],"curies":[{"name":"wp","href":"https:\/\/api.w.org\/{rel}","templated":true}]}}