{"id":37270,"date":"2026-07-24T06:50:00","date_gmt":"2026-07-24T04:50:00","guid":{"rendered":"https:\/\/euapp01.newsmemory.com\/lamarseillaise\/news\/?p=37270"},"modified":"2026-07-30T07:05:20","modified_gmt":"2026-07-30T05:05:20","slug":"le-off-davignon-entre-precarite-et-succes","status":"publish","type":"post","link":"https:\/\/euapp01.newsmemory.com\/lamarseillaise\/news\/2026\/07\/24\/le-off-davignon-entre-precarite-et-succes\/","title":{"rendered":"Le Off d\u2019Avignon, entre pr\u00e9carit\u00e9 et succ\u00e8s"},"content":{"rendered":"<div class=\"paragraph\">\n<p>Le Festival d\u2019Avignon, In et Off, se termine ce samedi 25\u00a0juillet apr\u00e8s trois semaines intenses sur les planches, entre les remparts (et un peu au-del\u00e0) de la Cit\u00e9 des Papes. Ce jeudi 23\u00a0juillet, l\u2019association Avignon Festival &#038; Compagnies (AF&#038;C) a indiqu\u00e9 que, selon ses estimations, environ 54\u00a0% des places mises en vente par les 141\u00a0th\u00e9\u00e2tres avaient \u00e9t\u00e9 vendues. Ces salles ont r\u00e9alis\u00e9 27\u00a0000\u00a0levers de rideau de 1\u00a0812\u00a0spectacles.<\/p>\n<p>Des \u00ab\u00a0<i>chiffres stables<\/i>\u00a0\u00bb, ont estim\u00e9, lors d\u2019une conf\u00e9rence de presse, les dirigeants de la structure qui g\u00e8re et organise l\u2019\u00e9v\u00e9nement. C\u2019est en effet la premi\u00e8re fois, depuis sa cr\u00e9ation, qu\u2019ils parviennent \u00e0 disposer d\u2019un chiffre plus pr\u00e9cis de la situation. \u00ab\u00a0<i>Il n\u2019y a pas de billetterie centralis\u00e9e, donc c\u2019est compliqu\u00e9 d\u2019avoir les donn\u00e9es exactes. Mais cette ann\u00e9e, oui, gr\u00e2ce aux remont\u00e9es des diff\u00e9rents prestataires<\/i>\u00a0\u00bb, d\u00e9taille Harold David, directeur d\u00e9l\u00e9gu\u00e9 de l\u2019AF&#038;C. Les chiffres recueillis repr\u00e9sentent 52\u00a0% de la billetterie totale au 21\u00a0juillet, soit 1\u00a0371\u00a0000\u00a0billets sur 2\u00a0600\u00a0000. Ce qui est \u00ab\u00a0<i>assez repr\u00e9sentatif, car il y a une grosse vari\u00e9t\u00e9 et \u00e7a va du plus grand, la Scala, au plus petit, le Chapeau Rouge<\/i>\u00a0\u00bb, estime le directeur d\u00e9l\u00e9gu\u00e9. Avec des calculs suppl\u00e9mentaires, il est aussi estim\u00e9 que la billetterie repr\u00e9sente 22\u00a0millions d\u2019euros de chiffre d\u2019affaires.<\/p>\n<\/p><\/div>\n<div class=\"intext\"> Vision du futur\n              <\/div>\n<div class=\"paragraph\">\n<p>Un peu plus de la moiti\u00e9 du taux de remplissage donc. Si, de l\u2019ext\u00e9rieur, les rues pleines, les tractages \u00e0 la pelle par des compagnies d\u00e9guis\u00e9es, souriantes, et les multiples spectacles de rue animent joyeusement les rues d\u2019Avignon, le bilan est cependant presque syst\u00e9matiquement sal\u00e9 pour les compagnies. \u00ab\u00a0<i>M\u00eame si c\u2019est tout le temps complet, c\u2019est dur d\u2019\u00eatre \u00e0 l\u2019\u00e9quilibre \u00e9conomiquement. 54<\/i><i>\u00a0<\/i><i>%, ce n\u2019est pas satisfaisant<\/i>\u00a0\u00bb, confirme Harold David, qui a lui-m\u00eame \u00e9t\u00e9 com\u00e9dien et patron de th\u00e9\u00e2tres. \u00ab\u00a0<i>Avignon, c\u2019est stricto sensu d\u00e9ficitaire. Parce que c\u2019est bas\u00e9 sur l\u2019espoir que l\u2019on va \u00eatre programm\u00e9 plus tard dans d\u2019autres th\u00e9\u00e2tres et se refaire, en quelque sorte<\/i><i>\u00a0<\/i>\u00bb, ajoute Laurent Domingos, copr\u00e9sident de l\u2019AF&#038;C.<\/p>\n<p>En fin de conf\u00e9rence de presse, plusieurs compagnies ont \u00e9galement tenu \u00e0 t\u00e9moigner. David Nathanson, des Ailes de Clarence, estime que les \u00ab\u00a0<i>chiffres ne disent pas grand-chose de la suite des diffusions des spectacles<\/i>\u00a0\u00bb et que les \u00ab\u00a0<i>compagnies ne se payent pas \u00e0 Avignon<\/i>\u00a0\u00bb.<\/p>\n<p>Une r\u00e9flexion sur l\u2019avenir est ainsi n\u00e9cessaire. Car les budgets ne cessent de diminuer, tout comme les subventions vers\u00e9es par les collectivit\u00e9s. Selon l\u2019AF&#038;C, 80\u00a0% des compagnies ne percevaient aucune subvention en 2026, contre 78\u00a0% en 2025. \u00ab\u00a0<i>On est \u00e0 la crois\u00e9e des chemins. Il faut se rendre compte de la gravit\u00e9 de la situation. Moins d\u2019aides, c\u2019est aussi moins de programmateurs. Ce qui veut dire moins de th\u00e9\u00e2tres et moins de compagnies. Et, \u00e0 terme, plus de Off si on se projette dans 5, 10 ou 15<\/i><i>\u00a0<\/i><i>ans<\/i><i>\u00a0<\/i>\u00bb, alerte Raymond Yana, autre copr\u00e9sident de l\u2019AF&#038;C. L\u2019organisation rappelle qu\u2019elle a adress\u00e9 une lettre ouverte aux candidats \u00e0 la pr\u00e9sidentielle et que huit d\u2019entre eux, surtout des personnalit\u00e9s de gauche, se sont rendus \u00e0 Avignon pour \u00e9changer sur la question de la place de la culture dans leur programme. \u00ab<i>\u00a0<\/i><i>Il faut interpeller ceux qui font les lois, car on d\u00e9pend d\u2019eux malgr\u00e9 tout<\/i>\u00a0\u00bb, glisse Raymond Yana.<\/p>\n<\/p><\/div>\n<div class=\"intext\"> Pistes d\u2019am\u00e9lioration\n              <\/div>\n<div class=\"paragraph\">\n<p>D\u2019autres pistes d\u2019am\u00e9lioration ont \u00e9t\u00e9 \u00e9voqu\u00e9es, notamment concernant l\u2019accueil et les transports, tant pour les spectateurs que pour les compagnies et leurs \u00e9quipes. \u00ab\u00a0<i>Mon spectacle se tient \u00e0 21h. Mais pour rentrer \u00e0 N\u00eemes, par exemple, les derniers trains sont dans ces eaux-l\u00e0 et \u00e7a me fait perdre des ventes<\/i>\u00a0\u00bb, glisse un festivalier au micro. D\u2019autant que 41\u00a0% du public provient du quart sud-est de la France. Un travail est en cours avec le Grand Avignon, notamment sur les transports en commun pour se rendre dans les villes environnantes. \u00ab<i>\u00a0<\/i><i>Les habitants des villages d\u2019\u00e0 c\u00f4t\u00e9 aimeraient bien pouvoir louer leurs apparts ou leurs maisons. Mais il n\u2019y a souvent pas de transports. Parfois, il y en a m\u00eame moins que le reste de l\u2019ann\u00e9e puisque l\u2019on est en horaires d\u2019\u00e9t\u00e9<\/i><i>\u00a0<\/i>\u00bb, pointe Laurent Domingos. Il reste un peu moins d\u2019une ann\u00e9e pour r\u00e9fl\u00e9chir \u00e0 ces enjeux. Avec, entre-temps, une \u00e9lection qui risque de tout chambouler.<\/p>\n<\/p><\/div>\n<div class=\"paragraph\">\n<p><b>REP\u00c8RES<\/b><\/p>\n<p><b>54 %<\/b><\/p>\n<p>de taux de remplissage estim\u00e9 dans les salles de th\u00e9\u00e2tre du Off.<\/p>\n<p><b>1 400 000<\/b><\/p>\n<p>billets vendus, d\u2019apr\u00e8s ces m\u00eames estimations.<\/p>\n<p><b>27 000<\/b><\/p>\n<p>levers de rideau pendant les trois semaines de l\u2019\u00e9v\u00e9nement.<\/p>\n<p><b>22 000 000<\/b><\/p>\n<p>d\u2019euros de chiffre d\u2019affaires ont \u00e9t\u00e9 g\u00e9n\u00e9r\u00e9s gr\u00e2ce \u00e0 la seule vente de billets.<\/p>\n<\/p><\/div>\n","protected":false},"excerpt":{"rendered":"Le Festival d&rsquo;Avignon, In et Off, se termine ce samedi 25&nbsp;juillet apr&egrave;s trois semaines intenses sur les planches, entre les remparts (et un peu au-del&agrave;) de la Cit&eacute; des Papes. Ce jeudi 23&nbsp;juillet, &#8230;","protected":false},"author":1,"featured_media":37271,"comment_status":"open","ping_status":"open","sticky":false,"template":"","format":"standard","meta":{"footnotes":""},"categories":[3926,3925,32,330],"tags":[174,208,5820,1122,35,329,186,187,677,38,529,916,171],"news-destination":[3944],"news-source":[475],"is_homepage":[],"ta_other":[],"class_list":["post-37270","post","type-post","status-publish","format-standard","has-post-thumbnail","hentry","category-accueil-merge","category-accueil-third","category-culture","category-politique","tag-avignon","tag-collectivites","tag-conference-de-presse","tag-creation","tag-culture","tag-festival","tag-festival-davignon-off","tag-frequentation","tag-presidentielle","tag-programme","tag-spectacle","tag-subventions","tag-vaucluse","news-destination-homepage","news-source-website"],"_links":{"self":[{"href":"https:\/\/euapp01.newsmemory.com\/lamarseillaise\/news\/wp-json\/wp\/v2\/posts\/37270","targetHints":{"allow":["GET"]}}],"collection":[{"href":"https:\/\/euapp01.newsmemory.com\/lamarseillaise\/news\/wp-json\/wp\/v2\/posts"}],"about":[{"href":"https:\/\/euapp01.newsmemory.com\/lamarseillaise\/news\/wp-json\/wp\/v2\/types\/post"}],"author":[{"embeddable":true,"href":"https:\/\/euapp01.newsmemory.com\/lamarseillaise\/news\/wp-json\/wp\/v2\/users\/1"}],"replies":[{"embeddable":true,"href":"https:\/\/euapp01.newsmemory.com\/lamarseillaise\/news\/wp-json\/wp\/v2\/comments?post=37270"}],"version-history":[{"count":1,"href":"https:\/\/euapp01.newsmemory.com\/lamarseillaise\/news\/wp-json\/wp\/v2\/posts\/37270\/revisions"}],"predecessor-version":[{"id":37272,"href":"https:\/\/euapp01.newsmemory.com\/lamarseillaise\/news\/wp-json\/wp\/v2\/posts\/37270\/revisions\/37272"}],"wp:featuredmedia":[{"embeddable":true,"href":"https:\/\/euapp01.newsmemory.com\/lamarseillaise\/news\/wp-json\/wp\/v2\/media\/37271"}],"wp:attachment":[{"href":"https:\/\/euapp01.newsmemory.com\/lamarseillaise\/news\/wp-json\/wp\/v2\/media?parent=37270"}],"wp:term":[{"taxonomy":"category","embeddable":true,"href":"https:\/\/euapp01.newsmemory.com\/lamarseillaise\/news\/wp-json\/wp\/v2\/categories?post=37270"},{"taxonomy":"post_tag","embeddable":true,"href":"https:\/\/euapp01.newsmemory.com\/lamarseillaise\/news\/wp-json\/wp\/v2\/tags?post=37270"},{"taxonomy":"news-destination","embeddable":true,"href":"https:\/\/euapp01.newsmemory.com\/lamarseillaise\/news\/wp-json\/wp\/v2\/news-destination?post=37270"},{"taxonomy":"news-source","embeddable":true,"href":"https:\/\/euapp01.newsmemory.com\/lamarseillaise\/news\/wp-json\/wp\/v2\/news-source?post=37270"},{"taxonomy":"is_homepage","embeddable":true,"href":"https:\/\/euapp01.newsmemory.com\/lamarseillaise\/news\/wp-json\/wp\/v2\/is_homepage?post=37270"},{"taxonomy":"ta_other","embeddable":true,"href":"https:\/\/euapp01.newsmemory.com\/lamarseillaise\/news\/wp-json\/wp\/v2\/ta_other?post=37270"}],"curies":[{"name":"wp","href":"https:\/\/api.w.org\/{rel}","templated":true}]}}