{"id":37267,"date":"2026-07-23T11:33:00","date_gmt":"2026-07-23T09:33:00","guid":{"rendered":"https:\/\/euapp01.newsmemory.com\/lamarseillaise\/news\/?p=37267"},"modified":"2026-07-24T11:58:36","modified_gmt":"2026-07-24T09:58:36","slug":"le-fort-signal-dalarmedes-combattants-du-feu","status":"publish","type":"post","link":"https:\/\/euapp01.newsmemory.com\/lamarseillaise\/news\/2026\/07\/23\/le-fort-signal-dalarmedes-combattants-du-feu\/","title":{"rendered":"Le fort signal d\u2019alarme des combattants du feu"},"content":{"rendered":"<div class=\"paragraph\">\n<p>Le ministre de l\u2019Int\u00e9rieur Laurent Nu\u00f1ez \u00e9tait attendu mercredi en Gironde pour rendre hommage aux deux soldats du feu qui ont p\u00e9ri en exer\u00e7ant leur mission. la profession sonne l\u2019alarme. Mardi, ces deux professionnels de 34\u00a0ans ont \u00e9t\u00e9 pi\u00e9g\u00e9s dans leur camion-citerne par un feu de pins \u00ab<i>\u00a0<\/i><i>tr\u00e8s virulent<\/i><i>\u00a0<\/i>\u00bb aux abords de l\u2019a\u00e9roport de Bordeaux-M\u00e9rignac, dans des circonstances qui restent \u00e0 pr\u00e9ciser.<\/p>\n<p>Avant le drame, lundi sur France Inter, le ministre de l\u2019Int\u00e9rieur avait assur\u00e9 que le pays avait \u00ab\u00a0<i>suffisamment de moyens<\/i><i>\u00a0<\/i>\u00bb<i> <\/i>pour lutter contre les incendies. Mais pour les syndicats de la profession, \u00ab\u00a0<i>dire que tout va bien n\u2019est pas une r\u00e9alit\u00e9<\/i>\u00a0\u00bb. Selon un document de la S\u00e9curit\u00e9 civile consult\u00e9 par l\u2019AFP, 8 des 12\u00a0Canadairs de la flotte \u00e9taient disponibles mardi soir, tout comme 7\u00a0Dash sur\u00a08, 2\u00a0Beechcraft sur\u00a03 et 4\u00a0h\u00e9licopt\u00e8res bombardiers d\u2019eau sur\u00a05. Au sol, au 1<sup>er<\/sup>\u00a0juillet, 541\u00a0nouveaux moteurs de secours avaient \u00e9t\u00e9 livr\u00e9s dans les Service d\u00e9partementaux d\u2019incendie et de secours (Sdis), dont 365\u00a0camions-citernes feux de for\u00eat, dans le cadre du renouvellement de la flotte engag\u00e9e depuis les brasiers de l\u2019\u00e9t\u00e9\u00a02022 dans le Sud-Ouest. Mais \u00ab\u00a0<i>la perte de 1<\/i><i>\u00a0<\/i><i>000<\/i><i>\u00a0<\/i><i>moteurs entre<\/i><i>\u00a0<\/i><i>2004 et<\/i><i>\u00a0<\/i><i>2020 n\u2019est pas compens\u00e9e par la commande de 2022<\/i>\u00a0\u00bb, estime S\u00e9bastien Delavoux (CGT).<\/p>\n<p>Pour Guillaume Millet (CFDT), ce sont surtout les moyens humains qui manquent. \u00ab\u00a0<i>Quand on envoie une colonne de renfort d\u2019une cinquantaine d\u2019hommes, il en faudrait 100 pour respecter les repos de s\u00e9curit\u00e9. Mais aujourd\u2019hui, on ne fait qu\u2019avec 50, donc les gens sont \u00e9puis\u00e9s.<\/i>\u00a0\u00bb<\/p>\n<\/p><\/div>\n<div class=\"intext\"> Des agents \u00ab\u00a0rinc\u00e9s\u00a0\u00bb\n              <\/div>\n<div class=\"paragraph\">\n<p>\u00ab\u00a0<i>La fatigue est un ennemi lors des feux de for\u00eat, par l\u2019intensit\u00e9 des missions et la dur\u00e9e des engagements<\/i>\u00a0\u00bb, ajoute S\u00e9bastien Delavoux. Les agents, \u00ab\u00a0<i>rinc\u00e9s<\/i>\u00a0\u00bb, peuvent conna\u00eetre \u00ab\u00a0<i>des pertes de lucidit\u00e9<\/i>\u00a0\u00bb, avec des risques d\u2019intoxication r\u00e9els, insiste-t-il. David Saquet, pr\u00e9sident de l\u2019Unsa Pompiers, explique aussi le \u00ab\u00a0<i>surengagement des personnels<\/i>\u00a0\u00bb par leur activit\u00e9 courante qui s\u2019ajoute aux feux. Les r\u00e9cents \u00e9pisodes caniculaires avaient d\u00e9j\u00e0 engendr\u00e9 une augmentation des interventions de secours. En France, le Secours et soins d\u2019urgence aux personnes (Ssuap) repr\u00e9sente 74\u00a0% \u00e0 80\u00a0% de l\u2019activit\u00e9 op\u00e9rationnelle totale des sapeurs-pompiers, soit plus de quatre millions de sorties d\u00e9di\u00e9es aux d\u00e9tresses m\u00e9dicales et aux accidents de la vie quotidienne. \u00ab\u00a0<i>La ressource n\u2019est pas intarissable et les corps sont mis \u00e0 rude \u00e9preuve, il y a de la fatigue physique, mentale<\/i>\u00a0\u00bb, souligne le syndicaliste.<i> <\/i>\u00ab\u00a0<i>On a des gardes de plusieurs jours, 24h sur 24, parce que les coll\u00e8gues sont en cong\u00e9s<\/i>\u00a0\u00bb et dans certains d\u00e9partements, des pompiers partis<i> <\/i>\u00ab\u00a0<i>en feu de for\u00eat pendant plus d\u2019une dizaine d\u2019heures revenus pour \u00eatre r\u00e9inject\u00e9s dans ces gardes. C\u2019est anormal<\/i>\u00a0\u00bb, affirme-t-il. M\u00eame constat pour Bruno M\u00e9nard, porte-parole national du syndicat des pompiers volontaires, qui repr\u00e9sentent 80\u00a0% des effectifs. Pour lui, \u00ab\u00a0<i>on arrive au bout d\u2019un syst\u00e8me qui va exploser<\/i>\u00a0\u00bb. \u00ab\u00a0<i>Certains sont lessiv\u00e9s, ils sont envoy\u00e9s en renfort d\u2019un d\u00e9partement \u00e0 l\u2019autre, dormant sur des lits picots entre les camions dans un hangar. Voire, entre deux interventions, repartent travailler chez leur employeur<\/i>\u00a0\u00bb<i>,<\/i> explique-t-il. Delphine Renaud, secr\u00e9taire g\u00e9n\u00e9rale CGT du Sdis de la Vienne, d\u00e9plore un \u00ab\u00a0<i>manque d\u2019anticipation<\/i>\u00a0\u00bb face \u00e0 l\u2019impact du changement climatique, alors que le risque de feu s\u2019accumule par l\u2019\u00e9tat de s\u00e9cheresse de la v\u00e9g\u00e9tation, cons\u00e9quence des canicules r\u00e9p\u00e9t\u00e9es. Lors de la premi\u00e8re quinzaine de juillet, 300\u00a0hectares ont br\u00fbl\u00e9 dans le d\u00e9partement voisin de la Haute-Vienne, o\u00f9 les pompiers sont intervenus \u00e0 115\u00a0reprises pour des incendies, du jamais-vu. \u00ab\u00a0<i>Ce qu\u2019on vit, c\u2019est juste le d\u00e9but de ce qui nous a \u00e9t\u00e9 annonc\u00e9<\/i>\u00a0\u00bb, s\u2019inqui\u00e8te le syndicaliste.<\/p>\n<p>Le 8\u00a0juillet, un sapeur-pompier volontaire de 22\u00a0ans avait d\u00e9j\u00e0 p\u00e9ri alors qu\u2019il luttait contre un feu en Savoie. Selon la F\u00e9d\u00e9ration nationale des sapeurs-pompiers, toutes interventions confondues, six pompiers sont morts en 2025 et huit, \u00e0 ce jour, en 2026.<\/p>\n<p>Plus de 42\u00a0000\u00a0hectares ont br\u00fbl\u00e9 en France entre janvier et mi-juillet, d\u00e9passant le pr\u00e9c\u00e9dent record de 2022, selon les donn\u00e9es satellites du syst\u00e8me europ\u00e9en Effis. <a href=\"https:\/\/www.lamarseillaise.fr\/societe\/l-incendie-de-ponteves-n-a-pu-etre-fixe-mercredi-journee-critique-en-perspective-PF20525390\">Dans le Var, les sapeurs-pompiers luttaient mercredi contre un incendie qui a d\u00e9j\u00e0 parcouru plus de 2\u00a0<\/a><a href=\"https:\/\/www.lamarseillaise.fr\/societe\/l-incendie-de-ponteves-n-a-pu-etre-fixe-mercredi-journee-critique-en-perspective-PF20525390\">500\u00a0<\/a><a href=\"https:\/\/www.lamarseillaise.fr\/societe\/l-incendie-de-ponteves-n-a-pu-etre-fixe-mercredi-journee-critique-en-perspective-PF20525390\">hectares<\/a>.<\/p>\n<\/p><\/div>\n<div class=\"paragraph\">\n<p><b>Canicule : 5 764 morts en 16 jours<\/b><\/p>\n<p>La vague de chaleur qui a frapp\u00e9 la France du 17 juin au 2 juillet a entra\u00een\u00e9 une surmortalit\u00e9 record depuis 2003 selon un bilan provisoire. Ainsi, 5 764 d\u00e9c\u00e8s exc\u00e9dentaires ont \u00e9t\u00e9 enregistr\u00e9s lors de cet \u00e9pisode de chaleurs extr\u00eames, pour moiti\u00e9 en trois jours du 25 au 27 juin, a indiqu\u00e9 mercredi l\u2019agence Sant\u00e9 publique France. Ce bond de la mortalit\u00e9 \u00ab <i>toutes causes<\/i> \u00bb<i> <\/i>&#8211; qu\u2019on ne peut pas encore imputer avec certitude \u00e0 la chaleur &#8211; a \u00e9t\u00e9 constat\u00e9 pour \u00ab <i>toutes les classes d\u2019\u00e2ge \u00e0 partir de 15 ans<\/i> \u00bb, avec une \u00ab <i>augmentation marqu\u00e9e d\u00e8s 45 ans<\/i> \u00bb<i>,<\/i> ce que les experts jugent \u00ab <i>in\u00e9dit<\/i> \u00bb. Les bilans de mortalit\u00e9 alimentent une \u00e2pre bataille politique, le gouvernement est accus\u00e9 d\u2019impr\u00e9paration aux cons\u00e9quences du r\u00e9chauffement climatique.<\/p>\n<\/p><\/div>\n","protected":false},"excerpt":{"rendered":"Le ministre de l&rsquo;Int&eacute;rieur Laurent Nu&ntilde;ez &eacute;tait attendu mercredi en Gironde pour rendre hommage aux deux soldats du feu qui ont p&eacute;ri en exer&ccedil;ant leur mission. la profession sonne l&rsquo;alarme. Mardi, ces &#8230;","protected":false},"author":1,"featured_media":37268,"comment_status":"open","ping_status":"open","sticky":false,"template":"","format":"standard","meta":{"footnotes":""},"categories":[1854],"tags":[314,372,237,113,373,409,1673,4015,572,528,319,1396,3848,4664,3663,3553,1761,320,419,1911,1674,5879,111,1613,364,31],"news-destination":[],"news-source":[475],"is_homepage":[],"ta_other":[],"class_list":["post-37267","post","type-post","status-publish","format-standard","has-post-thumbnail","hentry","category-france","tag-canadair","tag-canicule","tag-cfdt","tag-cgt","tag-chaleur","tag-effectifs","tag-feux","tag-feux-de-foret","tag-france","tag-gouvernement","tag-incendie","tag-incendies","tag-laurent-nunez","tag-manque-deffectifs","tag-mort","tag-mort-au-travail","tag-mortalite","tag-pompiers","tag-rechauffement-climatique","tag-risques","tag-sapeurs-pompiers","tag-sdis","tag-securite","tag-securite-civile","tag-syndicats","tag-var","news-source-website"],"_links":{"self":[{"href":"https:\/\/euapp01.newsmemory.com\/lamarseillaise\/news\/wp-json\/wp\/v2\/posts\/37267","targetHints":{"allow":["GET"]}}],"collection":[{"href":"https:\/\/euapp01.newsmemory.com\/lamarseillaise\/news\/wp-json\/wp\/v2\/posts"}],"about":[{"href":"https:\/\/euapp01.newsmemory.com\/lamarseillaise\/news\/wp-json\/wp\/v2\/types\/post"}],"author":[{"embeddable":true,"href":"https:\/\/euapp01.newsmemory.com\/lamarseillaise\/news\/wp-json\/wp\/v2\/users\/1"}],"replies":[{"embeddable":true,"href":"https:\/\/euapp01.newsmemory.com\/lamarseillaise\/news\/wp-json\/wp\/v2\/comments?post=37267"}],"version-history":[{"count":2,"href":"https:\/\/euapp01.newsmemory.com\/lamarseillaise\/news\/wp-json\/wp\/v2\/posts\/37267\/revisions"}],"predecessor-version":[{"id":37395,"href":"https:\/\/euapp01.newsmemory.com\/lamarseillaise\/news\/wp-json\/wp\/v2\/posts\/37267\/revisions\/37395"}],"wp:featuredmedia":[{"embeddable":true,"href":"https:\/\/euapp01.newsmemory.com\/lamarseillaise\/news\/wp-json\/wp\/v2\/media\/37268"}],"wp:attachment":[{"href":"https:\/\/euapp01.newsmemory.com\/lamarseillaise\/news\/wp-json\/wp\/v2\/media?parent=37267"}],"wp:term":[{"taxonomy":"category","embeddable":true,"href":"https:\/\/euapp01.newsmemory.com\/lamarseillaise\/news\/wp-json\/wp\/v2\/categories?post=37267"},{"taxonomy":"post_tag","embeddable":true,"href":"https:\/\/euapp01.newsmemory.com\/lamarseillaise\/news\/wp-json\/wp\/v2\/tags?post=37267"},{"taxonomy":"news-destination","embeddable":true,"href":"https:\/\/euapp01.newsmemory.com\/lamarseillaise\/news\/wp-json\/wp\/v2\/news-destination?post=37267"},{"taxonomy":"news-source","embeddable":true,"href":"https:\/\/euapp01.newsmemory.com\/lamarseillaise\/news\/wp-json\/wp\/v2\/news-source?post=37267"},{"taxonomy":"is_homepage","embeddable":true,"href":"https:\/\/euapp01.newsmemory.com\/lamarseillaise\/news\/wp-json\/wp\/v2\/is_homepage?post=37267"},{"taxonomy":"ta_other","embeddable":true,"href":"https:\/\/euapp01.newsmemory.com\/lamarseillaise\/news\/wp-json\/wp\/v2\/ta_other?post=37267"}],"curies":[{"name":"wp","href":"https:\/\/api.w.org\/{rel}","templated":true}]}}