{"id":37258,"date":"2026-07-23T11:15:00","date_gmt":"2026-07-23T09:15:00","guid":{"rendered":"https:\/\/euapp01.newsmemory.com\/lamarseillaise\/news\/?p=37258"},"modified":"2026-07-23T11:46:32","modified_gmt":"2026-07-23T09:46:32","slug":"cest-lete-concert-a-cavalaire","status":"publish","type":"post","link":"https:\/\/euapp01.newsmemory.com\/lamarseillaise\/news\/2026\/07\/23\/cest-lete-concert-a-cavalaire\/","title":{"rendered":"[C\u2019est l\u2019\u00e9t\u00e9] Concert \u00e0 Cavalaire"},"content":{"rendered":"<div class=\"paragraph\">\n<p>R\u00e9v\u00e9l\u00e9e par son interpr\u00e9tation du r\u00f4le d\u2019Esmeralda dans la com\u00e9die musicale \u00e0 succ\u00e8s Notre-Dame de Paris et par le duo Vivo per lei avec le t\u00e9nor italien Andrea Bocelli, elle est devenue la chanteuse pr\u00e9f\u00e9r\u00e9e des Fran\u00e7ais en 2001.<\/p>\n<\/p><\/div>\n<div class=\"paragraph\">\n<p><i><span class=\"mln_uppercase_mln\">\u00e0<\/span><\/i><i> partir de 21h30.<\/i><\/p>\n<p><i>Gratuit.<\/i><\/p>\n<\/p><\/div>\n","protected":false},"excerpt":{"rendered":"R&eacute;v&eacute;l&eacute;e par son interpr&eacute;tation du r&ocirc;le d&rsquo;Esmeralda dans la com&eacute;die musicale &agrave; succ&egrave;s Notre-Dame de Paris et par le duo Vivo per lei avec le t&eacute;nor italien Andrea Bocelli, elle est &#8230;","protected":false},"author":1,"featured_media":37259,"comment_status":"open","ping_status":"open","sticky":false,"template":"","format":"standard","meta":{"footnotes":""},"categories":[32],"tags":[6085,6153,326,327,34,1083,325,31],"news-destination":[],"news-source":[475],"is_homepage":[],"ta_other":[],"class_list":["post-37258","post","type-post","status-publish","format-standard","has-post-thumbnail","hentry","category-culture","tag-cest-lete","tag-cavalaire-sur-mer","tag-chanson","tag-chanson-francaise","tag-concert","tag-gratuit","tag-musique","tag-var","news-source-website"],"_links":{"self":[{"href":"https:\/\/euapp01.newsmemory.com\/lamarseillaise\/news\/wp-json\/wp\/v2\/posts\/37258","targetHints":{"allow":["GET"]}}],"collection":[{"href":"https:\/\/euapp01.newsmemory.com\/lamarseillaise\/news\/wp-json\/wp\/v2\/posts"}],"about":[{"href":"https:\/\/euapp01.newsmemory.com\/lamarseillaise\/news\/wp-json\/wp\/v2\/types\/post"}],"author":[{"embeddable":true,"href":"https:\/\/euapp01.newsmemory.com\/lamarseillaise\/news\/wp-json\/wp\/v2\/users\/1"}],"replies":[{"embeddable":true,"href":"https:\/\/euapp01.newsmemory.com\/lamarseillaise\/news\/wp-json\/wp\/v2\/comments?post=37258"}],"version-history":[{"count":1,"href":"https:\/\/euapp01.newsmemory.com\/lamarseillaise\/news\/wp-json\/wp\/v2\/posts\/37258\/revisions"}],"predecessor-version":[{"id":37260,"href":"https:\/\/euapp01.newsmemory.com\/lamarseillaise\/news\/wp-json\/wp\/v2\/posts\/37258\/revisions\/37260"}],"wp:featuredmedia":[{"embeddable":true,"href":"https:\/\/euapp01.newsmemory.com\/lamarseillaise\/news\/wp-json\/wp\/v2\/media\/37259"}],"wp:attachment":[{"href":"https:\/\/euapp01.newsmemory.com\/lamarseillaise\/news\/wp-json\/wp\/v2\/media?parent=37258"}],"wp:term":[{"taxonomy":"category","embeddable":true,"href":"https:\/\/euapp01.newsmemory.com\/lamarseillaise\/news\/wp-json\/wp\/v2\/categories?post=37258"},{"taxonomy":"post_tag","embeddable":true,"href":"https:\/\/euapp01.newsmemory.com\/lamarseillaise\/news\/wp-json\/wp\/v2\/tags?post=37258"},{"taxonomy":"news-destination","embeddable":true,"href":"https:\/\/euapp01.newsmemory.com\/lamarseillaise\/news\/wp-json\/wp\/v2\/news-destination?post=37258"},{"taxonomy":"news-source","embeddable":true,"href":"https:\/\/euapp01.newsmemory.com\/lamarseillaise\/news\/wp-json\/wp\/v2\/news-source?post=37258"},{"taxonomy":"is_homepage","embeddable":true,"href":"https:\/\/euapp01.newsmemory.com\/lamarseillaise\/news\/wp-json\/wp\/v2\/is_homepage?post=37258"},{"taxonomy":"ta_other","embeddable":true,"href":"https:\/\/euapp01.newsmemory.com\/lamarseillaise\/news\/wp-json\/wp\/v2\/ta_other?post=37258"}],"curies":[{"name":"wp","href":"https:\/\/api.w.org\/{rel}","templated":true}]}}