{"id":37252,"date":"2026-07-23T11:22:00","date_gmt":"2026-07-23T09:22:00","guid":{"rendered":"https:\/\/euapp01.newsmemory.com\/lamarseillaise\/news\/?p=37252"},"modified":"2026-07-23T11:46:31","modified_gmt":"2026-07-23T09:46:31","slug":"cest-lete-visite-animee-et-libre-de-la-forteresse-de-mornas","status":"publish","type":"post","link":"https:\/\/euapp01.newsmemory.com\/lamarseillaise\/news\/2026\/07\/23\/cest-lete-visite-animee-et-libre-de-la-forteresse-de-mornas\/","title":{"rendered":"[C\u2019est l\u2019\u00e9t\u00e9] Visite anim\u00e9e et libre de la forteresse de Mornas"},"content":{"rendered":"<div class=\"paragraph\">\n<p>Venez vivre la vie quotidienne d\u2019une ch\u00e2tellenie au sein de la Forteresse. D\u00e8s l\u2019entr\u00e9e par la porte de la Barbacane, un garde vous accueillera avec courtoisie et vous commentera l\u2019\u00e9volution du lieu au travers de son architecture. Vous serez ensuite conduits aupr\u00e8s du seigneur, qui vous pr\u00e9sentera les cuisines, l\u2019art de la table et du couvert, avant de vous retrouver&#8230; dans sa chambre o\u00f9 vous seront cont\u00e9es l\u00e9gendes et faits historiques. Pr\u00e9sentation d\u2019armes et de protections diverses, explications sur le maniement de chacune compl\u00e8tent cette visite immersive.<\/p>\n<\/p><\/div>\n","protected":false},"excerpt":{"rendered":"Venez vivre la vie quotidienne d&rsquo;une ch&acirc;tellenie au sein de la Forteresse. D&egrave;s l&rsquo;entr&eacute;e par la porte de la Barbacane, un garde vous accueillera avec courtoisie et vous commentera l&rsquo;&eacute;volution du lieu au &#8230;","protected":false},"author":1,"featured_media":37253,"comment_status":"open","ping_status":"open","sticky":false,"template":"","format":"standard","meta":{"footnotes":""},"categories":[20],"tags":[2873,1346,6085,1285,57,58,754,280,4065,55,97,171],"news-destination":[],"news-source":[475],"is_homepage":[],"ta_other":[],"class_list":["post-37252","post","type-post","status-publish","format-standard","has-post-thumbnail","hentry","category-societe","tag-activites-de-loisirs","tag-architecture","tag-cest-lete","tag-cuisine","tag-enfants","tag-famille","tag-familles","tag-histoire","tag-legendes","tag-loisirs","tag-patrimoine","tag-vaucluse","news-source-website"],"_links":{"self":[{"href":"https:\/\/euapp01.newsmemory.com\/lamarseillaise\/news\/wp-json\/wp\/v2\/posts\/37252","targetHints":{"allow":["GET"]}}],"collection":[{"href":"https:\/\/euapp01.newsmemory.com\/lamarseillaise\/news\/wp-json\/wp\/v2\/posts"}],"about":[{"href":"https:\/\/euapp01.newsmemory.com\/lamarseillaise\/news\/wp-json\/wp\/v2\/types\/post"}],"author":[{"embeddable":true,"href":"https:\/\/euapp01.newsmemory.com\/lamarseillaise\/news\/wp-json\/wp\/v2\/users\/1"}],"replies":[{"embeddable":true,"href":"https:\/\/euapp01.newsmemory.com\/lamarseillaise\/news\/wp-json\/wp\/v2\/comments?post=37252"}],"version-history":[{"count":1,"href":"https:\/\/euapp01.newsmemory.com\/lamarseillaise\/news\/wp-json\/wp\/v2\/posts\/37252\/revisions"}],"predecessor-version":[{"id":37254,"href":"https:\/\/euapp01.newsmemory.com\/lamarseillaise\/news\/wp-json\/wp\/v2\/posts\/37252\/revisions\/37254"}],"wp:featuredmedia":[{"embeddable":true,"href":"https:\/\/euapp01.newsmemory.com\/lamarseillaise\/news\/wp-json\/wp\/v2\/media\/37253"}],"wp:attachment":[{"href":"https:\/\/euapp01.newsmemory.com\/lamarseillaise\/news\/wp-json\/wp\/v2\/media?parent=37252"}],"wp:term":[{"taxonomy":"category","embeddable":true,"href":"https:\/\/euapp01.newsmemory.com\/lamarseillaise\/news\/wp-json\/wp\/v2\/categories?post=37252"},{"taxonomy":"post_tag","embeddable":true,"href":"https:\/\/euapp01.newsmemory.com\/lamarseillaise\/news\/wp-json\/wp\/v2\/tags?post=37252"},{"taxonomy":"news-destination","embeddable":true,"href":"https:\/\/euapp01.newsmemory.com\/lamarseillaise\/news\/wp-json\/wp\/v2\/news-destination?post=37252"},{"taxonomy":"news-source","embeddable":true,"href":"https:\/\/euapp01.newsmemory.com\/lamarseillaise\/news\/wp-json\/wp\/v2\/news-source?post=37252"},{"taxonomy":"is_homepage","embeddable":true,"href":"https:\/\/euapp01.newsmemory.com\/lamarseillaise\/news\/wp-json\/wp\/v2\/is_homepage?post=37252"},{"taxonomy":"ta_other","embeddable":true,"href":"https:\/\/euapp01.newsmemory.com\/lamarseillaise\/news\/wp-json\/wp\/v2\/ta_other?post=37252"}],"curies":[{"name":"wp","href":"https:\/\/api.w.org\/{rel}","templated":true}]}}