{"id":37250,"date":"2026-07-23T09:41:00","date_gmt":"2026-07-23T07:41:00","guid":{"rendered":"https:\/\/euapp01.newsmemory.com\/lamarseillaise\/news\/?p=37250"},"modified":"2026-07-23T10:04:57","modified_gmt":"2026-07-23T08:04:57","slug":"acetamipride-la-loi-est-votee-la-question-scientifique-reste-entiere","status":"publish","type":"post","link":"https:\/\/euapp01.newsmemory.com\/lamarseillaise\/news\/2026\/07\/23\/acetamipride-la-loi-est-votee-la-question-scientifique-reste-entiere\/","title":{"rendered":"Ac\u00e9tamipride : la loi est vot\u00e9e, la question scientifique reste enti\u00e8re"},"content":{"rendered":"<div class=\"paragraph\">\n<p>Dans la nuit du 20 au 21 juillet, l\u2019Assembl\u00e9e nationale a adopt\u00e9, par 296 voix contre 224, les conclusions de la commission mixte paritaire sur le projet de loi d\u2019urgence agricole. Le texte ouvre la voie \u00e0 une r\u00e9introduction d\u00e9rogatoire de l\u2019ac\u00e9tamipride pour la fili\u00e8re noisette, pour une dur\u00e9e pouvant aller jusqu\u2019\u00e0 trois ans, et du flupyradifurone &#8211; une substance apparent\u00e9e &#8211; pour la betterave sucri\u00e8re, la pomme et la cerise. Le S\u00e9nat se prononce une derni\u00e8re fois ce mardi\u00a0; une saisine du Conseil constitutionnel a \u00e9t\u00e9 annonc\u00e9e.<\/p>\n<p><b>Le vote est acquis. La question scientifique, elle, ne l\u2019est pas.<\/b><\/p>\n<p>En tant que v\u00e9t\u00e9rinaire ayant consacr\u00e9 une grande partie de mon activit\u00e9 \u00e0 la sant\u00e9 des abeilles, je comprends les difficult\u00e9s des producteurs. La fili\u00e8re noisette a subi des pertes lourdes face \u00e0 des insectes ravageurs contre lesquels les solutions autoris\u00e9es se sont r\u00e9v\u00e9l\u00e9es insuffisantes. Ces difficult\u00e9s sont r\u00e9elles et m\u00e9ritent des r\u00e9ponses. Mais une r\u00e9ponse l\u00e9gislative ne fait pas dispara\u00eetre un fait toxicologique.<\/p>\n<p>Le principal argument avanc\u00e9 en faveur de l\u2019ac\u00e9tamipride est qu\u2019il serait moins toxique que les autres n\u00e9onicotino\u00efdes. L\u2019affirmation ne vaut que pour une exposition unique et massive. Or les pollinisateurs sont expos\u00e9s de fa\u00e7on continue, \u00e0 faibles doses, tout au long de la saison. Les travaux disponibles d\u00e9crivent une flore intestinale perturb\u00e9e, une esp\u00e9rance de vie r\u00e9duite chez les ouvri\u00e8res, des alt\u00e9rations du d\u00e9veloppement et des effets sur le syst\u00e8me nerveux. Pris isol\u00e9ment, ces effets paraissent modestes. Cumul\u00e9s aux autres facteurs de stress &#8211;\u00a0parasites, maladies, rar\u00e9faction des fleurs, d\u00e9r\u00e8glement climatique\u00a0&#8211; ils fragilisent durablement les colonies. C\u2019est pr\u00e9cis\u00e9ment ce que l\u2019\u00e9valuation r\u00e9glementaire, centr\u00e9e sur la dose qui tue rapidement l\u2019animal, ne capte pas.<\/p>\n<p>Sur la sant\u00e9 humaine, l\u2019argument de l\u2019innocuit\u00e9 s\u2019est encore affaibli. En 2024, l\u2019Autorit\u00e9 europ\u00e9enne de s\u00e9curit\u00e9 des aliments a divis\u00e9 par cinq la dose journali\u00e8re admissible de l\u2019ac\u00e9tamipride ainsi que le seuil d\u2019exposition ponctuelle. Le motif est explicite\u00a0: des incertitudes majeures sur les effets possibles de la substance sur le cerveau en formation, chez le f\u0153tus et le jeune enfant. L\u2019agence a \u00e9galement relev\u00e9 que son potentiel de perturbateur endocrinien n\u2019a jamais \u00e9t\u00e9 \u00e9valu\u00e9 selon les m\u00e9thodes en vigueur, et la Commission europ\u00e9enne a engag\u00e9 un r\u00e9examen de son autorisation. R\u00e9introduire une mol\u00e9cule au moment m\u00eame o\u00f9 l\u2019agence europ\u00e9enne divise par cinq son seuil de s\u00e9curit\u00e9 rel\u00e8ve d\u2019un calendrier difficile \u00e0 d\u00e9fendre.<\/p>\n<p>L\u2019enjeu d\u00e9passe la production de miel. Les insectes pollinisateurs assurent la reproduction de pr\u00e8s de 84% des esp\u00e8ces cultiv\u00e9es en Europe. Les prot\u00e9ger n\u2019est pas s\u2019opposer aux agriculteurs\u00a0: c\u2019est pr\u00e9server l\u2019un des fondements biologiques de leur activit\u00e9. Il n\u2019y a pas, d\u2019un c\u00f4t\u00e9, l\u2019agriculture et, de l\u2019autre, la biodiversit\u00e9. Il y a une agriculture qui d\u00e9pend de la biodiversit\u00e9.<\/p>\n<p>La question concerne aussi notre alimentation. Une enqu\u00eate rendue publique en juillet\u00a02026 par l\u2019Unaf et Agir pour l\u2019Environnement a mis en \u00e9vidence des r\u00e9sidus de n\u00e9onicotino\u00efdes, dont l\u2019ac\u00e9tamipride, dans plusieurs miels commercialis\u00e9s ainsi que dans deux r\u00e9f\u00e9rences de p\u00e2te \u00e0 tartiner\u00a0; l\u2019ac\u00e9tamipride \u00e9tait le r\u00e9sidu le plus concentr\u00e9 dans sept des dix miels analys\u00e9s. Les concentrations restent inf\u00e9rieures aux limites r\u00e9glementaires &#8211; mais ce constat rassure moins qu\u2019il n\u2019y para\u00eet\u00a0: la limite applicable au miel a \u00e9t\u00e9 relev\u00e9e \u00e0 plusieurs reprises depuis 2008, jusqu\u2019\u00e0 une valeur environ vingt fois sup\u00e9rieure \u00e0 la limite initiale, et il n\u2019en existe aucune pour les p\u00e2tes \u00e0 tartiner. Une conformit\u00e9 obtenue en d\u00e9pla\u00e7ant le seuil n\u2019est pas une garantie sanitaire.<\/p>\n<p>Le texte confie \u00e0 l\u2019Anses la responsabilit\u00e9 d\u2019accorder les d\u00e9rogations, au nom de l\u2019ind\u00e9pendance de l\u2019expertise scientifique. C\u2019est un garde-fou r\u00e9el, et il faut le dire. Mais les d\u00e9put\u00e9s ont ensuite rejet\u00e9 l\u2019amendement qui aurait port\u00e9 de deux \u00e0 six mois le d\u00e9lai laiss\u00e9 \u00e0 l\u2019agence pour instruire une demande. On demande donc \u00e0 l\u2019expertise scientifique de trancher, tout en lui refusant le temps de le faire s\u00e9rieusement. Ce n\u2019est pas un d\u00e9tail de proc\u00e9dure\u00a0: c\u2019est la diff\u00e9rence entre une \u00e9valuation et une formalit\u00e9.<\/p>\n<p>Des alternatives existent et sont document\u00e9es\u00a0: rotations des cultures, haies, bandes fleuries et couverts v\u00e9g\u00e9taux, lutte biologique, diversification des syst\u00e8mes de culture, accompagnement technique des producteurs. Elles sont plus lentes et plus co\u00fbteuses \u00e0 mettre en place qu\u2019une pulv\u00e9risation. Elles ne cr\u00e9ent pas de d\u00e9pendance. L\u2019Inrae estime qu\u2019il faut trois \u00e0 cinq ans pour doter la fili\u00e8re noisette de solutions pleinement satisfaisantes\u00a0: ce d\u00e9lai est un argument pour financer massivement la transition, pas pour suspendre l\u2019interdiction en esp\u00e9rant que le probl\u00e8me se r\u00e8gle seul.<\/p>\n<p>Les abeilles sont les sentinelles de notre environnement. Lorsqu\u2019elles nous alertent, il est imprudent de d\u00e9tourner le regard. L\u2019histoire de la sant\u00e9 publique &#8211;\u00a0de l\u2019amiante au chlord\u00e9cone\u00a0&#8211; montre invariablement qu\u2019il est moins co\u00fbteux de pr\u00e9venir que de r\u00e9parer. Le Conseil constitutionnel sera saisi\u00a0; il reviendra ensuite \u00e0 l\u2019Anses d\u2019examiner chaque demande. Que ces deux instances disposent des moyens et du temps de faire leur travail\u00a0: c\u2019est d\u00e9sormais la seule chose qui s\u00e9pare une d\u00e9rogation encadr\u00e9e d\u2019un renoncement.<\/p>\n<\/p><\/div>\n","protected":false},"excerpt":{"rendered":"Dans la nuit du 20 au 21 juillet, l&rsquo;Assembl&eacute;e nationale a adopt&eacute;, par 296 voix contre 224, les conclusions de la commission mixte paritaire sur le projet de loi d&rsquo;urgence agricole. Le texte ouvre la voie &agrave; une &#8230;","protected":false},"author":1,"featured_media":36982,"comment_status":"open","ping_status":"open","sticky":false,"template":"","format":"standard","meta":{"footnotes":""},"categories":[1854],"tags":[5223,6127,447,820,84,572,2868,256,1058,353,621],"news-destination":[],"news-source":[475],"is_homepage":[],"ta_other":[],"class_list":["post-37250","post","type-post","status-publish","format-standard","has-post-thumbnail","hentry","category-france","tag-abeilles","tag-acetamipride","tag-agriculture","tag-assemblee-nationale","tag-biodiversite","tag-france","tag-inrae","tag-sante","tag-science","tag-sciences","tag-tribune","news-source-website"],"_links":{"self":[{"href":"https:\/\/euapp01.newsmemory.com\/lamarseillaise\/news\/wp-json\/wp\/v2\/posts\/37250","targetHints":{"allow":["GET"]}}],"collection":[{"href":"https:\/\/euapp01.newsmemory.com\/lamarseillaise\/news\/wp-json\/wp\/v2\/posts"}],"about":[{"href":"https:\/\/euapp01.newsmemory.com\/lamarseillaise\/news\/wp-json\/wp\/v2\/types\/post"}],"author":[{"embeddable":true,"href":"https:\/\/euapp01.newsmemory.com\/lamarseillaise\/news\/wp-json\/wp\/v2\/users\/1"}],"replies":[{"embeddable":true,"href":"https:\/\/euapp01.newsmemory.com\/lamarseillaise\/news\/wp-json\/wp\/v2\/comments?post=37250"}],"version-history":[{"count":1,"href":"https:\/\/euapp01.newsmemory.com\/lamarseillaise\/news\/wp-json\/wp\/v2\/posts\/37250\/revisions"}],"predecessor-version":[{"id":37251,"href":"https:\/\/euapp01.newsmemory.com\/lamarseillaise\/news\/wp-json\/wp\/v2\/posts\/37250\/revisions\/37251"}],"wp:featuredmedia":[{"embeddable":true,"href":"https:\/\/euapp01.newsmemory.com\/lamarseillaise\/news\/wp-json\/wp\/v2\/media\/36982"}],"wp:attachment":[{"href":"https:\/\/euapp01.newsmemory.com\/lamarseillaise\/news\/wp-json\/wp\/v2\/media?parent=37250"}],"wp:term":[{"taxonomy":"category","embeddable":true,"href":"https:\/\/euapp01.newsmemory.com\/lamarseillaise\/news\/wp-json\/wp\/v2\/categories?post=37250"},{"taxonomy":"post_tag","embeddable":true,"href":"https:\/\/euapp01.newsmemory.com\/lamarseillaise\/news\/wp-json\/wp\/v2\/tags?post=37250"},{"taxonomy":"news-destination","embeddable":true,"href":"https:\/\/euapp01.newsmemory.com\/lamarseillaise\/news\/wp-json\/wp\/v2\/news-destination?post=37250"},{"taxonomy":"news-source","embeddable":true,"href":"https:\/\/euapp01.newsmemory.com\/lamarseillaise\/news\/wp-json\/wp\/v2\/news-source?post=37250"},{"taxonomy":"is_homepage","embeddable":true,"href":"https:\/\/euapp01.newsmemory.com\/lamarseillaise\/news\/wp-json\/wp\/v2\/is_homepage?post=37250"},{"taxonomy":"ta_other","embeddable":true,"href":"https:\/\/euapp01.newsmemory.com\/lamarseillaise\/news\/wp-json\/wp\/v2\/ta_other?post=37250"}],"curies":[{"name":"wp","href":"https:\/\/api.w.org\/{rel}","templated":true}]}}