{"id":37247,"date":"2026-07-23T09:49:00","date_gmt":"2026-07-23T07:49:00","guid":{"rendered":"https:\/\/euapp01.newsmemory.com\/lamarseillaise\/news\/?p=37247"},"modified":"2026-07-29T11:33:37","modified_gmt":"2026-07-29T09:33:37","slug":"cest-lete-sophian-ancien-salarie-de-solvay-na-pas-fini-la-lutte","status":"publish","type":"post","link":"https:\/\/euapp01.newsmemory.com\/lamarseillaise\/news\/2026\/07\/23\/cest-lete-sophian-ancien-salarie-de-solvay-na-pas-fini-la-lutte\/","title":{"rendered":"[C\u2019est l\u2019\u00e9t\u00e9] Sophian, ancien salari\u00e9 de Solvay, n\u2019a pas fini la lutte"},"content":{"rendered":"<div class=\"paragraph\">\n<p>Sophian est l\u2019une des figures de la lutte des salari\u00e9s de Solvay \u00e0 Salindres. Ce d\u00e9l\u00e9gu\u00e9 syndical CGT avait en effet \u00e9t\u00e9 l\u2019un des premiers \u00e0 alerter dans l\u2019entreprise sur la dangerosit\u00e9 du TFA, produit sur le site gardois, apr\u00e8s avoir beaucoup \u00e9chang\u00e9 avec les associations \u00e9cologistes. <i>La Marseillaise<\/i> lui avait ainsi d\u00e9j\u00e0 consacr\u00e9 un portrait en octobre 2024, quelques semaines apr\u00e8s l\u2019annonce de la direction de la fermeture de l\u2019usine de production.<\/p>\n<p>Apr\u00e8s le d\u00e9part de l\u2019entreprise, Sophian a travers\u00e9 une p\u00e9riode difficile. \u00ab<i> \u00c7a a laiss\u00e9 des traces, comme chez beaucoup d\u2019autres salari\u00e9s. J\u2019ai pris 30 kilos que j\u2019ai perdus depuis. J\u2019ai arr\u00eat\u00e9 de fumer en m\u00eame temps, \u00e7a n\u2019a pas d\u00fb aider. Et j\u2019ai d\u00e9clench\u00e9 un psoriasis. Il y a eu trop de choses en m\u00eame temps et \u00e7a a d\u00fb jouer sur ma petite t\u00eate<\/i> \u00bb, explique-t-il aujourd\u2019hui.<\/p>\n<p>Si certains de ses coll\u00e8gues sont partis chez Orano, Sophian fait partie de ces salari\u00e9s d\u00e9go\u00fbt\u00e9s par l\u2019aventure Solvay qui veulent d\u00e9sormais \u00e9viter tout emploi industriel. Au d\u00e9tour d\u2019un forum, il a bien postul\u00e9 chez Perrier mais n\u2019a pas eu de retour. \u00ab <i>Je pense que quand les responsables des ressources humaines tapent mon nom sur internet, ils voient que je suis \u00e0 la CGT et que je me suis mobilis\u00e9 chez Solvay, ils se tournent alors vers un autre profil <\/i>\u00bb, dit-il sans d\u00e9pit. Apr\u00e8s une p\u00e9riode de cong\u00e9s de reclassement, Sophian est d\u00e9sormais au ch\u00f4mage depuis le mois de juin m\u00eame s\u2019il a effectu\u00e9 quelques extras dans le restaurant familial. Surtout, il aimerait maintenant se r\u00e9orienter vers le social et changer compl\u00e8tement de branche. Ou trouver un poste pour continuer d\u2019alerter sur la dangerosit\u00e9 des Pfas&#8230;<\/p>\n<\/p><\/div>\n<div class=\"intext\"> \u00ab Les Pfas dans la t\u00eate \u00bb\n              <\/div>\n<div class=\"paragraph\">\n<p>Car Sophian n\u2019a pas abandonn\u00e9 son combat pour alerter la population, faire reconna\u00eetre les dangers encourut par les ouvriers en contact avec ces substances chimiques, et plus largement, lutter contre cette pollution : \u00ab <i>J\u2019avais une petite conscience qui m\u2019a permis d\u2019ouvrir les yeux sur ces substances chimiques mais je ne pensais pas que c\u2019\u00e9tait \u00e0 ce point. Je pensais qu\u2019on \u00e9tait dans un pays o\u00f9 on \u00e9tait un peu prot\u00e9g\u00e9. Apr\u00e8s 13 ans pass\u00e9s \u00e0 Solvay, je connais l\u2019odeur du TFA. Beaucoup de salari\u00e9s sont en col\u00e8re car ils se sont rendu compte a posteriori qu\u2019ils ont \u00e9t\u00e9 surcontamin\u00e9s<\/i> \u00bb.<\/p>\n<p>Toutes les semaines, Sophian participe \u00e0 une r\u00e9union avec des associations \u00e9cologistes. \u00ab<i> Il n\u2019y a pas une journ\u00e9e sans que j\u2019aie les Pfas dans la t\u00eate<\/i> \u00bb, reconna\u00eet-il. Il continue aussi de r\u00e9pondre aux journalistes et il est m\u00eame apparu dans un documentaire diffus\u00e9 sur <i>Arte :<\/i> \u00ab <i>J\u2019essaie de d\u00e9fendre les ouvriers en g\u00e9n\u00e9ral et les anciens salari\u00e9s parce que sinon j\u2019aurais tout abandonn\u00e9<\/i> \u00bb.<\/p>\n<p>Ce travail a pay\u00e9 puisqu\u2019il a r\u00e9ussi, avec d\u2019autres associations, \u00e0 faire int\u00e9grer 25 anciens salari\u00e9s de Solvay \u00e0 l\u2019\u00e9tude Opal : \u00ab <i>C\u2019est une \u00e9tude d\u2019impr\u00e9gnation sur les salari\u00e9s<\/i> \u00bb, explique-t-il. \u00ab <i>Il y a l\u2019\u00e9tude Perle sur les riverains \u00e0 Lyon et Opal concernait jusqu\u2019ici une centaine de salari\u00e9s d\u2019Arkema Daikin. Nous avons d\u00e9sormais 25 salari\u00e9s de Salindres qui font des prises de sang<\/i> \u00bb. Les premiers r\u00e9sultats devraient \u00eatre rendus publics dans les prochains mois avant la restitution compl\u00e8te en 2027. En attendant, Sophian continuera de se mobiliser.<\/p>\n<p>Tristan Arnaud<\/p>\n<\/p><\/div>\n","protected":false},"excerpt":{"rendered":"Sophian est l&rsquo;une des figures de la lutte des salari&eacute;s de Solvay &agrave; Salindres. Ce d&eacute;l&eacute;gu&eacute; syndical CGT avait en effet &eacute;t&eacute; l&rsquo;un des premiers &agrave; alerter dans l&rsquo;entreprise sur la &#8230;","protected":false},"author":1,"featured_media":37248,"comment_status":"open","ping_status":"open","sticky":false,"template":"","format":"standard","meta":{"footnotes":""},"categories":[3926,3925,331],"tags":[138,6085,113,1434,753,238,624,2110,335,962,2109,3089,3090,2374],"news-destination":[3944],"news-source":[475],"is_homepage":[],"ta_other":[],"class_list":["post-37247","post","type-post","status-publish","format-standard","has-post-thumbnail","hentry","category-accueil-merge","category-accueil-third","category-social","tag-associations","tag-cest-lete","tag-cgt","tag-ecologie","tag-emplois","tag-gard","tag-industrie","tag-pfas","tag-portrait","tag-salaries","tag-salindres","tag-solvay","tag-tfa","tag-usine","news-destination-homepage","news-source-website"],"_links":{"self":[{"href":"https:\/\/euapp01.newsmemory.com\/lamarseillaise\/news\/wp-json\/wp\/v2\/posts\/37247","targetHints":{"allow":["GET"]}}],"collection":[{"href":"https:\/\/euapp01.newsmemory.com\/lamarseillaise\/news\/wp-json\/wp\/v2\/posts"}],"about":[{"href":"https:\/\/euapp01.newsmemory.com\/lamarseillaise\/news\/wp-json\/wp\/v2\/types\/post"}],"author":[{"embeddable":true,"href":"https:\/\/euapp01.newsmemory.com\/lamarseillaise\/news\/wp-json\/wp\/v2\/users\/1"}],"replies":[{"embeddable":true,"href":"https:\/\/euapp01.newsmemory.com\/lamarseillaise\/news\/wp-json\/wp\/v2\/comments?post=37247"}],"version-history":[{"count":1,"href":"https:\/\/euapp01.newsmemory.com\/lamarseillaise\/news\/wp-json\/wp\/v2\/posts\/37247\/revisions"}],"predecessor-version":[{"id":37249,"href":"https:\/\/euapp01.newsmemory.com\/lamarseillaise\/news\/wp-json\/wp\/v2\/posts\/37247\/revisions\/37249"}],"wp:featuredmedia":[{"embeddable":true,"href":"https:\/\/euapp01.newsmemory.com\/lamarseillaise\/news\/wp-json\/wp\/v2\/media\/37248"}],"wp:attachment":[{"href":"https:\/\/euapp01.newsmemory.com\/lamarseillaise\/news\/wp-json\/wp\/v2\/media?parent=37247"}],"wp:term":[{"taxonomy":"category","embeddable":true,"href":"https:\/\/euapp01.newsmemory.com\/lamarseillaise\/news\/wp-json\/wp\/v2\/categories?post=37247"},{"taxonomy":"post_tag","embeddable":true,"href":"https:\/\/euapp01.newsmemory.com\/lamarseillaise\/news\/wp-json\/wp\/v2\/tags?post=37247"},{"taxonomy":"news-destination","embeddable":true,"href":"https:\/\/euapp01.newsmemory.com\/lamarseillaise\/news\/wp-json\/wp\/v2\/news-destination?post=37247"},{"taxonomy":"news-source","embeddable":true,"href":"https:\/\/euapp01.newsmemory.com\/lamarseillaise\/news\/wp-json\/wp\/v2\/news-source?post=37247"},{"taxonomy":"is_homepage","embeddable":true,"href":"https:\/\/euapp01.newsmemory.com\/lamarseillaise\/news\/wp-json\/wp\/v2\/is_homepage?post=37247"},{"taxonomy":"ta_other","embeddable":true,"href":"https:\/\/euapp01.newsmemory.com\/lamarseillaise\/news\/wp-json\/wp\/v2\/ta_other?post=37247"}],"curies":[{"name":"wp","href":"https:\/\/api.w.org\/{rel}","templated":true}]}}