{"id":37238,"date":"2026-07-23T08:50:00","date_gmt":"2026-07-23T06:50:00","guid":{"rendered":"https:\/\/euapp01.newsmemory.com\/lamarseillaise\/news\/?p=37238"},"modified":"2026-07-23T10:10:13","modified_gmt":"2026-07-23T08:10:13","slug":"cest-lete-entretien-dj-jo-spencer-va-faire-danser-saint-martin-de-crau","status":"publish","type":"post","link":"https:\/\/euapp01.newsmemory.com\/lamarseillaise\/news\/2026\/07\/23\/cest-lete-entretien-dj-jo-spencer-va-faire-danser-saint-martin-de-crau\/","title":{"rendered":"[C\u2019est l\u2019\u00e9t\u00e9] Entretien : DJ Jo Spencer va faire danser Saint-Martin de Crau"},"content":{"rendered":"<div class=\"paragraph\">\n<p><b>La Marseillaise<\/b><b>\u00a0<\/b><b>:<\/b> <b>Qui est Jo Spencer<\/b><b>\u00a0<\/b><b>?<\/b><\/p>\n<p>Jo Spencer\u00a0: Tout d\u2019abord je suis un passionn\u00e9, c\u2019est essentiel pour animer de telles soir\u00e9es. J\u2019ai commenc\u00e9 \u00e0 mixer via des rencontres qui \u00e9taient de cet univers, j\u2019ai essay\u00e9 d\u2019abord mais tr\u00e8s vite j\u2019ai \u00e9t\u00e9 mordu par la pratique, j\u2019ai commenc\u00e9 par des \u00ab\u00a0apr\u00e8s-midi DJing\u00a0\u00bb puis des soir\u00e9es entre potes, des bars, des anniversaires, des clubs et par la suite sont venus les mariages et de plus grandes soir\u00e9es.<\/p>\n<p><b>Quel est votre style de musique<\/b><b>\u00a0<\/b><b>?<\/b><\/p>\n<p>J.S.\u00a0: \u00c0 l\u2019origine j\u2019ai commenc\u00e9 par mixer de la funk\u00a0! Puis est venue la house et ses variantes comme la deep house, la funky house&#8230; Mais je sais m\u2019adapter au public que j\u2019ai. Sur des \u00e9v\u00e9nements comme celui-ci, j\u2019essaie de me concentrer sur des valeurs s\u00fbres, plus g\u00e9n\u00e9ralistes que tout le monde pourra reconna\u00eetre et qui feront danser et chanter tout le monde. C\u2019est ce que je ferais ce soir \u00e0 Saint-Martin-de-Crau.<\/p>\n<p><b>Avez-vous d\u00e9j\u00e0 mix\u00e9 pour une Tourn\u00e9e d\u2019\u00e9t\u00e9 La<\/b><b>\u00a0<\/b><b>Marseillaise<\/b><b>\u00a0<\/b><b>?<\/b><\/p>\n<p>J.S.\u00a0: Non\u00a0! C\u2019est une premi\u00e8re pour moi, je suis d\u2019ailleurs tr\u00e8s heureux d\u2019y participer. Je m\u2019attends, lors d\u2019un \u00e9v\u00e9nement comme celui-ci, \u00e0 une bonne ambiance, familiale, conviviale mais surtout j\u2019esp\u00e8re qu\u2019il y aura un maximum de monde. Je fais confiance aux deux groupes avant moi [Tribute JJ Goldman et JukeBox] pour chauffer la salle, maintenant je suis responsable de la suite et j\u2019esp\u00e8re continuer dans la lanc\u00e9e d\u2019une superbe ambiance.<\/p>\n<p><b>Qu\u2019est-ce que vous aimez le plus lorsque vous mixez<\/b><b>\u00a0<\/b><b>?<\/b><\/p>\n<p>J.S.\u00a0: Ce que je pr\u00e9f\u00e8re c\u2019est faire bouger les gens, \u00eatre capable de leur transmettre mon \u00e9nergie et les voir danser, c\u2019est vraiment une des raisons qui me poussent \u00e0 mixer. C\u2019est la preuve que j\u2019ai bien fait mon travail\u00a0!<\/p>\n<p><b>Qu\u2019est-ce que vous aimez dans ce genre de soir\u00e9es populaires<\/b><b>\u00a0<\/b><b>?<\/b><\/p>\n<p>J.S. \u00a0: Ce que j\u2019aime c\u2019est la proximit\u00e9 avec le public, l\u2019ambiance tr\u00e8s familiale o\u00f9 tout le monde se conna\u00eet, c\u2019est quelque chose qui fait chaud au c\u0153ur et je suis tr\u00e8s heureux d\u2019avoir mon r\u00f4le \u00e0 jouer dans cet \u00e9v\u00e9nement.<\/p>\n<p>Entretien r\u00e9alis\u00e9 par Louis Golliot<\/p>\n<\/p><\/div>\n","protected":false},"excerpt":{"rendered":"La Marseillaise&nbsp;: Qui est Jo Spencer&nbsp;?Jo Spencer&nbsp;: Tout d&rsquo;abord je suis un passionn&eacute;, c&rsquo;est essentiel pour animer de telles soir&eacute;es. J&rsquo;ai commenc&eacute; &agrave; mixer via des rencontres qui &#8230;","protected":false},"author":1,"featured_media":37239,"comment_status":"open","ping_status":"open","sticky":false,"template":"","format":"standard","meta":{"footnotes":""},"categories":[32],"tags":[10,6085,34,325,1279],"news-destination":[],"news-source":[475],"is_homepage":[],"ta_other":[],"class_list":["post-37238","post","type-post","status-publish","format-standard","has-post-thumbnail","hentry","category-culture","tag-bouches-du-rhone","tag-cest-lete","tag-concert","tag-musique","tag-tournee-dete-la-marseillaise","news-source-website"],"_links":{"self":[{"href":"https:\/\/euapp01.newsmemory.com\/lamarseillaise\/news\/wp-json\/wp\/v2\/posts\/37238","targetHints":{"allow":["GET"]}}],"collection":[{"href":"https:\/\/euapp01.newsmemory.com\/lamarseillaise\/news\/wp-json\/wp\/v2\/posts"}],"about":[{"href":"https:\/\/euapp01.newsmemory.com\/lamarseillaise\/news\/wp-json\/wp\/v2\/types\/post"}],"author":[{"embeddable":true,"href":"https:\/\/euapp01.newsmemory.com\/lamarseillaise\/news\/wp-json\/wp\/v2\/users\/1"}],"replies":[{"embeddable":true,"href":"https:\/\/euapp01.newsmemory.com\/lamarseillaise\/news\/wp-json\/wp\/v2\/comments?post=37238"}],"version-history":[{"count":1,"href":"https:\/\/euapp01.newsmemory.com\/lamarseillaise\/news\/wp-json\/wp\/v2\/posts\/37238\/revisions"}],"predecessor-version":[{"id":37240,"href":"https:\/\/euapp01.newsmemory.com\/lamarseillaise\/news\/wp-json\/wp\/v2\/posts\/37238\/revisions\/37240"}],"wp:featuredmedia":[{"embeddable":true,"href":"https:\/\/euapp01.newsmemory.com\/lamarseillaise\/news\/wp-json\/wp\/v2\/media\/37239"}],"wp:attachment":[{"href":"https:\/\/euapp01.newsmemory.com\/lamarseillaise\/news\/wp-json\/wp\/v2\/media?parent=37238"}],"wp:term":[{"taxonomy":"category","embeddable":true,"href":"https:\/\/euapp01.newsmemory.com\/lamarseillaise\/news\/wp-json\/wp\/v2\/categories?post=37238"},{"taxonomy":"post_tag","embeddable":true,"href":"https:\/\/euapp01.newsmemory.com\/lamarseillaise\/news\/wp-json\/wp\/v2\/tags?post=37238"},{"taxonomy":"news-destination","embeddable":true,"href":"https:\/\/euapp01.newsmemory.com\/lamarseillaise\/news\/wp-json\/wp\/v2\/news-destination?post=37238"},{"taxonomy":"news-source","embeddable":true,"href":"https:\/\/euapp01.newsmemory.com\/lamarseillaise\/news\/wp-json\/wp\/v2\/news-source?post=37238"},{"taxonomy":"is_homepage","embeddable":true,"href":"https:\/\/euapp01.newsmemory.com\/lamarseillaise\/news\/wp-json\/wp\/v2\/is_homepage?post=37238"},{"taxonomy":"ta_other","embeddable":true,"href":"https:\/\/euapp01.newsmemory.com\/lamarseillaise\/news\/wp-json\/wp\/v2\/ta_other?post=37238"}],"curies":[{"name":"wp","href":"https:\/\/api.w.org\/{rel}","templated":true}]}}