{"id":37232,"date":"2026-07-23T08:57:00","date_gmt":"2026-07-23T06:57:00","guid":{"rendered":"https:\/\/euapp01.newsmemory.com\/lamarseillaise\/news\/?p=37232"},"modified":"2026-07-23T10:10:13","modified_gmt":"2026-07-23T08:10:13","slug":"cest-lete-au-festival-off-davignon-addiction-ou-necessite-lenigme-toumany-coulibaly","status":"publish","type":"post","link":"https:\/\/euapp01.newsmemory.com\/lamarseillaise\/news\/2026\/07\/23\/cest-lete-au-festival-off-davignon-addiction-ou-necessite-lenigme-toumany-coulibaly\/","title":{"rendered":"[C\u2019est l\u2019\u00e9t\u00e9] Au Festival Off d\u2019Avignon, addiction ou n\u00e9cessit\u00e9 : l\u2019\u00e9nigme Toumany Coulibaly"},"content":{"rendered":"<div class=\"paragraph\">\n<p>On n\u2019arr\u00eate pas d\u2019applaudir. Il gagne une m\u00e9daille, la d\u00e9pose pour rev\u00eatir sa panoplie du parfait cambrioleur. Et&#8230; Toumany Coulibaly ne compte plus ses s\u00e9jours derri\u00e8re les barreaux. Un journaliste, Mathieu Palain, veut s\u2019entretenir avec lui. Subjugu\u00e9 par la dualit\u00e9 d\u2019un homme promis au plus bel avenir sportif et rong\u00e9 par un d\u00e9mon cleptomane, il veut comprendre, analyser et rendre publique son enqu\u00eate malgr\u00e9 les r\u00e9ticences de son \u00e9pouse. Toumany h\u00e9site avant d\u2019\u00e9pancher ses confidences.<\/p>\n<p>Entre amiti\u00e9 et confiance, l\u2019histoire de ce sportif cambrioleur prend tout son sens comme s\u2019il s\u2019agissait d\u2019un joueur inv\u00e9t\u00e9r\u00e9 ou d\u2019un alcoolique imp\u00e9nitent. Peut-on expliquer, \u00e0 d\u00e9faut d\u2019excuser, une addiction aussi destructrice pour le voleur comme pour la victime\u00a0?<\/p>\n<p>Adapt\u00e9 du deuxi\u00e8me roman de Mathieu Palain, <i>Ne t\u2019arr\u00eate pas de courir <\/i>oscille entre fiction et r\u00e9alit\u00e9 puisque ce h\u00e9ros en perp\u00e9tuelle lutte contre ses d\u00e9mons, aujourd\u2019hui, est vivant et bien vivant. Johanna Boy\u00e9 et Thibaud Houdini\u00e8re, s\u00e9duits par cette destin\u00e9e digne d\u2019un personnage de Dostoievski, signent une adaptation sans fausse note. Tristan Petitgirard assure une \u00e9clatante mise en sc\u00e8ne qui suit l\u2019action au plus pr\u00e8s\u00a0: les projections vid\u00e9o stylis\u00e9es concr\u00e9tisent les divers environnements, hostiles ou lib\u00e9rateurs, o\u00f9 Toumany suffoque ou respire, de l\u00e9g\u00e8res et hautes structures lumineuses et mobiles cr\u00e9ent des d\u00e9cors dans lesquels notre imagination s\u2019envole et les musiques ponctuent solidement les allers-retours \u00e9motionnels de Toumany et de Mathieu (frissonnante interpr\u00e9tation en direct de Sara Singer). Des chor\u00e9graphies muscl\u00e9es, violentes, suggestives, illustrent charnellement les tourments d\u2019un athl\u00e8te mutil\u00e9 par une pathologie mortif\u00e8re. L\u2019interpr\u00e9tation g\u00e9n\u00e9rale, d\u2019une homog\u00e9n\u00e9it\u00e9 absolue, fr\u00f4le la perfection. Les deux personnages principaux, tour \u00e0 tour sympathiques ou exasp\u00e9rants, ne choisissent pas leur camp. C\u2019est au public de d\u00e9cider. Leurs camarades se glissent dans la peau de plusieurs personnages, savoureux, dangereux ou douloureux. Une panoplie compl\u00e8te salu\u00e9e par un torrent d\u2019applaudissements avec une standing ovation.<\/p>\n<\/p><\/div>\n<div class=\"paragraph\">\n<p><i>\u00ab<\/i><i>\u00a0<\/i><i>Ne t\u2019arr\u00eate pas de courir<\/i><i>\u00a0<\/i><i>\u00bb, <br \/>tous les jours \u00e0 11h50 les 24 <br \/>et 25<\/i><i>\u00a0<\/i><i>juillet, et \u00e0 13h45 le 23 juillet au Th\u00e9\u00e2tre Actuel.<\/i><\/p>\n<\/p><\/div>\n","protected":false},"excerpt":{"rendered":"On n&rsquo;arr&ecirc;te pas d&rsquo;applaudir. Il gagne une m&eacute;daille, la d&eacute;pose pour rev&ecirc;tir sa panoplie du parfait cambrioleur. Et&#8230; Toumany Coulibaly ne compte plus ses s&eacute;jours derri&egrave;re les barreaux. Un &#8230;","protected":false},"author":1,"featured_media":37233,"comment_status":"open","ping_status":"open","sticky":false,"template":"","format":"standard","meta":{"footnotes":""},"categories":[32],"tags":[2927,174,6085,186,2954,529,188,1241,171],"news-destination":[],"news-source":[475],"is_homepage":[],"ta_other":[],"class_list":["post-37232","post","type-post","status-publish","format-standard","has-post-thumbnail","hentry","category-culture","tag-arts-vivants","tag-avignon","tag-cest-lete","tag-festival-davignon-off","tag-fiction","tag-spectacle","tag-spectacle-vivant","tag-theatre","tag-vaucluse","news-source-website"],"_links":{"self":[{"href":"https:\/\/euapp01.newsmemory.com\/lamarseillaise\/news\/wp-json\/wp\/v2\/posts\/37232","targetHints":{"allow":["GET"]}}],"collection":[{"href":"https:\/\/euapp01.newsmemory.com\/lamarseillaise\/news\/wp-json\/wp\/v2\/posts"}],"about":[{"href":"https:\/\/euapp01.newsmemory.com\/lamarseillaise\/news\/wp-json\/wp\/v2\/types\/post"}],"author":[{"embeddable":true,"href":"https:\/\/euapp01.newsmemory.com\/lamarseillaise\/news\/wp-json\/wp\/v2\/users\/1"}],"replies":[{"embeddable":true,"href":"https:\/\/euapp01.newsmemory.com\/lamarseillaise\/news\/wp-json\/wp\/v2\/comments?post=37232"}],"version-history":[{"count":1,"href":"https:\/\/euapp01.newsmemory.com\/lamarseillaise\/news\/wp-json\/wp\/v2\/posts\/37232\/revisions"}],"predecessor-version":[{"id":37234,"href":"https:\/\/euapp01.newsmemory.com\/lamarseillaise\/news\/wp-json\/wp\/v2\/posts\/37232\/revisions\/37234"}],"wp:featuredmedia":[{"embeddable":true,"href":"https:\/\/euapp01.newsmemory.com\/lamarseillaise\/news\/wp-json\/wp\/v2\/media\/37233"}],"wp:attachment":[{"href":"https:\/\/euapp01.newsmemory.com\/lamarseillaise\/news\/wp-json\/wp\/v2\/media?parent=37232"}],"wp:term":[{"taxonomy":"category","embeddable":true,"href":"https:\/\/euapp01.newsmemory.com\/lamarseillaise\/news\/wp-json\/wp\/v2\/categories?post=37232"},{"taxonomy":"post_tag","embeddable":true,"href":"https:\/\/euapp01.newsmemory.com\/lamarseillaise\/news\/wp-json\/wp\/v2\/tags?post=37232"},{"taxonomy":"news-destination","embeddable":true,"href":"https:\/\/euapp01.newsmemory.com\/lamarseillaise\/news\/wp-json\/wp\/v2\/news-destination?post=37232"},{"taxonomy":"news-source","embeddable":true,"href":"https:\/\/euapp01.newsmemory.com\/lamarseillaise\/news\/wp-json\/wp\/v2\/news-source?post=37232"},{"taxonomy":"is_homepage","embeddable":true,"href":"https:\/\/euapp01.newsmemory.com\/lamarseillaise\/news\/wp-json\/wp\/v2\/is_homepage?post=37232"},{"taxonomy":"ta_other","embeddable":true,"href":"https:\/\/euapp01.newsmemory.com\/lamarseillaise\/news\/wp-json\/wp\/v2\/ta_other?post=37232"}],"curies":[{"name":"wp","href":"https:\/\/api.w.org\/{rel}","templated":true}]}}