{"id":37229,"date":"2026-07-23T08:58:00","date_gmt":"2026-07-23T06:58:00","guid":{"rendered":"https:\/\/euapp01.newsmemory.com\/lamarseillaise\/news\/?p=37229"},"modified":"2026-07-29T11:08:23","modified_gmt":"2026-07-29T09:08:23","slug":"cest-lete-aubagne-le-festimome-de-retour","status":"publish","type":"post","link":"https:\/\/euapp01.newsmemory.com\/lamarseillaise\/news\/2026\/07\/23\/cest-lete-aubagne-le-festimome-de-retour\/","title":{"rendered":"[C\u2019est l\u2019\u00e9t\u00e9] Aubagne&nbsp;: le Festim\u00f4me de retour&nbsp;!"},"content":{"rendered":"<div class=\"paragraph\">\n<p>Cette ann\u00e9e, les jeunes curieux s\u2019appr\u00eatent \u00e0 vivre une \u00e9dition particuli\u00e8re. En effet, le Festim\u00f4me, festival d\u00e9di\u00e9 au jeune public, f\u00eate son 25<sup>e<\/sup>\u00a0anniversaire ! D\u00e8s ce jeudi et jusqu\u2019\u00e0 dimanche, le parc Jean-Moulin vibrera au rythme des animations et des spectacles propos\u00e9s aux plus petits.<\/p>\n<\/p><\/div>\n<div class=\"intext\"> \u00e9clats de rire et d\u00e9couvertes\n              <\/div>\n<div class=\"paragraph\">\n<p>Le tout dans une atmosph\u00e8re hors du temps, \u00e0 la fois apaisante, po\u00e9tique et joyeuse. Les \u00e9clats de rire des enfants r\u00e9sonneront au rythme des prouesses artistiques pr\u00e9sent\u00e9es tout au long de ce festival de cirque et des arts de la rue, devenu au fil des ann\u00e9es un rendez-vous incontournable pour les familles.<\/p>\n<p>Une quinzaine de compagnies seront pr\u00e9sentes pour \u00e9merveiller petits et grands. Au programme : chasse au tr\u00e9sor, grand village circassien, spectacles et ateliers cr\u00e9atifs propos\u00e9s chaque jour jusqu\u2019\u00e0 dimanche. De quoi vivre de beaux moments de partage, de d\u00e9couverte et d\u2019\u00e9merveillement en famille.<\/p>\n<\/p><\/div>\n","protected":false},"excerpt":{"rendered":"Cette ann&eacute;e, les jeunes curieux s&rsquo;appr&ecirc;tent &agrave; vivre une &eacute;dition particuli&egrave;re. En effet, le Festim&ocirc;me, festival d&eacute;di&eacute; au jeune public, f&ecirc;te son 25e&nbsp;anniversaire ! D&egrave;s ce &#8230;","protected":false},"author":1,"featured_media":37230,"comment_status":"open","ping_status":"open","sticky":false,"template":"","format":"standard","meta":{"footnotes":""},"categories":[3926,3925,32,20],"tags":[1277,493,10,6085,57,329,2096,1137],"news-destination":[3944],"news-source":[475],"is_homepage":[],"ta_other":[],"class_list":["post-37229","post","type-post","status-publish","format-standard","has-post-thumbnail","hentry","category-accueil-merge","category-accueil-third","category-culture","category-societe","tag-animations","tag-aubagne","tag-bouches-du-rhone","tag-cest-lete","tag-enfants","tag-festival","tag-jeune-public","tag-spectacles","news-destination-homepage","news-source-website"],"_links":{"self":[{"href":"https:\/\/euapp01.newsmemory.com\/lamarseillaise\/news\/wp-json\/wp\/v2\/posts\/37229","targetHints":{"allow":["GET"]}}],"collection":[{"href":"https:\/\/euapp01.newsmemory.com\/lamarseillaise\/news\/wp-json\/wp\/v2\/posts"}],"about":[{"href":"https:\/\/euapp01.newsmemory.com\/lamarseillaise\/news\/wp-json\/wp\/v2\/types\/post"}],"author":[{"embeddable":true,"href":"https:\/\/euapp01.newsmemory.com\/lamarseillaise\/news\/wp-json\/wp\/v2\/users\/1"}],"replies":[{"embeddable":true,"href":"https:\/\/euapp01.newsmemory.com\/lamarseillaise\/news\/wp-json\/wp\/v2\/comments?post=37229"}],"version-history":[{"count":1,"href":"https:\/\/euapp01.newsmemory.com\/lamarseillaise\/news\/wp-json\/wp\/v2\/posts\/37229\/revisions"}],"predecessor-version":[{"id":37231,"href":"https:\/\/euapp01.newsmemory.com\/lamarseillaise\/news\/wp-json\/wp\/v2\/posts\/37229\/revisions\/37231"}],"wp:featuredmedia":[{"embeddable":true,"href":"https:\/\/euapp01.newsmemory.com\/lamarseillaise\/news\/wp-json\/wp\/v2\/media\/37230"}],"wp:attachment":[{"href":"https:\/\/euapp01.newsmemory.com\/lamarseillaise\/news\/wp-json\/wp\/v2\/media?parent=37229"}],"wp:term":[{"taxonomy":"category","embeddable":true,"href":"https:\/\/euapp01.newsmemory.com\/lamarseillaise\/news\/wp-json\/wp\/v2\/categories?post=37229"},{"taxonomy":"post_tag","embeddable":true,"href":"https:\/\/euapp01.newsmemory.com\/lamarseillaise\/news\/wp-json\/wp\/v2\/tags?post=37229"},{"taxonomy":"news-destination","embeddable":true,"href":"https:\/\/euapp01.newsmemory.com\/lamarseillaise\/news\/wp-json\/wp\/v2\/news-destination?post=37229"},{"taxonomy":"news-source","embeddable":true,"href":"https:\/\/euapp01.newsmemory.com\/lamarseillaise\/news\/wp-json\/wp\/v2\/news-source?post=37229"},{"taxonomy":"is_homepage","embeddable":true,"href":"https:\/\/euapp01.newsmemory.com\/lamarseillaise\/news\/wp-json\/wp\/v2\/is_homepage?post=37229"},{"taxonomy":"ta_other","embeddable":true,"href":"https:\/\/euapp01.newsmemory.com\/lamarseillaise\/news\/wp-json\/wp\/v2\/ta_other?post=37229"}],"curies":[{"name":"wp","href":"https:\/\/api.w.org\/{rel}","templated":true}]}}