{"id":37225,"date":"2026-07-23T08:13:00","date_gmt":"2026-07-23T06:13:00","guid":{"rendered":"https:\/\/euapp01.newsmemory.com\/lamarseillaise\/news\/?p=37225"},"modified":"2026-07-29T11:08:23","modified_gmt":"2026-07-29T09:08:23","slug":"cest-lete-le-camion-mobile-du-centre-pompidou-sinstalle-a-aix","status":"publish","type":"post","link":"https:\/\/euapp01.newsmemory.com\/lamarseillaise\/news\/2026\/07\/23\/cest-lete-le-camion-mobile-du-centre-pompidou-sinstalle-a-aix\/","title":{"rendered":"[C\u2019est l\u2019\u00e9t\u00e9] Le camion mobile du Centre Pompidou s\u2019installe \u00e0 Aix"},"content":{"rendered":"<div class=\"paragraph\">\n<p>\u00ab <i>C<\/i><i>e sont des \u0153uvres originales<\/i><i>\u00a0<\/i><i>!<\/i><i>\u00a0<\/i>\u00bb, pr\u00e9vient le chauffeur du mus\u00e9e ambulant d\u00e8s l\u2019ouverture des portes. Sur la place de la Croix-Verte, \u00e9galement appel\u00e9e place du March\u00e9 du Jas-de-Bouffan, une partie du Centre Pompidou a pris ses quartiers. Dans ce camion aux espaces modulables, quinze \u0153uvres inspir\u00e9es de l\u2019univers du cirque, sign\u00e9es notamment Auguste Sander, Henri Matisse ou encore Raoul Dufy, sont pr\u00e9sent\u00e9es au public dans cette galerie nomade.<\/p>\n<p>Une projection vid\u00e9o et des ateliers pour les plus jeunes compl\u00e8tent la visite de cet \u00e9chantillon du Centre Pompidou. Le MuMo (Mus\u00e9e Mobile) accueille ainsi le public aixois. Ses portes sont encore ouvertes gratuitement ce jeudi de 17h30 \u00e0 20h et ce vendredi de 16h30 \u00e0 19h. Initialement attendu d\u00e8s mardi \u00e0 Encagnane, le camion-mus\u00e9e n\u2019avait pas pu ouvrir en raison de probl\u00e8mes techniques.<\/p>\n<p>Pour la petite histoire, le MuMo permet aux \u0153uvres des mus\u00e9es d\u2019art moderne d\u2019aller \u00e0 la rencontre des habitants des villages et des quartiers les plus \u00e9loign\u00e9s de l\u2019offre culturelle. Cr\u00e9\u00e9 en 2011 par Ingrid Brochard avec l\u2019ambition de rendre l\u2019art contemporain accessible \u00e0 tous les publics, il s\u2019est associ\u00e9 en 2022 au Centre Pompidou, donnant naissance \u00e0 ce camion-mus\u00e9e qui sillonne aujourd\u2019hui les routes de France. Depuis 2025, le MuMo poursuit son d\u00e9veloppement au sein de la Fondation Art Explora gr\u00e2ce \u00e0 de nouveaux dispositifs culturels mobiles.<\/p>\n<p>Pour que le MuMo fasse halte \u00e0 Aix-en-Provence, c\u2019est le CIAM qui, en lien avec le Centre Pompidou, a port\u00e9 l\u2019id\u00e9e aupr\u00e8s de la municipalit\u00e9 avant que le projet ne soit repris par la Direction de la culture et la Politique de la ville. \u00ab<i>\u00a0<\/i><i>Il est important que la culture aille au-devant des gens (&#8230;), les personnes en pr\u00e9carit\u00e9 s\u2019interdisent souvent d\u2019aller vers la culture<\/i><i>\u00a0<\/i>\u00bb, contextualise Elisabeth Huard, \u00e9lue \u00e0 la politique de la Ville. En matin\u00e9e, explique Yahnis, m\u00e9diatrice culturelle au sein d\u2019Art Explora, des ateliers sont organis\u00e9s avec les structures sociales. \u00ab<i>\u00a0<\/i><i>Quand on discute avec les familles, on se rend souvent compte d\u2019un manque d\u2019accessibilit\u00e9 vers les mus\u00e9es, parce qu\u2019ils sont loin<\/i><i>\u00a0<\/i>\u00bb, notet-il. Dans le camion, le public arrive timidement \u00e0 l\u2019ouverture. Adrien, venu avec sa petite s\u0153ur et sa grand-m\u00e8re, d\u00e9signe une \u0153uvre de Raoul Dufy qui attire son attention. \u00ab<i>\u00a0<\/i><i>C\u2019est quand m\u00eame le mus\u00e9e Pompidou qui vient \u00e0 nous<\/i><i>\u00a0<\/i><i>! Et puis le cirque, c\u2019est passionnant&#8230;<\/i><i>\u00a0<\/i>\u00bb, glisse Marie-Jos\u00e9e, leur grand-m\u00e8re.<\/p>\n<\/p><\/div>\n<div class=\"paragraph\">\n<p><i>La halte pr\u00e9vue \u00e0 Marseille les 25 et 26 juillet est annul\u00e9e. <\/i><\/p>\n<\/p><\/div>\n","protected":false},"excerpt":{"rendered":"&laquo; Ce sont des &oelig;uvres originales&nbsp;!&nbsp;&raquo;, pr&eacute;vient le chauffeur du mus&eacute;e ambulant d&egrave;s l&rsquo;ouverture des portes. Sur la place de la Croix-Verte, &eacute;galement appel&eacute;e place du March&eacute; du &#8230;","protected":false},"author":1,"featured_media":37226,"comment_status":"open","ping_status":"open","sticky":false,"template":"","format":"standard","meta":{"footnotes":""},"categories":[3926,3925,32],"tags":[1776,2873,556,311,1059,2458,10,6085,1901,4021,35,57,58,55,2034,700,720],"news-destination":[3944],"news-source":[475],"is_homepage":[],"ta_other":[],"class_list":["post-37225","post","type-post","status-publish","format-standard","has-post-thumbnail","hentry","category-accueil-merge","category-accueil-third","category-culture","tag-accessibilite","tag-activites-de-loisirs","tag-aix-en-provence","tag-art-contemporain","tag-arts","tag-beaux-arts","tag-bouches-du-rhone","tag-cest-lete","tag-camions","tag-centre-pompidou","tag-culture","tag-enfants","tag-famille","tag-loisirs","tag-musees","tag-quartier","tag-ville","news-destination-homepage","news-source-website"],"_links":{"self":[{"href":"https:\/\/euapp01.newsmemory.com\/lamarseillaise\/news\/wp-json\/wp\/v2\/posts\/37225","targetHints":{"allow":["GET"]}}],"collection":[{"href":"https:\/\/euapp01.newsmemory.com\/lamarseillaise\/news\/wp-json\/wp\/v2\/posts"}],"about":[{"href":"https:\/\/euapp01.newsmemory.com\/lamarseillaise\/news\/wp-json\/wp\/v2\/types\/post"}],"author":[{"embeddable":true,"href":"https:\/\/euapp01.newsmemory.com\/lamarseillaise\/news\/wp-json\/wp\/v2\/users\/1"}],"replies":[{"embeddable":true,"href":"https:\/\/euapp01.newsmemory.com\/lamarseillaise\/news\/wp-json\/wp\/v2\/comments?post=37225"}],"version-history":[{"count":1,"href":"https:\/\/euapp01.newsmemory.com\/lamarseillaise\/news\/wp-json\/wp\/v2\/posts\/37225\/revisions"}],"predecessor-version":[{"id":37227,"href":"https:\/\/euapp01.newsmemory.com\/lamarseillaise\/news\/wp-json\/wp\/v2\/posts\/37225\/revisions\/37227"}],"wp:featuredmedia":[{"embeddable":true,"href":"https:\/\/euapp01.newsmemory.com\/lamarseillaise\/news\/wp-json\/wp\/v2\/media\/37226"}],"wp:attachment":[{"href":"https:\/\/euapp01.newsmemory.com\/lamarseillaise\/news\/wp-json\/wp\/v2\/media?parent=37225"}],"wp:term":[{"taxonomy":"category","embeddable":true,"href":"https:\/\/euapp01.newsmemory.com\/lamarseillaise\/news\/wp-json\/wp\/v2\/categories?post=37225"},{"taxonomy":"post_tag","embeddable":true,"href":"https:\/\/euapp01.newsmemory.com\/lamarseillaise\/news\/wp-json\/wp\/v2\/tags?post=37225"},{"taxonomy":"news-destination","embeddable":true,"href":"https:\/\/euapp01.newsmemory.com\/lamarseillaise\/news\/wp-json\/wp\/v2\/news-destination?post=37225"},{"taxonomy":"news-source","embeddable":true,"href":"https:\/\/euapp01.newsmemory.com\/lamarseillaise\/news\/wp-json\/wp\/v2\/news-source?post=37225"},{"taxonomy":"is_homepage","embeddable":true,"href":"https:\/\/euapp01.newsmemory.com\/lamarseillaise\/news\/wp-json\/wp\/v2\/is_homepage?post=37225"},{"taxonomy":"ta_other","embeddable":true,"href":"https:\/\/euapp01.newsmemory.com\/lamarseillaise\/news\/wp-json\/wp\/v2\/ta_other?post=37225"}],"curies":[{"name":"wp","href":"https:\/\/api.w.org\/{rel}","templated":true}]}}