{"id":37222,"date":"2026-07-23T08:09:00","date_gmt":"2026-07-23T06:09:00","guid":{"rendered":"https:\/\/euapp01.newsmemory.com\/lamarseillaise\/news\/?p=37222"},"modified":"2026-07-29T09:23:45","modified_gmt":"2026-07-29T07:23:45","slug":"cest-lete-le-rove-a-cloture-les-fetes-votives-avec-une-soiree-la-marseillaise","status":"publish","type":"post","link":"https:\/\/euapp01.newsmemory.com\/lamarseillaise\/news\/2026\/07\/23\/cest-lete-le-rove-a-cloture-les-fetes-votives-avec-une-soiree-la-marseillaise\/","title":{"rendered":"[C\u2019est l\u2019\u00e9t\u00e9] Le Rove a cl\u00f4tur\u00e9 les f\u00eates votives avec une soir\u00e9e \u00ab&nbsp;La&nbsp;Marseillaise&nbsp;\u00bb"},"content":{"rendered":"<div class=\"paragraph\">\n<p>Alors que le mois des f\u00eates votives de la Sainte-Anne touche \u00e0 sa fin, le maire PCF du Rove, Paul Sabatino, a lanc\u00e9 la derni\u00e8re, mardi soir, organis\u00e9e par <i>La<\/i><i>\u00a0<\/i><i>Marseillaise<\/i> \u00e0 la salle des f\u00eates. Il a salu\u00e9 sur sc\u00e8ne l\u2019apport au pluralisme de ce \u00ab\u00a0<i>journal qui donne la parole \u00e0 ceux qui ne l\u2019ont pas<\/i><i>\u00a0<\/i>\u00bb et termin\u00e9 son intervention sous les applaudissements en lan\u00e7ant \u00ab\u00a0<i>vive Le Rove<\/i><i>\u00a0<\/i><i>!<\/i><i>\u00a0<\/i>\u00bb<\/p>\n<p>Sur place, des buvettes, stands de restauration et bien s\u00fbr l\u2019association des amis de <i>La<\/i><i>\u00a0<\/i><i>Marseillaise<\/i> pr\u00e9sente pour vendre sacs, badges et goodies aux couleurs du quotidien et r\u00e9colter des fonds pour soutenir \u00ab\u00a0<i>le d\u00e9veloppement obligatoire du journal<\/i><i>\u00a0<\/i>\u00bb, mart\u00e8le son pr\u00e9sident, Serge Baroni, ravi d\u2019avoir vendu 20\u00a0sacs \u00e0 l\u2019effigie de la peinture d\u2019Ambrogiani qui orne les murs de la salle de la r\u00e9daction. Et d\u2019en profiter pour rappeler \u00e9galement que les adh\u00e9sions \u00e0 l\u2019association sont n\u00e9cessaires.<\/p>\n<p>La soir\u00e9e a \u00e9t\u00e9 ouverte avec le groupe de reprises \u00ab\u00a0Jukebox\u00a0\u00bb, qui a fait se lever et chanter les Rovenains. Plus l\u2019heure avan\u00e7ait, plus l\u2019ambiance montait, mais toujours une ambiance \u00ab\u00a0<i>bonne enfant et conviviale<\/i><i>\u00a0<\/i><i>\u00bb<\/i> comme s\u2019accordent \u00e0 le dire Nicolas et Audrey, des vacanciers de Limoges venus au Rove. \u00ab\u00a0<i>Nous n\u2019avons pas su r\u00e9sister \u00e0 la curiosit\u00e9 de savoir d\u2019o\u00f9 venaient la musique et l\u2019ambiance. Elles nous ont guid\u00e9s directement \u00e0 la salle des f\u00eates.<\/i><i>\u00a0<\/i>\u00bb<\/p>\n<p>\u00c0 l\u2019entr\u00e9e, les familles, groupes d\u2019amis et autres f\u00eatards continuaient de s\u2019installer pour boire un verre ou manger un sandwich pr\u00e9par\u00e9 sur place. Dehors, on faisait de grandes tabl\u00e9es, discutant avec les voisins, trinquant avec les uns et les autres. Une fois le public immerg\u00e9 dans l\u2019ambiance, et le repas termin\u00e9, est arriv\u00e9 l\u2019artiste \u00ab\u00a0Magnifico\u00a0\u00bb, un v\u00e9ritable showman incarnant Freddie Mercury et ses chansons.<\/p>\n<p>La ferveur est encore mont\u00e9e d\u2019un cran, le public se pressant au pied de la sc\u00e8ne o\u00f9 l\u2019artiste interpr\u00e9tait les chansons de Queen comme s\u2019il en \u00e9tait l\u2019auteur. Les flashs et les briquets se levaient eux aussi. M\u00eame les plus jeunes comme Maxence, 18\u00a0ans, se laissaient entra\u00eener\u00a0: \u00ab\u00a0<i>Je suis d\u00e9j\u00e0 venu j\u2019ai aim\u00e9 l\u2019ambiance donc je suis revenu c\u2019est un bon moment de d\u00e9tente<\/i><i>\u00a0<\/i>\u00bb. Place ensuite \u00e0 JM\u00a0Sicky, DJ originaire du Rove charg\u00e9 de poursuivre et cl\u00f4turer la soir\u00e9e. \u00ab\u00a0<i>Il y a quelque chose que les DJ d\u00e9testent, les gens assis<\/i><i>\u00a0<\/i><i>! Alors, poussez les chaises, faites de la place et venez danser<\/i><i>\u00a0<\/i><i>!<\/i><i>\u00a0<\/i>\u00bb<i>, <\/i>lance-t-il \u00e0 la salle en jouant un air bien connu de Madison. Il continuera d\u2019entra\u00eener les Rovenains jusque tard dans la nuit.<\/p>\n<p><b>Louis Golliot <\/b><\/p>\n<\/p><\/div>\n","protected":false},"excerpt":{"rendered":"Alors que le mois des f&ecirc;tes votives de la Sainte-Anne touche &agrave; sa fin, le maire PCF du Rove, Paul Sabatino, a lanc&eacute; la derni&egrave;re, mardi soir, organis&eacute;e par La&nbsp;Marseillaise &agrave; la salle des f&ecirc;tes. Il a &#8230;","protected":false},"author":1,"featured_media":37223,"comment_status":"open","ping_status":"open","sticky":false,"template":"","format":"standard","meta":{"footnotes":""},"categories":[3926,3925,32,20],"tags":[10,6085,400,1341,1138,1654,325,2971,1279],"news-destination":[3944],"news-source":[475],"is_homepage":[],"ta_other":[],"class_list":["post-37222","post","type-post","status-publish","format-standard","has-post-thumbnail","hentry","category-accueil-merge","category-accueil-third","category-culture","category-societe","tag-bouches-du-rhone","tag-cest-lete","tag-concerts","tag-convivialite","tag-festivites","tag-le-rove","tag-musique","tag-paul-sabatino","tag-tournee-dete-la-marseillaise","news-destination-homepage","news-source-website"],"_links":{"self":[{"href":"https:\/\/euapp01.newsmemory.com\/lamarseillaise\/news\/wp-json\/wp\/v2\/posts\/37222","targetHints":{"allow":["GET"]}}],"collection":[{"href":"https:\/\/euapp01.newsmemory.com\/lamarseillaise\/news\/wp-json\/wp\/v2\/posts"}],"about":[{"href":"https:\/\/euapp01.newsmemory.com\/lamarseillaise\/news\/wp-json\/wp\/v2\/types\/post"}],"author":[{"embeddable":true,"href":"https:\/\/euapp01.newsmemory.com\/lamarseillaise\/news\/wp-json\/wp\/v2\/users\/1"}],"replies":[{"embeddable":true,"href":"https:\/\/euapp01.newsmemory.com\/lamarseillaise\/news\/wp-json\/wp\/v2\/comments?post=37222"}],"version-history":[{"count":1,"href":"https:\/\/euapp01.newsmemory.com\/lamarseillaise\/news\/wp-json\/wp\/v2\/posts\/37222\/revisions"}],"predecessor-version":[{"id":37224,"href":"https:\/\/euapp01.newsmemory.com\/lamarseillaise\/news\/wp-json\/wp\/v2\/posts\/37222\/revisions\/37224"}],"wp:featuredmedia":[{"embeddable":true,"href":"https:\/\/euapp01.newsmemory.com\/lamarseillaise\/news\/wp-json\/wp\/v2\/media\/37223"}],"wp:attachment":[{"href":"https:\/\/euapp01.newsmemory.com\/lamarseillaise\/news\/wp-json\/wp\/v2\/media?parent=37222"}],"wp:term":[{"taxonomy":"category","embeddable":true,"href":"https:\/\/euapp01.newsmemory.com\/lamarseillaise\/news\/wp-json\/wp\/v2\/categories?post=37222"},{"taxonomy":"post_tag","embeddable":true,"href":"https:\/\/euapp01.newsmemory.com\/lamarseillaise\/news\/wp-json\/wp\/v2\/tags?post=37222"},{"taxonomy":"news-destination","embeddable":true,"href":"https:\/\/euapp01.newsmemory.com\/lamarseillaise\/news\/wp-json\/wp\/v2\/news-destination?post=37222"},{"taxonomy":"news-source","embeddable":true,"href":"https:\/\/euapp01.newsmemory.com\/lamarseillaise\/news\/wp-json\/wp\/v2\/news-source?post=37222"},{"taxonomy":"is_homepage","embeddable":true,"href":"https:\/\/euapp01.newsmemory.com\/lamarseillaise\/news\/wp-json\/wp\/v2\/is_homepage?post=37222"},{"taxonomy":"ta_other","embeddable":true,"href":"https:\/\/euapp01.newsmemory.com\/lamarseillaise\/news\/wp-json\/wp\/v2\/ta_other?post=37222"}],"curies":[{"name":"wp","href":"https:\/\/api.w.org\/{rel}","templated":true}]}}