{"id":37219,"date":"2026-07-23T07:57:00","date_gmt":"2026-07-23T05:57:00","guid":{"rendered":"https:\/\/euapp01.newsmemory.com\/lamarseillaise\/news\/?p=37219"},"modified":"2026-07-23T10:10:13","modified_gmt":"2026-07-23T08:10:13","slug":"au-festival-daix-toujours-plus-dengouement-pour-lopera","status":"publish","type":"post","link":"https:\/\/euapp01.newsmemory.com\/lamarseillaise\/news\/2026\/07\/23\/au-festival-daix-toujours-plus-dengouement-pour-lopera\/","title":{"rendered":"Au Festival d\u2019Aix, toujours plus d\u2019engouement pour l\u2019op\u00e9ra"},"content":{"rendered":"<div class=\"paragraph\">\n<p>La 78<sup>e<\/sup>\u00a0\u00e9dition du prestigieux Festival d\u2019art lyrique d\u2019Aix-en-Provence vient de s\u2019achever. Con\u00e7ue par Pierre Audi, disparu l\u2019an dernier, elle a \u00e9t\u00e9 men\u00e9e \u00e0 son terme par son successeur, le metteur en sc\u00e8ne am\u00e9ricain Ted Huffman. Ponctu\u00e9e de repr\u00e9sentations exigeantes, d\u2019actions \u00e0 vocation solidaire et de visites officielles, dont celle de la ministre de la Culture, Catherine P\u00e9gard, cette \u00e9dition s\u2019est d\u00e9roul\u00e9e du 2 au 21\u00a0juillet (lire en page\u00a018). Le Festival dresse son bilan.<\/p>\n<p>Sur plus de deux semaines, pr\u00e8s de 64\u00a0000\u00a0spectateurs ont particip\u00e9 aux diff\u00e9rentes propositions du Festival, dont plus de 38\u00a0000\u00a0pour les op\u00e9ras et concerts programm\u00e9s en juillet. Les \u00e9v\u00e9nements gratuits organis\u00e9s autour de la manifestation, qui fait de la d\u00e9mocratisation de l\u2019op\u00e9ra une priorit\u00e9, ont quant \u00e0 eux attir\u00e9 26\u00a0000\u00a0personnes.<\/p>\n<p>Dans cette m\u00eame volont\u00e9 d\u2019ouverture au plus grand nombre, plus d\u2019un tiers des billets ont \u00e9t\u00e9 vendus \u00e0 moins de 60\u00a0euros, tandis que 3\u00a0136\u00a0places ont \u00e9t\u00e9 achet\u00e9es par des spectateurs de moins de 30\u00a0ans. Le dispositif de d\u00e9couverte Op\u00e9ra ON, destin\u00e9 \u00e0 ce public, a notamment permis \u00e0 697\u00a0jeunes d\u2019assister \u00e0 des repr\u00e9sentations \u00e0 tarif pr\u00e9f\u00e9rentiel. Les organisateurs soulignent un taux de remplissage des op\u00e9ras de 97\u00a0%, en hausse de quatre points par rapport \u00e0 2025, tandis que la fr\u00e9quentation globale du Festival s\u2019\u00e9tablit \u00e0 92\u00a0%.<\/p>\n<p>Les \u00e9changes avec le public ont \u00e9galement rythm\u00e9 cette \u00e9dition, avec 27 Pr\u00e9ludes, 17 Midis du Festival et 14 projections gratuites d\u2019op\u00e9ras organis\u00e9es dans onze communes de la r\u00e9gion. Au total, le Festival compte \u00ab<i>\u00a0<\/i><i>pr\u00e8s de 4<\/i><i>\u00a0<\/i><i>500<\/i><i>\u00a0<\/i><i>participantes et participants aux actions de sensibilisation \u00e0 l\u2019op\u00e9ra, invit\u00e9s \u00e0 21<\/i><i>\u00a0<\/i><i>r\u00e9p\u00e9titions et spectacles, ou \u00e0 17<\/i><i>\u00a0<\/i><i>rencontres en musiques et r\u00e9citals p\u00e9dagogiques sur le territoire<\/i><i>\u00a0<\/i>\u00bb<i>.<\/i><\/p>\n<p>C\u00f4t\u00e9 rayonnement international, ce sont au total \u00ab<i>\u00a0<\/i><i>47<\/i><i>\u00a0<\/i><i>artistes de 16<\/i><i>\u00a0<\/i><i>nationalit\u00e9s accueillis dans le cadre des activit\u00e9s de l\u2019Acad\u00e9mie<\/i><i>\u00a0<\/i>\u00bb<i>,<\/i> indiquent les \u00e9quipes. \u00c0 noter que 223\u00a0journalistes \u00e9taient accr\u00e9dit\u00e9s pour couvrir l\u2019\u00e9v\u00e9nement, dont 119 issus de m\u00e9dias internationaux. La 79<sup>e<\/sup>\u00a0\u00e9dition est d\u2019ores et d\u00e9j\u00e0 programm\u00e9e du 1<sup>er<\/sup> au 20\u00a0juillet 2027.<\/p>\n<\/p><\/div>\n","protected":false},"excerpt":{"rendered":"La 78e&nbsp;&eacute;dition du prestigieux Festival d&rsquo;art lyrique d&rsquo;Aix-en-Provence vient de s&rsquo;achever. Con&ccedil;ue par Pierre Audi, disparu l&rsquo;an dernier, elle a &eacute;t&eacute; men&eacute;e &agrave; son terme par son &#8230;","protected":false},"author":1,"featured_media":37220,"comment_status":"open","ping_status":"open","sticky":false,"template":"","format":"standard","meta":{"footnotes":""},"categories":[32],"tags":[556,723,10,35,4352,1239],"news-destination":[],"news-source":[475],"is_homepage":[],"ta_other":[],"class_list":["post-37219","post","type-post","status-publish","format-standard","has-post-thumbnail","hentry","category-culture","tag-aix-en-provence","tag-bilan","tag-bouches-du-rhone","tag-culture","tag-festival-daix","tag-opera","news-source-website"],"_links":{"self":[{"href":"https:\/\/euapp01.newsmemory.com\/lamarseillaise\/news\/wp-json\/wp\/v2\/posts\/37219","targetHints":{"allow":["GET"]}}],"collection":[{"href":"https:\/\/euapp01.newsmemory.com\/lamarseillaise\/news\/wp-json\/wp\/v2\/posts"}],"about":[{"href":"https:\/\/euapp01.newsmemory.com\/lamarseillaise\/news\/wp-json\/wp\/v2\/types\/post"}],"author":[{"embeddable":true,"href":"https:\/\/euapp01.newsmemory.com\/lamarseillaise\/news\/wp-json\/wp\/v2\/users\/1"}],"replies":[{"embeddable":true,"href":"https:\/\/euapp01.newsmemory.com\/lamarseillaise\/news\/wp-json\/wp\/v2\/comments?post=37219"}],"version-history":[{"count":1,"href":"https:\/\/euapp01.newsmemory.com\/lamarseillaise\/news\/wp-json\/wp\/v2\/posts\/37219\/revisions"}],"predecessor-version":[{"id":37221,"href":"https:\/\/euapp01.newsmemory.com\/lamarseillaise\/news\/wp-json\/wp\/v2\/posts\/37219\/revisions\/37221"}],"wp:featuredmedia":[{"embeddable":true,"href":"https:\/\/euapp01.newsmemory.com\/lamarseillaise\/news\/wp-json\/wp\/v2\/media\/37220"}],"wp:attachment":[{"href":"https:\/\/euapp01.newsmemory.com\/lamarseillaise\/news\/wp-json\/wp\/v2\/media?parent=37219"}],"wp:term":[{"taxonomy":"category","embeddable":true,"href":"https:\/\/euapp01.newsmemory.com\/lamarseillaise\/news\/wp-json\/wp\/v2\/categories?post=37219"},{"taxonomy":"post_tag","embeddable":true,"href":"https:\/\/euapp01.newsmemory.com\/lamarseillaise\/news\/wp-json\/wp\/v2\/tags?post=37219"},{"taxonomy":"news-destination","embeddable":true,"href":"https:\/\/euapp01.newsmemory.com\/lamarseillaise\/news\/wp-json\/wp\/v2\/news-destination?post=37219"},{"taxonomy":"news-source","embeddable":true,"href":"https:\/\/euapp01.newsmemory.com\/lamarseillaise\/news\/wp-json\/wp\/v2\/news-source?post=37219"},{"taxonomy":"is_homepage","embeddable":true,"href":"https:\/\/euapp01.newsmemory.com\/lamarseillaise\/news\/wp-json\/wp\/v2\/is_homepage?post=37219"},{"taxonomy":"ta_other","embeddable":true,"href":"https:\/\/euapp01.newsmemory.com\/lamarseillaise\/news\/wp-json\/wp\/v2\/ta_other?post=37219"}],"curies":[{"name":"wp","href":"https:\/\/api.w.org\/{rel}","templated":true}]}}