{"id":37216,"date":"2026-07-23T07:54:00","date_gmt":"2026-07-23T05:54:00","guid":{"rendered":"https:\/\/euapp01.newsmemory.com\/lamarseillaise\/news\/?p=37216"},"modified":"2026-07-23T10:04:57","modified_gmt":"2026-07-23T08:04:57","slug":"avignon-la-greve-se-poursuit-au-cloitre-saint-louis","status":"publish","type":"post","link":"https:\/\/euapp01.newsmemory.com\/lamarseillaise\/news\/2026\/07\/23\/avignon-la-greve-se-poursuit-au-cloitre-saint-louis\/","title":{"rendered":"Avignon : la gr\u00e8ve se poursuit au clo\u00eetre Saint-Louis"},"content":{"rendered":"<div class=\"paragraph\">\n<p>Les murs du clo\u00eetre Saint-Louis, si\u00e8ge du In \u00e0 Avignon, ont trembl\u00e9, ce mercredi 22\u00a0juillet, en plein Festival. Les gr\u00e9vistes de l\u2019\u00e9tablissement h\u00f4telier ont en effet donn\u00e9 de la voix pour rappeler la <a rel=\"noopener noreferrer\" href=\"https:\/\/www.lamarseillaise.fr\/social\/avignon-a-l-hotel-du-cloitre-saint-louis-une-greve-qui-sort-des-murs-LA20469983\" target=\"_blank\">gr\u00e8ve lanc\u00e9e le 3\u00a0juillet dernier.<\/a><\/p>\n<p>Une dizaine de salari\u00e9s ont initi\u00e9 ce mouvement afin d\u2019obtenir une am\u00e9lioration de leurs conditions de travail. \u00ab\u00a0<i>En \u00e9t\u00e9, \u00e0 la r\u00e9ception, il fait plus de 40<\/i><i>\u00a0<\/i><i>degr\u00e9s. Et en hiver, il fait parfois 8<\/i><i>\u00a0<\/i><i>degr\u00e9s. Ce n\u2019est pas tenable<\/i><i>\u00a0<\/i>\u00bb, confie l\u2019un d\u2019entre eux. \u00ab\u00a0<i>Ce n\u2019est que le d\u00e9but. On ne va rien l\u00e2cher<\/i>\u00a0\u00bb, s\u2019\u00e9gosille, micro en main, Laetitia Pancuvilier, d\u00e9l\u00e9gu\u00e9e\u00a0CGT.<\/p>\n<p>Les salari\u00e9s r\u00e9clament \u00e9galement une augmentation salariale de 5%. \u00ab<i>\u00a0<\/i><i>Ils sont quasiment tous tout en bas de la grille salariale. Il faut qu\u2019ils soient augment\u00e9s \u00e0 la hauteur de leurs efforts<\/i><i>\u00a0<\/i>\u00bb, demande Carlos Acha Moreno, secr\u00e9taire de l\u2019UL CGT Avignon. Une dizaine de personnes, soit pr\u00e8s de la moiti\u00e9 des employ\u00e9s d\u2019apr\u00e8s le syndicat, d\u00e9brayent plusieurs jours par semaine \u00ab\u00a0<i>car cela nous co\u00fbte cher<\/i>\u00a0\u00bb, rappellent-ils. Sans oublier la fermeture annonc\u00e9e d\u2019un ou deux sites pour des travaux. P\u00e9riode durant laquelle une perte de r\u00e9mun\u00e9ration de 28% est pr\u00e9vue.<\/p>\n<\/p><\/div>\n<div class=\"intext\"> Appel \u00e0 la direction\n              <\/div>\n<div class=\"paragraph\">\n<p>Des \u00ab\u00a0<i>Direction d\u00e9mission<\/i><i>\u00a0<\/i><i>!<\/i>\u00a0\u00bb ont fus\u00e9 pendant plus d\u2019une heure dans l\u2019enceinte de l\u2019\u00e9tablissement, o\u00f9 se prom\u00e8nent quelques festivaliers curieux. Car le dialogue entre les repr\u00e9sentants syndicaux et la direction est quasiment au point mort. \u00ab\u00a0<i>On est l\u00e0 et on restera jusqu\u2019au bout<\/i><i>\u00a0<\/i><i>! Sortez pour venir nous parler<\/i><i>\u00a0<\/i>\u00bb, lance Laetitia Pancuvilier. Peine perdue. La direction n\u2019a \u00e9galement pas r\u00e9pondu aux sollicitations de <i>La<\/i><i>\u00a0<\/i><i>Marseillaise<\/i>. \u00ab\u00a0<i>Bient\u00f4t trois semaines de conflit, mais il n\u2019est pas trop tard pour arr\u00eater l\u2019h\u00e9morragie. Nous ne l\u00e2cherons pas. Vous serez tenus responsables de toutes les cons\u00e9quences que le mouvement aura sur vos \u00e9quipes<\/i>\u00a0\u00bb, insiste l\u2019Union locale du syndicat. Un autre employ\u00e9 \u00e9voque un \u00ab\u00a0<i>pseudo-dialogue<\/i>\u00a0\u00bb qui n\u2019en est pas un. \u00ab\u00a0<i>Il y a m\u00eame une forme de discrimination mise en place. Comme des pauses o\u00f9 on nous laisse seuls ou des moments sans nous<\/i>\u00a0\u00bb, glisse-t-il.<\/p>\n<p>Les soutiens se multiplient et les modalit\u00e9s de poursuite de la mobilisation sont actuellement en discussion. Sophie Binet, secr\u00e9taire g\u00e9n\u00e9rale de la CGT, s\u2019\u00e9tait rendue sur place il y a une semaine.<\/p>\n<\/p><\/div>\n","protected":false},"excerpt":{"rendered":"Les murs du clo&icirc;tre Saint-Louis, si&egrave;ge du In &agrave; Avignon, ont trembl&eacute;, ce mercredi 22&nbsp;juillet, en plein Festival. Les gr&eacute;vistes de l&rsquo;&eacute;tablissement h&ocirc;telier ont en effet donn&eacute; de la voix &#8230;","protected":false},"author":1,"featured_media":37217,"comment_status":"open","ping_status":"open","sticky":false,"template":"","format":"standard","meta":{"footnotes":""},"categories":[331],"tags":[1703,174,195,3607,3322,1490,329,2965,4319,962,1557,171],"news-destination":[],"news-source":[475],"is_homepage":[],"ta_other":[],"class_list":["post-37216","post","type-post","status-publish","format-standard","has-post-thumbnail","hentry","category-social","tag-augmentation","tag-avignon","tag-conditions-de-travail","tag-conflit","tag-dialogue","tag-direction","tag-festival","tag-grevistes","tag-saint-louis","tag-salaries","tag-sophie-binet","tag-vaucluse","news-source-website"],"_links":{"self":[{"href":"https:\/\/euapp01.newsmemory.com\/lamarseillaise\/news\/wp-json\/wp\/v2\/posts\/37216","targetHints":{"allow":["GET"]}}],"collection":[{"href":"https:\/\/euapp01.newsmemory.com\/lamarseillaise\/news\/wp-json\/wp\/v2\/posts"}],"about":[{"href":"https:\/\/euapp01.newsmemory.com\/lamarseillaise\/news\/wp-json\/wp\/v2\/types\/post"}],"author":[{"embeddable":true,"href":"https:\/\/euapp01.newsmemory.com\/lamarseillaise\/news\/wp-json\/wp\/v2\/users\/1"}],"replies":[{"embeddable":true,"href":"https:\/\/euapp01.newsmemory.com\/lamarseillaise\/news\/wp-json\/wp\/v2\/comments?post=37216"}],"version-history":[{"count":1,"href":"https:\/\/euapp01.newsmemory.com\/lamarseillaise\/news\/wp-json\/wp\/v2\/posts\/37216\/revisions"}],"predecessor-version":[{"id":37218,"href":"https:\/\/euapp01.newsmemory.com\/lamarseillaise\/news\/wp-json\/wp\/v2\/posts\/37216\/revisions\/37218"}],"wp:featuredmedia":[{"embeddable":true,"href":"https:\/\/euapp01.newsmemory.com\/lamarseillaise\/news\/wp-json\/wp\/v2\/media\/37217"}],"wp:attachment":[{"href":"https:\/\/euapp01.newsmemory.com\/lamarseillaise\/news\/wp-json\/wp\/v2\/media?parent=37216"}],"wp:term":[{"taxonomy":"category","embeddable":true,"href":"https:\/\/euapp01.newsmemory.com\/lamarseillaise\/news\/wp-json\/wp\/v2\/categories?post=37216"},{"taxonomy":"post_tag","embeddable":true,"href":"https:\/\/euapp01.newsmemory.com\/lamarseillaise\/news\/wp-json\/wp\/v2\/tags?post=37216"},{"taxonomy":"news-destination","embeddable":true,"href":"https:\/\/euapp01.newsmemory.com\/lamarseillaise\/news\/wp-json\/wp\/v2\/news-destination?post=37216"},{"taxonomy":"news-source","embeddable":true,"href":"https:\/\/euapp01.newsmemory.com\/lamarseillaise\/news\/wp-json\/wp\/v2\/news-source?post=37216"},{"taxonomy":"is_homepage","embeddable":true,"href":"https:\/\/euapp01.newsmemory.com\/lamarseillaise\/news\/wp-json\/wp\/v2\/is_homepage?post=37216"},{"taxonomy":"ta_other","embeddable":true,"href":"https:\/\/euapp01.newsmemory.com\/lamarseillaise\/news\/wp-json\/wp\/v2\/ta_other?post=37216"}],"curies":[{"name":"wp","href":"https:\/\/api.w.org\/{rel}","templated":true}]}}