{"id":37213,"date":"2026-07-23T07:40:00","date_gmt":"2026-07-23T05:40:00","guid":{"rendered":"https:\/\/euapp01.newsmemory.com\/lamarseillaise\/news\/?p=37213"},"modified":"2026-07-29T08:57:37","modified_gmt":"2026-07-29T06:57:37","slug":"laudience-del-mahdi-lyoubi-reportee-au-31-juillet","status":"publish","type":"post","link":"https:\/\/euapp01.newsmemory.com\/lamarseillaise\/news\/2026\/07\/23\/laudience-del-mahdi-lyoubi-reportee-au-31-juillet\/","title":{"rendered":"L\u2019audience d\u2019El Mahdi Lyoubi report\u00e9e au 31&nbsp;juillet"},"content":{"rendered":"<div class=\"paragraph\">\n<p>Les d\u00e9fenseurs de la libert\u00e9 d\u2019expression sont difficiles \u00e0 faire taire. Mercredi matin, alors que se tenait la premi\u00e8re audience du rappeur et r\u00e9alisateur marocain El Mahdi Lyoubi, connu sous le nom de sc\u00e8ne Mehdi Black Wind, ses soutiens se sont mobilis\u00e9s devant le tribunal d\u2019A\u00efn Sebaa, o\u00f9 il devait \u00eatre jug\u00e9 \u00e0 partir de 10h30. Arr\u00eat\u00e9 le 13\u00a0juillet \u00e0 Casablanca, l\u2019artiste, qui r\u00e9side \u00e0 Marseille depuis plusieurs ann\u00e9es, serait poursuivi, selon son comit\u00e9 de soutien Free El Mahdi, en raison de ses prises de position en faveur du mouvement de protestation Gen\u00a0Z 212, notamment exprim\u00e9es dans ses textes de rap.<\/p>\n<p>D\u00e9tenu \u00e0 la prison d\u2019Oukacha depuis plus d\u2019une semaine, le cin\u00e9aste a demand\u00e9 le report de son audience, faute de pouvoir b\u00e9n\u00e9ficier imm\u00e9diatement de l\u2019assistance d\u2019un avocat. Le Maroc est en effet confront\u00e9 depuis plus d\u2019un mois \u00e0 un large mouvement de gr\u00e8ve au sein de la profession, compliquant consid\u00e9rablement l\u2019acc\u00e8s \u00e0 une d\u00e9fense. Le tribunal a finalement accord\u00e9 le renvoi de l\u2019affaire au 31\u00a0juillet. Selon ses soutiens, le rappeur a \u00e9galement \u00ab\u00a0<i>fourni un dossier avec des garanties de repr\u00e9sentation pour \u00eatre poursuivi en libert\u00e9 provisoire<\/i>\u00a0\u00bb. \u00c0 l\u2019heure o\u00f9 nous \u00e9crivons, le tribunal n\u2019a pas encore r\u00e9pondu \u00e0 cette demande.<\/p>\n<\/p><\/div>\n<div class=\"intext\"> R\u00e9pression\n              <\/div>\n<div class=\"paragraph\">\n<p>Depuis le d\u00e9but du mouvement Gen\u00a0Z 212, fin septembre\u00a02025, r\u00e9clamant un meilleur acc\u00e8s \u00e0 la sant\u00e9, \u00e0 l\u2019\u00e9ducation et \u00e0 l\u2019emploi, de nombreuses personnalit\u00e9s ont \u00e9t\u00e9 arr\u00eat\u00e9es pour avoir soutenu la contestation. Parmi elles figurent notamment les rappeurs Souhaib Qabli, Jawad Asradi et Hamza Raid.<\/p>\n<\/p><\/div>\n","protected":false},"excerpt":{"rendered":"Les d&eacute;fenseurs de la libert&eacute; d&rsquo;expression sont difficiles &agrave; faire taire. Mercredi matin, alors que se tenait la premi&egrave;re audience du rappeur et r&eacute;alisateur marocain El Mahdi Lyoubi, connu sous le nom de &#8230;","protected":false},"author":1,"featured_media":37214,"comment_status":"open","ping_status":"open","sticky":false,"template":"","format":"standard","meta":{"footnotes":""},"categories":[3926,3925,337,330],"tags":[3223,200,3157,560,1999,3390,1031,5118,1504],"news-destination":[3944],"news-source":[475],"is_homepage":[],"ta_other":[],"class_list":["post-37213","post","type-post","status-publish","format-standard","has-post-thumbnail","hentry","category-accueil-merge","category-accueil-third","category-international","category-politique","tag-comite-de-soutien","tag-justice","tag-liberte-dexpression","tag-manifestation","tag-maroc","tag-personnalites","tag-prison","tag-rappeurs","tag-repression","news-destination-homepage","news-source-website"],"_links":{"self":[{"href":"https:\/\/euapp01.newsmemory.com\/lamarseillaise\/news\/wp-json\/wp\/v2\/posts\/37213","targetHints":{"allow":["GET"]}}],"collection":[{"href":"https:\/\/euapp01.newsmemory.com\/lamarseillaise\/news\/wp-json\/wp\/v2\/posts"}],"about":[{"href":"https:\/\/euapp01.newsmemory.com\/lamarseillaise\/news\/wp-json\/wp\/v2\/types\/post"}],"author":[{"embeddable":true,"href":"https:\/\/euapp01.newsmemory.com\/lamarseillaise\/news\/wp-json\/wp\/v2\/users\/1"}],"replies":[{"embeddable":true,"href":"https:\/\/euapp01.newsmemory.com\/lamarseillaise\/news\/wp-json\/wp\/v2\/comments?post=37213"}],"version-history":[{"count":1,"href":"https:\/\/euapp01.newsmemory.com\/lamarseillaise\/news\/wp-json\/wp\/v2\/posts\/37213\/revisions"}],"predecessor-version":[{"id":37215,"href":"https:\/\/euapp01.newsmemory.com\/lamarseillaise\/news\/wp-json\/wp\/v2\/posts\/37213\/revisions\/37215"}],"wp:featuredmedia":[{"embeddable":true,"href":"https:\/\/euapp01.newsmemory.com\/lamarseillaise\/news\/wp-json\/wp\/v2\/media\/37214"}],"wp:attachment":[{"href":"https:\/\/euapp01.newsmemory.com\/lamarseillaise\/news\/wp-json\/wp\/v2\/media?parent=37213"}],"wp:term":[{"taxonomy":"category","embeddable":true,"href":"https:\/\/euapp01.newsmemory.com\/lamarseillaise\/news\/wp-json\/wp\/v2\/categories?post=37213"},{"taxonomy":"post_tag","embeddable":true,"href":"https:\/\/euapp01.newsmemory.com\/lamarseillaise\/news\/wp-json\/wp\/v2\/tags?post=37213"},{"taxonomy":"news-destination","embeddable":true,"href":"https:\/\/euapp01.newsmemory.com\/lamarseillaise\/news\/wp-json\/wp\/v2\/news-destination?post=37213"},{"taxonomy":"news-source","embeddable":true,"href":"https:\/\/euapp01.newsmemory.com\/lamarseillaise\/news\/wp-json\/wp\/v2\/news-source?post=37213"},{"taxonomy":"is_homepage","embeddable":true,"href":"https:\/\/euapp01.newsmemory.com\/lamarseillaise\/news\/wp-json\/wp\/v2\/is_homepage?post=37213"},{"taxonomy":"ta_other","embeddable":true,"href":"https:\/\/euapp01.newsmemory.com\/lamarseillaise\/news\/wp-json\/wp\/v2\/ta_other?post=37213"}],"curies":[{"name":"wp","href":"https:\/\/api.w.org\/{rel}","templated":true}]}}