{"id":37210,"date":"2026-07-23T07:55:00","date_gmt":"2026-07-23T05:55:00","guid":{"rendered":"https:\/\/euapp01.newsmemory.com\/lamarseillaise\/news\/?p=37210"},"modified":"2026-07-29T09:11:04","modified_gmt":"2026-07-29T07:11:04","slug":"escapade-dun-jour-au-festival-davignon","status":"publish","type":"post","link":"https:\/\/euapp01.newsmemory.com\/lamarseillaise\/news\/2026\/07\/23\/escapade-dun-jour-au-festival-davignon\/","title":{"rendered":"Escapade d\u2019un jour au Festival d\u2019Avignon"},"content":{"rendered":"<div class=\"paragraph\">\n<p>\u00ab <i>P<\/i><i>ermettre l\u2019acc\u00e8s \u00e0 l\u2019art et \u00e0 la culture pour les personnes qui sont en difficult\u00e9, soit financi\u00e8rement, soit parce qu\u2019elles consid\u00e8rent que la culture n\u2019est pas faite pour elles, par manque de moyen ou de l\u00e9gitimit\u00e9.<\/i>\u00a0\u00bb C\u2019est l\u00e0 l\u2019objectif de Cultures du c\u0153ur, association d\u2019inclusion sociale pr\u00e9sente dans 28 d\u00e9partements fran\u00e7ais. Cet \u00e9t\u00e9 encore, la structure invite plusieurs centaines d\u2019habitants de la r\u00e9gion Paca \u00e0 passer une journ\u00e9e au Festival d\u2019Avignon.<\/p>\n<p>Pour la premi\u00e8re fois cette ann\u00e9e, l\u2019antenne aubagnaise de l\u2019association a propos\u00e9 aux habitants des quartiers du Charrel, de la Tourtelle et du centre-ville de participer \u00e0 cette escapade culturelle gratuite. La sortie, organis\u00e9e ce mercredi, a permis \u00e0 38\u00a0personnes de d\u00e9couvrir le festival.<\/p>\n<\/p><\/div>\n<div class=\"intext\"> <\/div>\n<div class=\"intext\"> D\u00e9velopper le go\u00fbt du\u00a0th\u00e9\u00e2tre\n              <\/div>\n<div class=\"paragraph\">\n<p>\u00ab\u00a0<i>Nous visons avant tout un public familial<\/i>, insiste Karine Lac\u00f4me, directrice de Cultures du c\u0153ur\u00a013. <i>L\u2019id\u00e9e est de permettre une petite parenth\u00e8se pour des familles qui n\u2019ont souvent pas la possibilit\u00e9 de partir en vacances<\/i>.\u00a0\u00bb<\/p>\n<p>Au programme de la journ\u00e9e\u00a0: balade patrimoniale, spectacles, mais aussi ateliers th\u00e9\u00e2tre. \u00ab\u00a0<i>Nous avons r\u00e9parti les familles en trois groupes. Des personnes sont all\u00e9es assister \u00e0 une pi\u00e8ce ce mercredi matin. Avec mon groupe, nous avons visit\u00e9 la ville avec Cultures du c\u0153ur Vaucluse. Cet apr\u00e8s-midi, les trois groupes iront voir une repr\u00e9sentation diff\u00e9rente<\/i><i>\u00a0<\/i>\u00bb<i>, <\/i>d\u00e9taille la directrice de structure. Parmi les spectacles propos\u00e9s, <i>Yongoy\u00e9ly<\/i>, <i>Marre Mots<\/i>, <i>Comment attraper une \u00e9toile <\/i>ou encore <i>l\u2019Ourse.<\/i><\/p>\n<p>\u00ab<i>\u00a0<\/i><i>Ce qui est int\u00e9ressant, c\u2019est aussi qu\u2019il s\u2019agit d\u2019une action sur le temps long<\/i>, poursuit Karine Lac\u00f4me. <i>Nous organisons une m\u00e9diation culturelle en amont, l\u2019occasion de pr\u00e9senter aux participants le Festival d\u2019Avignon, de leur expliquer la diff\u00e9rence entre le In et le Off. Ensuite, apr\u00e8s la journ\u00e9e, une session bilan est organis\u00e9e. L\u2019ambition est de donner aux familles l\u2019envie de se rendre au th\u00e9\u00e2tre r\u00e9guli\u00e8rement.<\/i><i>\u00a0<\/i>\u00bb<\/p>\n<\/p><\/div>\n","protected":false},"excerpt":{"rendered":"&laquo; Permettre l&rsquo;acc&egrave;s &agrave; l&rsquo;art et &agrave; la culture pour les personnes qui sont en difficult&eacute;, soit financi&egrave;rement, soit parce qu&rsquo;elles consid&egrave;rent que la culture n&rsquo;est pas faite pour &#8230;","protected":false},"author":1,"featured_media":37211,"comment_status":"open","ping_status":"open","sticky":false,"template":"","format":"standard","meta":{"footnotes":""},"categories":[3926,3925,32,331],"tags":[493,174,10,35,1680,754,329,6150,186,271,1816,668,1241,171],"news-destination":[3944],"news-source":[475],"is_homepage":[],"ta_other":[],"class_list":["post-37210","post","type-post","status-publish","format-standard","has-post-thumbnail","hentry","category-accueil-merge","category-accueil-third","category-culture","category-social","tag-aubagne","tag-avignon","tag-bouches-du-rhone","tag-culture","tag-cultures","tag-familles","tag-festival","tag-festival-davignon","tag-festival-davignon-off","tag-precarite","tag-qpv","tag-quartiers","tag-theatre","tag-vaucluse","news-destination-homepage","news-source-website"],"_links":{"self":[{"href":"https:\/\/euapp01.newsmemory.com\/lamarseillaise\/news\/wp-json\/wp\/v2\/posts\/37210","targetHints":{"allow":["GET"]}}],"collection":[{"href":"https:\/\/euapp01.newsmemory.com\/lamarseillaise\/news\/wp-json\/wp\/v2\/posts"}],"about":[{"href":"https:\/\/euapp01.newsmemory.com\/lamarseillaise\/news\/wp-json\/wp\/v2\/types\/post"}],"author":[{"embeddable":true,"href":"https:\/\/euapp01.newsmemory.com\/lamarseillaise\/news\/wp-json\/wp\/v2\/users\/1"}],"replies":[{"embeddable":true,"href":"https:\/\/euapp01.newsmemory.com\/lamarseillaise\/news\/wp-json\/wp\/v2\/comments?post=37210"}],"version-history":[{"count":1,"href":"https:\/\/euapp01.newsmemory.com\/lamarseillaise\/news\/wp-json\/wp\/v2\/posts\/37210\/revisions"}],"predecessor-version":[{"id":37212,"href":"https:\/\/euapp01.newsmemory.com\/lamarseillaise\/news\/wp-json\/wp\/v2\/posts\/37210\/revisions\/37212"}],"wp:featuredmedia":[{"embeddable":true,"href":"https:\/\/euapp01.newsmemory.com\/lamarseillaise\/news\/wp-json\/wp\/v2\/media\/37211"}],"wp:attachment":[{"href":"https:\/\/euapp01.newsmemory.com\/lamarseillaise\/news\/wp-json\/wp\/v2\/media?parent=37210"}],"wp:term":[{"taxonomy":"category","embeddable":true,"href":"https:\/\/euapp01.newsmemory.com\/lamarseillaise\/news\/wp-json\/wp\/v2\/categories?post=37210"},{"taxonomy":"post_tag","embeddable":true,"href":"https:\/\/euapp01.newsmemory.com\/lamarseillaise\/news\/wp-json\/wp\/v2\/tags?post=37210"},{"taxonomy":"news-destination","embeddable":true,"href":"https:\/\/euapp01.newsmemory.com\/lamarseillaise\/news\/wp-json\/wp\/v2\/news-destination?post=37210"},{"taxonomy":"news-source","embeddable":true,"href":"https:\/\/euapp01.newsmemory.com\/lamarseillaise\/news\/wp-json\/wp\/v2\/news-source?post=37210"},{"taxonomy":"is_homepage","embeddable":true,"href":"https:\/\/euapp01.newsmemory.com\/lamarseillaise\/news\/wp-json\/wp\/v2\/is_homepage?post=37210"},{"taxonomy":"ta_other","embeddable":true,"href":"https:\/\/euapp01.newsmemory.com\/lamarseillaise\/news\/wp-json\/wp\/v2\/ta_other?post=37210"}],"curies":[{"name":"wp","href":"https:\/\/api.w.org\/{rel}","templated":true}]}}