{"id":37207,"date":"2026-07-23T07:52:00","date_gmt":"2026-07-23T05:52:00","guid":{"rendered":"https:\/\/euapp01.newsmemory.com\/lamarseillaise\/news\/?p=37207"},"modified":"2026-07-23T10:04:57","modified_gmt":"2026-07-23T08:04:57","slug":"une-maison-denfants-a-caractere-social-sinstalle-aux-arcs-sur-argens","status":"publish","type":"post","link":"https:\/\/euapp01.newsmemory.com\/lamarseillaise\/news\/2026\/07\/23\/une-maison-denfants-a-caractere-social-sinstalle-aux-arcs-sur-argens\/","title":{"rendered":"Une Maison d\u2019enfants \u00e0 caract\u00e8re social s\u2019installe aux Arcs-sur-Argens"},"content":{"rendered":"<div class=\"paragraph\">\n<p>Ces structures sont parfois accueillies avec r\u00e9ticence par certains riverains qui, \u00e0 travers leurs pr\u00e9jug\u00e9s et comme souvent pour tout ce qui rel\u00e8ve du domaine social, les associent \u00e0 des perturbateurs de la tranquillit\u00e9 publique. Pourtant, les MECS n\u2019accueillent pas \u00ab\u00a0<i>de d\u00e9linquants, mais des enfants sous protection de l\u2019Aide sociale \u00e0 l\u2019enfance (ASE), qui ont subi des violences et qui n\u00e9cessitent des placements<\/i>. <i>La soci\u00e9t\u00e9 a le devoir de les prot\u00e9ger, et le D\u00e9partement le fait du mieux qu\u2019il peut<\/i>\u00a0\u00bb, rappelle le pr\u00e9sident (LR) du conseil d\u00e9partemental, Jean-Louis Masson.<\/p>\n<p>Un message que la mairie des Arcs-sur-Argens a souhait\u00e9 relayer aupr\u00e8s de la population \u00e0 travers cette journ\u00e9e portes ouvertes organis\u00e9e mardi \u00e0 la Villa Saint-Exup\u00e9ry. L\u2019occasion de pr\u00e9senter l\u2019\u00e9tablissement, qui vient de s\u2019installer dans la commune, au sein d\u2019un b\u00e2timent flambant neuf. Co\u00fbt du projet\u00a0: plus de 4,3\u00a0millions d\u2019euros, dont 1,47\u00a0million financ\u00e9 par le D\u00e9partement du Var.<\/p>\n<\/p><\/div>\n<div class=\"intext\"> Surface tripl\u00e9e,<br \/>\n               <br \/>confort am\u00e9lior\u00e9\n              <\/div>\n<div class=\"paragraph\">\n<p>Heureusement, \u00ab\u00a0<i>on a \u00e9t\u00e9 tr\u00e8s bien accueilli par le maire et les habitants, qui se montrent curieux<\/i>\u00a0\u00bb, se r\u00e9jouit B\u00e9n\u00e9dicte Zafosnik, directrice adjointe de l\u2019\u00e9tablissement et de la fili\u00e8re protection de l\u2019enfance du groupe Uman, gestionnaire des lieux. Ce d\u00e9m\u00e9nagement \u00e9tait pr\u00e9vu depuis 2016. Il a permis de tripler la surface d\u2019accueil (1\u00a0200\u00a0m\u00b2) et d\u2019augmenter le nombre de r\u00e9sidents de 18 \u00e0 22. Avec 20\u00a0chambres, toutes dot\u00e9es de sanitaires (contre 7 pour 3\u00a0sanitaires auparavant). Et pour un meilleur confort de vie, \u00ab\u00a0<i>m\u00eame en passant de la mer \u00e0 la for\u00eat<\/i>\u00a0\u00bb, sourit B\u00e9n\u00e9dicte Zafosnik\u00a0: salles de jeu, espaces de repos et pour les familles, cuisines coop\u00e9ratives, terrasses, le tout encadr\u00e9 par une \u00e9quipe d\u2019\u00e9ducateurs, psychologues, agents techniques, ma\u00eetresses de maison, surveillants de nuit&#8230;<\/p>\n<p>\u00ab\u00a0<i>Ce d\u00e9m\u00e9nagement \u00e9tait tr\u00e8s attendu, m\u00eame s\u2019il a fallu travailler avec les enfants, notamment sur le changement d\u2019\u00e9cole<\/i>\u00a0\u00bb, note la directrice adjointe. Si le personnel n\u2019a pas chang\u00e9, la directrice avoue que \u00ab\u00a0<i>\u00e7a a \u00e9t\u00e9 une question pour certains, mais la maison importe plus que les kilom\u00e8tres parcourus le matin.<\/i>\u00a0\u00bb<\/p>\n<\/p><\/div>\n","protected":false},"excerpt":{"rendered":"Ces structures sont parfois accueillies avec r&eacute;ticence par certains riverains qui, &agrave; travers leurs pr&eacute;jug&eacute;s et comme souvent pour tout ce qui rel&egrave;ve du domaine social, les associent &agrave; des perturbateurs de la &#8230;","protected":false},"author":1,"featured_media":37208,"comment_status":"open","ping_status":"open","sticky":false,"template":"","format":"standard","meta":{"footnotes":""},"categories":[20],"tags":[2012,193,150,57,3288,6079,537,2955,1997,6149,194,31],"news-destination":[],"news-source":[475],"is_homepage":[],"ta_other":[],"class_list":["post-37207","post","type-post","status-publish","format-standard","has-post-thumbnail","hentry","category-societe","tag-aide-sociale-a-lenfance","tag-conseil-departemental","tag-demenagement","tag-enfants","tag-jean-louis-masson","tag-les-arcs","tag-protection","tag-protection-de-lenfance","tag-protection-de-lenfant","tag-saint-exupery","tag-social","tag-var","news-source-website"],"_links":{"self":[{"href":"https:\/\/euapp01.newsmemory.com\/lamarseillaise\/news\/wp-json\/wp\/v2\/posts\/37207","targetHints":{"allow":["GET"]}}],"collection":[{"href":"https:\/\/euapp01.newsmemory.com\/lamarseillaise\/news\/wp-json\/wp\/v2\/posts"}],"about":[{"href":"https:\/\/euapp01.newsmemory.com\/lamarseillaise\/news\/wp-json\/wp\/v2\/types\/post"}],"author":[{"embeddable":true,"href":"https:\/\/euapp01.newsmemory.com\/lamarseillaise\/news\/wp-json\/wp\/v2\/users\/1"}],"replies":[{"embeddable":true,"href":"https:\/\/euapp01.newsmemory.com\/lamarseillaise\/news\/wp-json\/wp\/v2\/comments?post=37207"}],"version-history":[{"count":1,"href":"https:\/\/euapp01.newsmemory.com\/lamarseillaise\/news\/wp-json\/wp\/v2\/posts\/37207\/revisions"}],"predecessor-version":[{"id":37209,"href":"https:\/\/euapp01.newsmemory.com\/lamarseillaise\/news\/wp-json\/wp\/v2\/posts\/37207\/revisions\/37209"}],"wp:featuredmedia":[{"embeddable":true,"href":"https:\/\/euapp01.newsmemory.com\/lamarseillaise\/news\/wp-json\/wp\/v2\/media\/37208"}],"wp:attachment":[{"href":"https:\/\/euapp01.newsmemory.com\/lamarseillaise\/news\/wp-json\/wp\/v2\/media?parent=37207"}],"wp:term":[{"taxonomy":"category","embeddable":true,"href":"https:\/\/euapp01.newsmemory.com\/lamarseillaise\/news\/wp-json\/wp\/v2\/categories?post=37207"},{"taxonomy":"post_tag","embeddable":true,"href":"https:\/\/euapp01.newsmemory.com\/lamarseillaise\/news\/wp-json\/wp\/v2\/tags?post=37207"},{"taxonomy":"news-destination","embeddable":true,"href":"https:\/\/euapp01.newsmemory.com\/lamarseillaise\/news\/wp-json\/wp\/v2\/news-destination?post=37207"},{"taxonomy":"news-source","embeddable":true,"href":"https:\/\/euapp01.newsmemory.com\/lamarseillaise\/news\/wp-json\/wp\/v2\/news-source?post=37207"},{"taxonomy":"is_homepage","embeddable":true,"href":"https:\/\/euapp01.newsmemory.com\/lamarseillaise\/news\/wp-json\/wp\/v2\/is_homepage?post=37207"},{"taxonomy":"ta_other","embeddable":true,"href":"https:\/\/euapp01.newsmemory.com\/lamarseillaise\/news\/wp-json\/wp\/v2\/ta_other?post=37207"}],"curies":[{"name":"wp","href":"https:\/\/api.w.org\/{rel}","templated":true}]}}