{"id":37204,"date":"2026-07-23T07:53:00","date_gmt":"2026-07-23T05:53:00","guid":{"rendered":"https:\/\/euapp01.newsmemory.com\/lamarseillaise\/news\/?p=37204"},"modified":"2026-07-29T09:11:04","modified_gmt":"2026-07-29T07:11:04","slug":"lincendie-du-bois-noir-se-repand-du-repit-attendu-samedi","status":"publish","type":"post","link":"https:\/\/euapp01.newsmemory.com\/lamarseillaise\/news\/2026\/07\/23\/lincendie-du-bois-noir-se-repand-du-repit-attendu-samedi\/","title":{"rendered":"L\u2019incendie du Bois-Noir se r\u00e9pand, du r\u00e9pit attendu samedi"},"content":{"rendered":"<div class=\"paragraph\">\n<p>Ils \u00e9taient 130\u00a0pompiers \u00e0 nouveau engag\u00e9s mercredi dans le secteur du Bois-Noir pour tenter de contenir les flammes de l\u2019incendie d\u00e9clench\u00e9 ce week-end. Le feu continue \u00e0 se r\u00e9pandre rapidement. Au total, l\u2019incendie a parcouru, en cinq jours, une surface estim\u00e9e entre 200 et 220\u00a0hectares, selon la pr\u00e9fecture des Hautes-Alpes. \u00ab<i>\u00a0<\/i><i>Le feu a repris ce matin avec le lever du jour, on est tr\u00e8s inquiets concernant son \u00e9volution<\/i>\u00a0\u00bb, a regrett\u00e9 mercredi le maire de L\u2019Argenti\u00e8re-la-Bess\u00e9e, R\u00e9mi Roux, sur BFMTV, craignant de nouvelles chutes de blocs et des \u00e9boulements sur le hameau de 120\u00a0habitants situ\u00e9 juste en dessous des fum\u00e9es.<\/p>\n<\/p><\/div>\n<div class=\"intext\"> Renforcement des moyens au sol pr\u00e9vu ce jeudi\n              <\/div>\n<div class=\"paragraph\">\n<p>Les pompiers travaillent dans des conditions tr\u00e8s difficiles, sur un terrain de montagne escarp\u00e9 et dangereux. Les op\u00e9rations visent \u00ab\u00a0\u00e0 contenir le feu dans la zone bois\u00e9e et emp\u00eacher sa propagation vers la vall\u00e9e du Fournel\u00a0\u00bb, note la pr\u00e9fecture. Lundi, un bloc de deux tonnes a \u00e9cras\u00e9 un v\u00e9hicule sapeur-pompier, et une chute de pierre a bless\u00e9 une sapeur-pompier, \u00e9vacu\u00e9e vers l\u2019h\u00f4pital de Brian\u00e7on. Les pompiers ont ensuite \u00e9t\u00e9 retir\u00e9s de cette zone pour \u00e9viter de nouveaux accidents. Plusieurs maires des Hautes-Alpes ont annonc\u00e9, mercredi, demander l\u2019ouverture d\u2019une commission d\u2019enqu\u00eate pour comprendre les d\u00e9lais d\u2019intervention. \u00ab\u00a0<i>On a des gens qui ont failli br\u00fbler cette nuit sur ma commune parce que le feu les a encercl\u00e9s<\/i><i>\u00a0<\/i>\u00bb, a affirm\u00e9 mercredi \u00e0 BFM DICI le maire de Freissini\u00e8res, Cyrille Drujon d\u2019Astros.<\/p>\n<p>Le feu de v\u00e9g\u00e9tation a \u00e9t\u00e9 provoqu\u00e9 par un impact de foudre, il y a six jours. Un renforcement des moyens au sol pr\u00e9vu pour jeudi. Les pompiers comptent sur l\u2019arriv\u00e9e de la pluie dans les prochains jours pour endiguer les flammes.<\/p>\n<\/p><\/div>\n","protected":false},"excerpt":{"rendered":"Ils &eacute;taient 130&nbsp;pompiers &agrave; nouveau engag&eacute;s mercredi dans le secteur du Bois-Noir pour tenter de contenir les flammes de l&rsquo;incendie d&eacute;clench&eacute; ce week-end. Le feu continue &agrave; se r&eacute;pandre &#8230;","protected":false},"author":1,"featured_media":37205,"comment_status":"open","ping_status":"open","sticky":false,"template":"","format":"standard","meta":{"footnotes":""},"categories":[3926,3925,20],"tags":[4768,318,1673,4015,6036,319,3415,320,1131,381,51,160],"news-destination":[3944],"news-source":[475],"is_homepage":[],"ta_other":[],"class_list":["post-37204","post","type-post","status-publish","format-standard","has-post-thumbnail","hentry","category-accueil-merge","category-accueil-third","category-societe","tag-alpes","tag-feu","tag-feux","tag-feux-de-foret","tag-flammes","tag-incendie","tag-montagne","tag-pompiers","tag-prefecture","tag-secours","tag-societe","tag-vegetation","news-destination-homepage","news-source-website"],"_links":{"self":[{"href":"https:\/\/euapp01.newsmemory.com\/lamarseillaise\/news\/wp-json\/wp\/v2\/posts\/37204","targetHints":{"allow":["GET"]}}],"collection":[{"href":"https:\/\/euapp01.newsmemory.com\/lamarseillaise\/news\/wp-json\/wp\/v2\/posts"}],"about":[{"href":"https:\/\/euapp01.newsmemory.com\/lamarseillaise\/news\/wp-json\/wp\/v2\/types\/post"}],"author":[{"embeddable":true,"href":"https:\/\/euapp01.newsmemory.com\/lamarseillaise\/news\/wp-json\/wp\/v2\/users\/1"}],"replies":[{"embeddable":true,"href":"https:\/\/euapp01.newsmemory.com\/lamarseillaise\/news\/wp-json\/wp\/v2\/comments?post=37204"}],"version-history":[{"count":1,"href":"https:\/\/euapp01.newsmemory.com\/lamarseillaise\/news\/wp-json\/wp\/v2\/posts\/37204\/revisions"}],"predecessor-version":[{"id":37206,"href":"https:\/\/euapp01.newsmemory.com\/lamarseillaise\/news\/wp-json\/wp\/v2\/posts\/37204\/revisions\/37206"}],"wp:featuredmedia":[{"embeddable":true,"href":"https:\/\/euapp01.newsmemory.com\/lamarseillaise\/news\/wp-json\/wp\/v2\/media\/37205"}],"wp:attachment":[{"href":"https:\/\/euapp01.newsmemory.com\/lamarseillaise\/news\/wp-json\/wp\/v2\/media?parent=37204"}],"wp:term":[{"taxonomy":"category","embeddable":true,"href":"https:\/\/euapp01.newsmemory.com\/lamarseillaise\/news\/wp-json\/wp\/v2\/categories?post=37204"},{"taxonomy":"post_tag","embeddable":true,"href":"https:\/\/euapp01.newsmemory.com\/lamarseillaise\/news\/wp-json\/wp\/v2\/tags?post=37204"},{"taxonomy":"news-destination","embeddable":true,"href":"https:\/\/euapp01.newsmemory.com\/lamarseillaise\/news\/wp-json\/wp\/v2\/news-destination?post=37204"},{"taxonomy":"news-source","embeddable":true,"href":"https:\/\/euapp01.newsmemory.com\/lamarseillaise\/news\/wp-json\/wp\/v2\/news-source?post=37204"},{"taxonomy":"is_homepage","embeddable":true,"href":"https:\/\/euapp01.newsmemory.com\/lamarseillaise\/news\/wp-json\/wp\/v2\/is_homepage?post=37204"},{"taxonomy":"ta_other","embeddable":true,"href":"https:\/\/euapp01.newsmemory.com\/lamarseillaise\/news\/wp-json\/wp\/v2\/ta_other?post=37204"}],"curies":[{"name":"wp","href":"https:\/\/api.w.org\/{rel}","templated":true}]}}