{"id":37201,"date":"2026-07-23T07:37:00","date_gmt":"2026-07-23T05:37:00","guid":{"rendered":"https:\/\/euapp01.newsmemory.com\/lamarseillaise\/news\/?p=37201"},"modified":"2026-07-29T08:57:37","modified_gmt":"2026-07-29T06:57:37","slug":"benoit-payan-se-rallie-au-tramway-des-catalans-en-posant-des-conditions","status":"publish","type":"post","link":"https:\/\/euapp01.newsmemory.com\/lamarseillaise\/news\/2026\/07\/23\/benoit-payan-se-rallie-au-tramway-des-catalans-en-posant-des-conditions\/","title":{"rendered":"Beno\u00eet Payan se rallie au tramway des Catalans en posant des conditions"},"content":{"rendered":"<div class=\"paragraph\">\n<p>Dans une lettre adress\u00e9e au pr\u00e9sident de la M\u00e9tropole, Nicolas Isnard (LR), le maire de Marseille, Beno\u00eet Payan (DVG), se rallie au projet d\u2019extension du tramway vers la place du 4-Septembre \u00e9mettant, comme pour le commissaire enqu\u00eateur, un avis favorable sous conditions.<\/p>\n<p>\u00ab<i>\u00a0<\/i><i>Nous consid\u00e9rons que cette extension du tramway peut contribuer \u00e0 am\u00e9liorer les d\u00e9placements du quotidien dans un secteur particuli\u00e8rement fr\u00e9quent\u00e9, \u00e0 offrir une solution de transport plus fiable et \u00e0 renforcer les alternatives de mobilit\u00e9 \u00e0 disposition des habitants<\/i><i>\u00a0<\/i>\u00bb, \u00e9crit le maire, qui \u00e9met \u00ab\u00a0<i>un avis favorable conditionn\u00e9 aux r\u00e9ponses \u00e0 nos demandes compl\u00e9mentaires relatives aux enjeux de circulation, de stationnement et de pr\u00e9servation du patrimoine arbor\u00e9<\/i><i>\u00a0<\/i>\u00bb. Beno\u00eet Payan rappelle que 7,5\u00a0millions ont d\u2019ores et d\u00e9j\u00e0 \u00e9t\u00e9 engag\u00e9s par la M\u00e9tropole sur un investissement de 76\u00a0millions d\u2019euros, soutenu par l\u2019\u00c9tat \u00e0 hauteur de 19\u00a0millions d\u2019euros sanctuaris\u00e9s dans le plan Marseille en Grand.<\/p>\n<p>La Ville demande que soient revues les boucles de circulation pour \u00e9viter de saturer les quartiers environnants et garantir un acc\u00e8s fluide \u00e0 la rampe Saint-Maurice et aux tunnels. Sur le stationnement et les mobilit\u00e9s douces, elle veut que \u00ab\u00a0<i>le nombre de places de stationnement soit dimensionn\u00e9 \u00e0 la hauteur des besoins des habitants et une continuit\u00e9 des pistes cyclables<\/i>\u00a0\u00bb. Sur l\u2019environnement, elle exige le respect strict des \u00e9tudes phytosanitaires pour pr\u00e9server les arbres d\u2019alignement et veiller \u00e0 la v\u00e9g\u00e9talisation. Quant \u00e0 l\u2019impact des travaux, elle demande que les nuisances du chantier soient limit\u00e9es pour les habitants et que la RTM soit d\u00e8s \u00e0 pr\u00e9sent associ\u00e9e pour organiser l\u2019offre de transport durant le chantier.<\/p>\n<\/p><\/div>\n","protected":false},"excerpt":{"rendered":"Dans une lettre adress&eacute;e au pr&eacute;sident de la M&eacute;tropole, Nicolas Isnard (LR), le maire de Marseille, Beno&icirc;t Payan (DVG), se rallie au projet d&rsquo;extension du tramway vers la place du 4-Septembre &eacute;mettant, comme &#8230;","protected":false},"author":1,"featured_media":37202,"comment_status":"open","ping_status":"open","sticky":false,"template":"","format":"standard","meta":{"footnotes":""},"categories":[3926,3925,20],"tags":[774,10,1619,1420,670,106,108,16,671,1389,4009,1702,2437,97,2015,779,136,709,2234,730,666,818,1547,160],"news-destination":[3944],"news-source":[475],"is_homepage":[],"ta_other":[],"class_list":["post-37201","post","type-post","status-publish","format-standard","has-post-thumbnail","hentry","category-accueil-merge","category-accueil-third","category-societe","tag-benoit-payan","tag-bouches-du-rhone","tag-chantier","tag-circulation","tag-deplacements","tag-habitants","tag-investissement","tag-marseille","tag-metropole-aix-marseille","tag-mobilites-douces","tag-nicolas-isnard","tag-nuisances-sonores","tag-nuisances-urbaines","tag-patrimoine","tag-pistes-cyclables","tag-plan-marseille-en-grand","tag-preservation","tag-rtm","tag-stationnement","tag-tramway","tag-transports","tag-transports-en-commun","tag-vegetalisation","tag-vegetation","news-destination-homepage","news-source-website"],"_links":{"self":[{"href":"https:\/\/euapp01.newsmemory.com\/lamarseillaise\/news\/wp-json\/wp\/v2\/posts\/37201","targetHints":{"allow":["GET"]}}],"collection":[{"href":"https:\/\/euapp01.newsmemory.com\/lamarseillaise\/news\/wp-json\/wp\/v2\/posts"}],"about":[{"href":"https:\/\/euapp01.newsmemory.com\/lamarseillaise\/news\/wp-json\/wp\/v2\/types\/post"}],"author":[{"embeddable":true,"href":"https:\/\/euapp01.newsmemory.com\/lamarseillaise\/news\/wp-json\/wp\/v2\/users\/1"}],"replies":[{"embeddable":true,"href":"https:\/\/euapp01.newsmemory.com\/lamarseillaise\/news\/wp-json\/wp\/v2\/comments?post=37201"}],"version-history":[{"count":1,"href":"https:\/\/euapp01.newsmemory.com\/lamarseillaise\/news\/wp-json\/wp\/v2\/posts\/37201\/revisions"}],"predecessor-version":[{"id":37203,"href":"https:\/\/euapp01.newsmemory.com\/lamarseillaise\/news\/wp-json\/wp\/v2\/posts\/37201\/revisions\/37203"}],"wp:featuredmedia":[{"embeddable":true,"href":"https:\/\/euapp01.newsmemory.com\/lamarseillaise\/news\/wp-json\/wp\/v2\/media\/37202"}],"wp:attachment":[{"href":"https:\/\/euapp01.newsmemory.com\/lamarseillaise\/news\/wp-json\/wp\/v2\/media?parent=37201"}],"wp:term":[{"taxonomy":"category","embeddable":true,"href":"https:\/\/euapp01.newsmemory.com\/lamarseillaise\/news\/wp-json\/wp\/v2\/categories?post=37201"},{"taxonomy":"post_tag","embeddable":true,"href":"https:\/\/euapp01.newsmemory.com\/lamarseillaise\/news\/wp-json\/wp\/v2\/tags?post=37201"},{"taxonomy":"news-destination","embeddable":true,"href":"https:\/\/euapp01.newsmemory.com\/lamarseillaise\/news\/wp-json\/wp\/v2\/news-destination?post=37201"},{"taxonomy":"news-source","embeddable":true,"href":"https:\/\/euapp01.newsmemory.com\/lamarseillaise\/news\/wp-json\/wp\/v2\/news-source?post=37201"},{"taxonomy":"is_homepage","embeddable":true,"href":"https:\/\/euapp01.newsmemory.com\/lamarseillaise\/news\/wp-json\/wp\/v2\/is_homepage?post=37201"},{"taxonomy":"ta_other","embeddable":true,"href":"https:\/\/euapp01.newsmemory.com\/lamarseillaise\/news\/wp-json\/wp\/v2\/ta_other?post=37201"}],"curies":[{"name":"wp","href":"https:\/\/api.w.org\/{rel}","templated":true}]}}