{"id":37198,"date":"2026-07-23T07:47:00","date_gmt":"2026-07-23T05:47:00","guid":{"rendered":"https:\/\/euapp01.newsmemory.com\/lamarseillaise\/news\/?p=37198"},"modified":"2026-07-29T08:57:37","modified_gmt":"2026-07-29T06:57:37","slug":"entretien-gilles-bena-directeur-de-recherche-a-lird-il-ny-a-aucune-reflexion-et-ca-se-fait-au-pas-de-charge","status":"publish","type":"post","link":"https:\/\/euapp01.newsmemory.com\/lamarseillaise\/news\/2026\/07\/23\/entretien-gilles-bena-directeur-de-recherche-a-lird-il-ny-a-aucune-reflexion-et-ca-se-fait-au-pas-de-charge\/","title":{"rendered":"[Entretien] Gilles B\u00e9na, directeur de recherche \u00e0 l\u2019IRD : \u00ab&nbsp;Il n\u2019y a aucune r\u00e9flexion et \u00e7a se fait au pas de charge&nbsp;\u00bb"},"content":{"rendered":"<div class=\"paragraph\">\n<p><b>La Marseillaise<\/b><b>\u00a0<\/b><b>:<\/b> <b>Vous travaillez sur quoi actuellement<\/b><b>\u00a0<\/b><b>? <\/b><\/p>\n<p>Gilles B\u00e9na\u00a0: Mon unit\u00e9 travaille sur la sant\u00e9 des plantes et notamment sur la lutte contre les pathog\u00e8nes qui attaquent le riz, en Colombie, en Afrique ou en Asie du Sud-Est. Je travaille avec le Cambodge o\u00f9 nous avons mont\u00e9 en co-construction, un laboratoire mixte international. Notre probl\u00e9matique, c\u2019est la culture du riz et la question de l\u2019agro\u00e9cologie\u00a0: comment diminuer les traitements aux pesticides, aux insecticides par des approches alternatives.<\/p>\n<p><b>Concr\u00e8tement ce travail au Cambodge se traduit comment<\/b><b>\u00a0<\/b><b>? <\/b><\/p>\n<p>G.B.\u00a0: Fin ao\u00fbt, je pars pour trois\u00a0ans en affectation \u00e0 Phnom Penh pour d\u00e9velopper des programmes avec les chercheurs et enseignants-chercheurs locaux. Avoir une question de recherche et la d\u00e9velopper avec nos partenaires du Sud sur des probl\u00e9matiques de leur pays, c\u2019est le c\u0153ur de m\u00e9tier de l\u2019IRD. Ces outils de projection, ces expatriations, ces missions longue dur\u00e9e font son originalit\u00e9 et permettent aussi d\u2019encadrer et former des \u00e9tudiants.<\/p>\n<p><b>Quel est l\u2019int\u00e9r\u00eat d\u2019\u00eatre sur place<\/b><b>\u00a0<\/b><b>? <\/b><\/p>\n<p>G.B.\u00a0: La continuit\u00e9. Il y a cette image de \u00ab\u00a0chercheurs h\u00e9licopt\u00e8res\u00a0\u00bb, notamment pour les chercheurs am\u00e9ricains qui restent quinze jours, prennent les donn\u00e9es qui les int\u00e9ressent et repartent. Ils vont associer les chercheurs du sud dans leurs publications mais en termes de formation, il n\u2019y a rien. Nos projets sont plus ambitieux.<\/p>\n<p><b>On parle de la soft diplomatie de l\u2019IRD. <\/b><b><span class=\"mln_uppercase_mln\">\u00e7<\/span><\/b><b>a participe de cela<\/b><b>\u00a0<\/b><b>?<\/b><\/p>\n<p>G.B.\u00a0: Compl\u00e8tement. On a des exemples de gens que l\u2019IRD a accompagn\u00e9s dans leur parcours scientifique de formation et sont rentr\u00e9s dans des minist\u00e8res de la recherche ou de l\u2019enseignement sup\u00e9rieur des pays du sud. On voit qu\u2019un lien intime et personnel, s\u2019est cr\u00e9\u00e9 avec l\u2019IRD et la France. Tous les pays riches font de l\u2019aide au d\u00e9veloppement mais souvent, ce n\u2019est que du financement. L\u2019IRD et la France ont une relation beaucoup plus proche via ces relations personnelles qui se nouent.<\/p>\n<p><b>Ce projet de fusion de l\u2019IRD avec le CNRS, remet en cause votre mission<\/b><b>\u00a0<\/b><b>? <\/b><b><\/b><\/p>\n<p>G.B.\u00a0: J\u2019ai une lettre d\u2019affectation au 1<sup>er<\/sup> septembre. L\u2019interrogation, c\u2019est si au 1<sup>er<\/sup> janvier, l\u2019IRD a \u00e9t\u00e9 dispers\u00e9 au sein du CNRS\u00a0: est-ce que le CNRS, qui est dans une vraie difficult\u00e9 financi\u00e8re, va continuer \u00e0 financer ces projections\u00a0? Si ce n\u2019est pas le cas, des dizaines d\u2019ann\u00e9es de partenariats vont s\u2019\u00e9crouler du jour au lendemain. Ce n\u2019est pas la m\u00eame ampleur mais on voit ce qui s\u2019est pass\u00e9 avec les \u00c9tats-Unis de Trump qui ont, du jour au lendemain, arr\u00eat\u00e9 leurs soutiens financiers. \u00c7a a \u00e9t\u00e9 catastrophique.<\/p>\n<p><b>Vous avez en t\u00eate d\u2019autres cas de travaux de recherche<\/b><b>\u00a0<\/b><b>? <\/b><\/p>\n<p>G.B.\u00a0: L\u2019IRD a des partenariats dans \u00e0 peu pr\u00e8s tous les domaines de recherche, de la maladie du sommeil, la trypanosomiase africaine qui est en phase d\u2019\u00e9radication en R\u00e9publique de Gambie et est un exemple de r\u00e9ussite, \u00e0 la gestion des stocks de poissons au Chili autour de la probl\u00e9matique de El Nino, dont le suivi a permis de donner des pr\u00e9conisations sur leur gestion. On peut d\u00e9cliner \u00e0 la pelle les exemples de travaux issus de collaborations \u00e0 long terme qui aboutissent \u00e0 des choses vraiment concr\u00e8tes.<\/p>\n<p><b>Et pour le quotidien des Fran\u00e7ais<\/b><b>\u00a0<\/b><b>? <\/b><\/p>\n<p>G.B.\u00a0: J\u2019ai vu mardi qu\u2019un premier cas de virus West Nile dans les Pyr\u00e9n\u00e9es-Orientales a \u00e9t\u00e9 observ\u00e9. Ce virus de la vall\u00e9e du Nil en \u00c9gypte est transmis par des moustiques. On voit bien qu\u2019avec le r\u00e9chauffement climatique, ces maladies qui sont travaill\u00e9es par des unit\u00e9s de recherche de l\u2019IRD depuis des ann\u00e9es dans des pays du Sud, arrivent chez nous&#8230; C\u2019est ce qui est un peu troublant dans cette volont\u00e9 de faire dispara\u00eetre l\u2019IRD sur une base dogmatique, arguant que l\u2019<span class=\"mln_uppercase_mln\">\u00e9<\/span>tat doit \u00eatre efficace, qu\u2019il y a deux op\u00e9rateurs, CNRS et IRD, et qu\u2019il n\u2019en faudrait plus qu\u2019un. Mais il n\u2019y a aucune r\u00e9flexion et \u00e7a se fait au pas de charge. Officiellement, on n\u2019est pas cens\u00e9 savoir que cette fusion arrive mais on l\u2019annonce officieusement pour le 1<sup>er<\/sup> janvier. Tous les services administratifs disent \u00ab\u00a0<i>c\u2019est impossible<\/i>\u00a0\u00bb, sauf \u00e0 aller au chaos.<\/p>\n<\/p><\/div>\n","protected":false},"excerpt":{"rendered":"La Marseillaise&nbsp;: Vous travaillez sur quoi actuellement&nbsp;?","protected":false},"author":1,"featured_media":37199,"comment_status":"open","ping_status":"open","sticky":false,"template":"","format":"standard","meta":{"footnotes":""},"categories":[3926,3925,20],"tags":[2482,1465,343,572,3952,239,1693,240,141,416],"news-destination":[3944],"news-source":[475],"is_homepage":[],"ta_other":[],"class_list":["post-37198","post","type-post","status-publish","format-standard","has-post-thumbnail","hentry","category-accueil-merge","category-accueil-third","category-societe","tag-cnrs","tag-diplomatie","tag-entretien","tag-france","tag-fusion","tag-herault","tag-ird","tag-montpellier","tag-projet","tag-recherche-scientifique","news-destination-homepage","news-source-website"],"_links":{"self":[{"href":"https:\/\/euapp01.newsmemory.com\/lamarseillaise\/news\/wp-json\/wp\/v2\/posts\/37198","targetHints":{"allow":["GET"]}}],"collection":[{"href":"https:\/\/euapp01.newsmemory.com\/lamarseillaise\/news\/wp-json\/wp\/v2\/posts"}],"about":[{"href":"https:\/\/euapp01.newsmemory.com\/lamarseillaise\/news\/wp-json\/wp\/v2\/types\/post"}],"author":[{"embeddable":true,"href":"https:\/\/euapp01.newsmemory.com\/lamarseillaise\/news\/wp-json\/wp\/v2\/users\/1"}],"replies":[{"embeddable":true,"href":"https:\/\/euapp01.newsmemory.com\/lamarseillaise\/news\/wp-json\/wp\/v2\/comments?post=37198"}],"version-history":[{"count":1,"href":"https:\/\/euapp01.newsmemory.com\/lamarseillaise\/news\/wp-json\/wp\/v2\/posts\/37198\/revisions"}],"predecessor-version":[{"id":37200,"href":"https:\/\/euapp01.newsmemory.com\/lamarseillaise\/news\/wp-json\/wp\/v2\/posts\/37198\/revisions\/37200"}],"wp:featuredmedia":[{"embeddable":true,"href":"https:\/\/euapp01.newsmemory.com\/lamarseillaise\/news\/wp-json\/wp\/v2\/media\/37199"}],"wp:attachment":[{"href":"https:\/\/euapp01.newsmemory.com\/lamarseillaise\/news\/wp-json\/wp\/v2\/media?parent=37198"}],"wp:term":[{"taxonomy":"category","embeddable":true,"href":"https:\/\/euapp01.newsmemory.com\/lamarseillaise\/news\/wp-json\/wp\/v2\/categories?post=37198"},{"taxonomy":"post_tag","embeddable":true,"href":"https:\/\/euapp01.newsmemory.com\/lamarseillaise\/news\/wp-json\/wp\/v2\/tags?post=37198"},{"taxonomy":"news-destination","embeddable":true,"href":"https:\/\/euapp01.newsmemory.com\/lamarseillaise\/news\/wp-json\/wp\/v2\/news-destination?post=37198"},{"taxonomy":"news-source","embeddable":true,"href":"https:\/\/euapp01.newsmemory.com\/lamarseillaise\/news\/wp-json\/wp\/v2\/news-source?post=37198"},{"taxonomy":"is_homepage","embeddable":true,"href":"https:\/\/euapp01.newsmemory.com\/lamarseillaise\/news\/wp-json\/wp\/v2\/is_homepage?post=37198"},{"taxonomy":"ta_other","embeddable":true,"href":"https:\/\/euapp01.newsmemory.com\/lamarseillaise\/news\/wp-json\/wp\/v2\/ta_other?post=37198"}],"curies":[{"name":"wp","href":"https:\/\/api.w.org\/{rel}","templated":true}]}}