{"id":37195,"date":"2026-07-23T07:51:00","date_gmt":"2026-07-23T05:51:00","guid":{"rendered":"https:\/\/euapp01.newsmemory.com\/lamarseillaise\/news\/?p=37195"},"modified":"2026-07-23T10:04:57","modified_gmt":"2026-07-23T08:04:57","slug":"la-ligue-contre-le-cancer-alerte-sur-les-risques-des-uv","status":"publish","type":"post","link":"https:\/\/euapp01.newsmemory.com\/lamarseillaise\/news\/2026\/07\/23\/la-ligue-contre-le-cancer-alerte-sur-les-risques-des-uv\/","title":{"rendered":"La Ligue contre le cancer alerte sur les risques des UV"},"content":{"rendered":"<div class=\"paragraph\">\n<p>Objectif\u00a0: sensibiliser le public aux dangers de l\u2019exposition aux rayons UV, responsables de 100\u00a0000\u00a0cas de cancers de la peau, chaque ann\u00e9e, en France. Un chiffre multipli\u00e9 par trois entre 1990 et 2023. Sur la plage des Capucins, l\u2019association a propos\u00e9 gratuitement diverses animations\u00a0: quiz, jeu de l\u2019oie g\u00e9ant et chamboule-tout. Une fa\u00e7on de rappeler les bons r\u00e9flexes \u00e0 adopter au soleil\u00a0: appliquer r\u00e9guli\u00e8rement de la cr\u00e8me solaire, porter des lunettes de soleil et un chapeau, et privil\u00e9gier les zones ombrag\u00e9es.<\/p>\n<p>Fantine Lambey<\/p>\n<\/p><\/div>\n","protected":false},"excerpt":{"rendered":"Objectif&nbsp;: sensibiliser le public aux dangers de l&rsquo;exposition aux rayons UV, responsables de 100&nbsp;000&nbsp;cas de cancers de la peau, chaque ann&eacute;e, en France. Un chiffre multipli&eacute; par trois entre 1990 et 2023. Sur la &#8230;","protected":false},"author":1,"featured_media":37196,"comment_status":"open","ping_status":"open","sticky":false,"template":"","format":"standard","meta":{"footnotes":""},"categories":[20],"tags":[10,1415,743,2534,2533,6148,3694,431,256,1085,1226],"news-destination":[],"news-source":[475],"is_homepage":[],"ta_other":[],"class_list":["post-37195","post","type-post","status-publish","format-standard","has-post-thumbnail","hentry","category-societe","tag-bouches-du-rhone","tag-cancer","tag-la-ciotat","tag-ligue-contre-le-cancer","tag-lutte-contre-le-cancer","tag-peau","tag-plage","tag-prevention","tag-sante","tag-sensibilisation","tag-soleil","news-source-website"],"_links":{"self":[{"href":"https:\/\/euapp01.newsmemory.com\/lamarseillaise\/news\/wp-json\/wp\/v2\/posts\/37195","targetHints":{"allow":["GET"]}}],"collection":[{"href":"https:\/\/euapp01.newsmemory.com\/lamarseillaise\/news\/wp-json\/wp\/v2\/posts"}],"about":[{"href":"https:\/\/euapp01.newsmemory.com\/lamarseillaise\/news\/wp-json\/wp\/v2\/types\/post"}],"author":[{"embeddable":true,"href":"https:\/\/euapp01.newsmemory.com\/lamarseillaise\/news\/wp-json\/wp\/v2\/users\/1"}],"replies":[{"embeddable":true,"href":"https:\/\/euapp01.newsmemory.com\/lamarseillaise\/news\/wp-json\/wp\/v2\/comments?post=37195"}],"version-history":[{"count":1,"href":"https:\/\/euapp01.newsmemory.com\/lamarseillaise\/news\/wp-json\/wp\/v2\/posts\/37195\/revisions"}],"predecessor-version":[{"id":37197,"href":"https:\/\/euapp01.newsmemory.com\/lamarseillaise\/news\/wp-json\/wp\/v2\/posts\/37195\/revisions\/37197"}],"wp:featuredmedia":[{"embeddable":true,"href":"https:\/\/euapp01.newsmemory.com\/lamarseillaise\/news\/wp-json\/wp\/v2\/media\/37196"}],"wp:attachment":[{"href":"https:\/\/euapp01.newsmemory.com\/lamarseillaise\/news\/wp-json\/wp\/v2\/media?parent=37195"}],"wp:term":[{"taxonomy":"category","embeddable":true,"href":"https:\/\/euapp01.newsmemory.com\/lamarseillaise\/news\/wp-json\/wp\/v2\/categories?post=37195"},{"taxonomy":"post_tag","embeddable":true,"href":"https:\/\/euapp01.newsmemory.com\/lamarseillaise\/news\/wp-json\/wp\/v2\/tags?post=37195"},{"taxonomy":"news-destination","embeddable":true,"href":"https:\/\/euapp01.newsmemory.com\/lamarseillaise\/news\/wp-json\/wp\/v2\/news-destination?post=37195"},{"taxonomy":"news-source","embeddable":true,"href":"https:\/\/euapp01.newsmemory.com\/lamarseillaise\/news\/wp-json\/wp\/v2\/news-source?post=37195"},{"taxonomy":"is_homepage","embeddable":true,"href":"https:\/\/euapp01.newsmemory.com\/lamarseillaise\/news\/wp-json\/wp\/v2\/is_homepage?post=37195"},{"taxonomy":"ta_other","embeddable":true,"href":"https:\/\/euapp01.newsmemory.com\/lamarseillaise\/news\/wp-json\/wp\/v2\/ta_other?post=37195"}],"curies":[{"name":"wp","href":"https:\/\/api.w.org\/{rel}","templated":true}]}}