{"id":37189,"date":"2026-07-23T07:34:00","date_gmt":"2026-07-23T05:34:00","guid":{"rendered":"https:\/\/euapp01.newsmemory.com\/lamarseillaise\/news\/?p=37189"},"modified":"2026-07-29T08:57:37","modified_gmt":"2026-07-29T06:57:37","slug":"a-hyeres-un-atelier-pour-proteger-la-biodiversite-marine","status":"publish","type":"post","link":"https:\/\/euapp01.newsmemory.com\/lamarseillaise\/news\/2026\/07\/23\/a-hyeres-un-atelier-pour-proteger-la-biodiversite-marine\/","title":{"rendered":"\u00c0 Hy\u00e8res, un atelier pour prot\u00e9ger la biodiversit\u00e9 marine"},"content":{"rendered":"<div class=\"paragraph\">\n<p>Prot\u00e9ger la M\u00e9diterran\u00e9e en pr\u00e9servant sa biodiversit\u00e9. C\u2019est l\u2019objectif affich\u00e9 par le magazine <i>Bleu Tomate<\/i>, qui a initi\u00e9 le projet intitul\u00e9 \u00ab\u00a0La mer n\u2019est pas morte&#8230; Vive la mer\u00a0!\u00a0\u00bb. Le magazine propose cette ann\u00e9e un workshop au fort du Pradeau, \u00e0 Hy\u00e8res. Cet atelier se d\u00e9roulera le jeudi 24\u00a0septembre prochain et se focalisera sur les petits fonds c\u00f4tiers, \u00ab\u00a0<i>l\u00e0 o\u00f9 tout le monde peut mettre la t\u00eate sous l\u2019eau<\/i><i>\u00a0<\/i>\u00bb, explique Pauline Castaing, cheffe du projet. Selon elle, \u00ab\u00a0<i>il faut donner la parole aux scientifiques, aux plongeurs, aux p\u00eacheurs, aux plaisanciers, mais aussi aux \u00e9lus<\/i><i>\u00a0<\/i>\u00bb. Une trentaine de places est disponible pour les acteurs concern\u00e9s.<\/p>\n<p>Ce rendez-vous aura pour ambition de d\u00e9terminer les besoins techniques et financiers de ces professionnels, et s\u2019inspirer de solutions d\u00e9j\u00e0 existantes. \u00ab\u00a0<i>Comme les zones de protection forte, o\u00f9 la population de m\u00e9rous s\u2019est de nouveau d\u00e9velopp\u00e9e<\/i><i>\u00a0<\/i>\u00bb, illustre Pauline Castaing. Car si l\u2019activit\u00e9 humaine menace la biodiversit\u00e9 marine, \u00ab<i>\u00a0<\/i><i>la nature est r\u00e9siliente et il est toujours temps d\u2019am\u00e9liorer son \u00e9tat<\/i><i>\u00a0<\/i>\u00bb.<\/p>\n<\/p><\/div>\n","protected":false},"excerpt":{"rendered":"Prot&eacute;ger la M&eacute;diterran&eacute;e en pr&eacute;servant sa biodiversit&eacute;. C&rsquo;est l&rsquo;objectif affich&eacute; par le magazine Bleu Tomate, qui a initi&eacute; le projet intitul&eacute; &laquo;&nbsp;La mer n&rsquo;est pas &#8230;","protected":false},"author":1,"featured_media":37190,"comment_status":"open","ping_status":"open","sticky":false,"template":"","format":"standard","meta":{"footnotes":""},"categories":[3926,3925,333],"tags":[130,84,5779,697,5864,27,2917,128,85,938,3873,537,2872,1085,31],"news-destination":[3944],"news-source":[475],"is_homepage":[],"ta_other":[],"class_list":["post-37189","post","type-post","status-publish","format-standard","has-post-thumbnail","hentry","category-accueil-merge","category-accueil-third","category-environnement","tag-ateliers","tag-biodiversite","tag-ecosysteme-marins","tag-elus","tag-faune-aquatique","tag-hyeres","tag-magazine","tag-mediterranee","tag-mer","tag-nature","tag-pecheurs","tag-protection","tag-scientifiques","tag-sensibilisation","tag-var","news-destination-homepage","news-source-website"],"_links":{"self":[{"href":"https:\/\/euapp01.newsmemory.com\/lamarseillaise\/news\/wp-json\/wp\/v2\/posts\/37189","targetHints":{"allow":["GET"]}}],"collection":[{"href":"https:\/\/euapp01.newsmemory.com\/lamarseillaise\/news\/wp-json\/wp\/v2\/posts"}],"about":[{"href":"https:\/\/euapp01.newsmemory.com\/lamarseillaise\/news\/wp-json\/wp\/v2\/types\/post"}],"author":[{"embeddable":true,"href":"https:\/\/euapp01.newsmemory.com\/lamarseillaise\/news\/wp-json\/wp\/v2\/users\/1"}],"replies":[{"embeddable":true,"href":"https:\/\/euapp01.newsmemory.com\/lamarseillaise\/news\/wp-json\/wp\/v2\/comments?post=37189"}],"version-history":[{"count":1,"href":"https:\/\/euapp01.newsmemory.com\/lamarseillaise\/news\/wp-json\/wp\/v2\/posts\/37189\/revisions"}],"predecessor-version":[{"id":37191,"href":"https:\/\/euapp01.newsmemory.com\/lamarseillaise\/news\/wp-json\/wp\/v2\/posts\/37189\/revisions\/37191"}],"wp:featuredmedia":[{"embeddable":true,"href":"https:\/\/euapp01.newsmemory.com\/lamarseillaise\/news\/wp-json\/wp\/v2\/media\/37190"}],"wp:attachment":[{"href":"https:\/\/euapp01.newsmemory.com\/lamarseillaise\/news\/wp-json\/wp\/v2\/media?parent=37189"}],"wp:term":[{"taxonomy":"category","embeddable":true,"href":"https:\/\/euapp01.newsmemory.com\/lamarseillaise\/news\/wp-json\/wp\/v2\/categories?post=37189"},{"taxonomy":"post_tag","embeddable":true,"href":"https:\/\/euapp01.newsmemory.com\/lamarseillaise\/news\/wp-json\/wp\/v2\/tags?post=37189"},{"taxonomy":"news-destination","embeddable":true,"href":"https:\/\/euapp01.newsmemory.com\/lamarseillaise\/news\/wp-json\/wp\/v2\/news-destination?post=37189"},{"taxonomy":"news-source","embeddable":true,"href":"https:\/\/euapp01.newsmemory.com\/lamarseillaise\/news\/wp-json\/wp\/v2\/news-source?post=37189"},{"taxonomy":"is_homepage","embeddable":true,"href":"https:\/\/euapp01.newsmemory.com\/lamarseillaise\/news\/wp-json\/wp\/v2\/is_homepage?post=37189"},{"taxonomy":"ta_other","embeddable":true,"href":"https:\/\/euapp01.newsmemory.com\/lamarseillaise\/news\/wp-json\/wp\/v2\/ta_other?post=37189"}],"curies":[{"name":"wp","href":"https:\/\/api.w.org\/{rel}","templated":true}]}}