{"id":37183,"date":"2026-07-23T07:15:00","date_gmt":"2026-07-23T05:15:00","guid":{"rendered":"https:\/\/euapp01.newsmemory.com\/lamarseillaise\/news\/?p=37183"},"modified":"2026-07-23T10:04:57","modified_gmt":"2026-07-23T08:04:57","slug":"tour-de-france-jasper-philipsen-retrouve-la-lumiere-du-dauphine","status":"publish","type":"post","link":"https:\/\/euapp01.newsmemory.com\/lamarseillaise\/news\/2026\/07\/23\/tour-de-france-jasper-philipsen-retrouve-la-lumiere-du-dauphine\/","title":{"rendered":"[Tour de France] Jasper Philipsen retrouve la lumi\u00e8re du Dauphin\u00e9"},"content":{"rendered":"<div class=\"paragraph\">\n<p>Parfaitement lanc\u00e9 par Mathieu Van der Poel, le sprinteur belge d\u2019Alpecin Jasper Philipsen a devanc\u00e9 le Suisse Mauro Schmid et le N\u00e9erlandais Olav Kooij mercredi pour d\u00e9crocher sa 11<sup>e<\/sup>\u00a0victoire sur le Tour de France, la premi\u00e8re de son \u00e9dition 2025.<\/p>\n<p>Tr\u00e8s \u00e9mu \u00e0 l\u2019arriv\u00e9e, Philipsen a laiss\u00e9 \u00e9clater son soulagement apr\u00e8s une premi\u00e8re partie de Grande Boucle particuli\u00e8rement difficile.<\/p>\n<p>\u00ab<i>\u00a0<\/i><i>Apr\u00e8s de telles montagnes russes d\u2019\u00e9motions sur ce Tour de France, j\u2019ai d\u00fb attendre la 17<\/i><i><sup>e<\/sup><\/i><i>\u00a0<\/i><i>\u00e9tape<\/i>, souffle-t-il. <i>Je m\u2019\u00e9tais bien pr\u00e9par\u00e9, mais je n\u2019\u00e9tais pas dans la forme de ma vie. Les premi\u00e8res \u00e9tapes ont \u00e9t\u00e9 horribles. Je n\u2019arrivais pas \u00e0 retrouver les sensations que j\u2019esp\u00e9rais. Gagner apr\u00e8s 17 \u00e9tapes, c\u2019est vraiment important pour l\u2019\u00e9quipe, qui a continu\u00e9 \u00e0 croire en moi. J\u2019\u00e9tais d\u00e9\u00e7u et frustr\u00e9 de ne pas avoir r\u00e9ussi \u00e0 m\u2019imposer jusque-l\u00e0.<\/i><i>\u00a0<\/i>\u00bb<i><\/i><\/p>\n<p>Les principaux favoris du classement g\u00e9n\u00e9ral, \u00e0 commencer par le maillot jaune Tadej Pogacar, ont franchi la ligne dans un deuxi\u00e8me groupe, tranquillement arriv\u00e9 avec pr\u00e8s de neuf minutes de retard.<\/p>\n<p>Cette victoire constitue le deuxi\u00e8me succ\u00e8s d\u2019Alpecin-Deceuninck dans cette 113<sup>e<\/sup> \u00e9dition du Tour, apr\u00e8s celui de Mathieu Van der Poel \u00e0 Ussel. Elle porte \u00e9galement \u00e0 six le nombre de victoires belges sur cette Grande Boucle, en comptant les trois succ\u00e8s au sprint de Tim Merlier &#8211; depuis contraint \u00e0 l\u2019abandon &#8211; et les deux victoires de Remco Evenepoel.<\/p>\n<p>Pour Philipsen, ce succ\u00e8s repr\u00e9sente un immense soulagement apr\u00e8s avoir accumul\u00e9 les places d\u2019honneur depuis le d\u00e9part du Tour. Le Belge est rest\u00e9 de longues secondes allong\u00e9 sur le sol \u00e0 l\u2019arriv\u00e9e, savourant pleinement son triomphe.<\/p>\n<p>\u00ab<i>\u00a0<\/i><i>Cette victoire m\u2019a co\u00fbt\u00e9 quelques ann\u00e9es de vie. Je me suis battu entre les deux groupes. \u00c0 un moment, je pensais que l\u2019\u00e9tape \u00e9tait perdue, mais l\u2019\u00e9quipe a continu\u00e9 d\u2019y croire et a construit un plan. Les gars ont \u00e9t\u00e9 incroyables et m\u2019ont parfaitement amen\u00e9 jusqu\u2019\u00e0 la ligne d\u2019arriv\u00e9e<\/i><i>\u00a0<\/i>\u00bb, sourit-il.<\/p>\n<p>Gr\u00e2ce \u00e0 cette victoire, Philipsen r\u00e9alise \u00e9galement une excellente op\u00e9ration au classement du maillot vert. Il revient \u00e0 seulement sept points du leader Mads Pedersen, lui aussi pr\u00e9sent dans le groupe de t\u00eate et huiti\u00e8me de l\u2019\u00e9tape.<\/p>\n<\/p><\/div>\n<div class=\"intext\"> Une \u00e9tape d\u00e9brid\u00e9e\n              <\/div>\n<div class=\"paragraph\">\n<p>La journ\u00e9e avait \u00e9t\u00e9 particuli\u00e8rement mouvement\u00e9e, marqu\u00e9e par une succession d\u2019attaques qui ont rapidement morcel\u00e9 le peloton. M\u00eame Isaac Del Toro, troisi\u00e8me du classement g\u00e9n\u00e9ral, a \u00e9t\u00e9 momentan\u00e9ment pi\u00e9g\u00e9.<\/p>\n<p>Un groupe de seize coureurs, parmi lesquels Mathieu Van der Poel et l\u2019infatigable Quinn Simmons, a longtemps sembl\u00e9 pouvoir aller au bout. Mais il a finalement \u00e9t\u00e9 repris par un groupe de six coureurs comprenant notamment Mads Pedersen et Jasper Stuyven.<\/p>\n<p>Ce dernier a tent\u00e9 sa chance en solitaire dans le final, avant d\u2019\u00eatre repris \u00e0 un peu plus de trois kilom\u00e8tres de l\u2019arriv\u00e9e, dans la c\u00f4te de la Commanderie.<\/p>\n<p>Dans les derniers kilom\u00e8tres, Van der Poel a une nouvelle fois jou\u00e9 son r\u00f4le de poisson-pilote de luxe. Le N\u00e9erlandais a neutralis\u00e9 les diff\u00e9rentes offensives avant de placer Philipsen dans les meilleures conditions. Sur la derni\u00e8re ligne droite, le Belge a jailli avec puissance pour s\u2019imposer largement, les deux poings lev\u00e9s. D\u00e9sormais, Philipsen vise le classement par points\u00a0: \u00ab<i>\u00a0<\/i><i>Les prochaines \u00e9tapes seront difficiles, mais je vais me battre jusqu\u2019\u00e0 Paris pour le maillot vert.<\/i><i>\u00a0<\/i>\u00bb <i><\/i><\/p>\n<p>Au classement g\u00e9n\u00e9ral, Tadej Pogacar conserve son maillot jaune avec 4\u201932\u2019\u2019 d\u2019avance sur Remco Evenepoel. Le Slov\u00e8ne devance toujours Isaac Del Toro et le Fran\u00e7ais Paul Seixas avant la premi\u00e8re des trois \u00e9tapes alpestres, pr\u00e9vue jeudi.<\/p>\n<\/p><\/div>\n","protected":false},"excerpt":{"rendered":"Parfaitement lanc&eacute; par Mathieu Van der Poel, le sprinteur belge d&rsquo;Alpecin Jasper Philipsen a devanc&eacute; le Suisse Mauro Schmid et le N&eacute;erlandais Olav Kooij mercredi pour d&eacute;crocher sa 11e&nbsp;victoire sur le Tour de &#8230;","protected":false},"author":1,"featured_media":37184,"comment_status":"open","ping_status":"open","sticky":false,"template":"","format":"standard","meta":{"footnotes":""},"categories":[7],"tags":[1144,572,3253],"news-destination":[],"news-source":[475],"is_homepage":[],"ta_other":[],"class_list":["post-37183","post","type-post","status-publish","format-standard","has-post-thumbnail","hentry","category-sports","tag-cyclisme","tag-france","tag-tour-de-france","news-source-website"],"_links":{"self":[{"href":"https:\/\/euapp01.newsmemory.com\/lamarseillaise\/news\/wp-json\/wp\/v2\/posts\/37183","targetHints":{"allow":["GET"]}}],"collection":[{"href":"https:\/\/euapp01.newsmemory.com\/lamarseillaise\/news\/wp-json\/wp\/v2\/posts"}],"about":[{"href":"https:\/\/euapp01.newsmemory.com\/lamarseillaise\/news\/wp-json\/wp\/v2\/types\/post"}],"author":[{"embeddable":true,"href":"https:\/\/euapp01.newsmemory.com\/lamarseillaise\/news\/wp-json\/wp\/v2\/users\/1"}],"replies":[{"embeddable":true,"href":"https:\/\/euapp01.newsmemory.com\/lamarseillaise\/news\/wp-json\/wp\/v2\/comments?post=37183"}],"version-history":[{"count":1,"href":"https:\/\/euapp01.newsmemory.com\/lamarseillaise\/news\/wp-json\/wp\/v2\/posts\/37183\/revisions"}],"predecessor-version":[{"id":37185,"href":"https:\/\/euapp01.newsmemory.com\/lamarseillaise\/news\/wp-json\/wp\/v2\/posts\/37183\/revisions\/37185"}],"wp:featuredmedia":[{"embeddable":true,"href":"https:\/\/euapp01.newsmemory.com\/lamarseillaise\/news\/wp-json\/wp\/v2\/media\/37184"}],"wp:attachment":[{"href":"https:\/\/euapp01.newsmemory.com\/lamarseillaise\/news\/wp-json\/wp\/v2\/media?parent=37183"}],"wp:term":[{"taxonomy":"category","embeddable":true,"href":"https:\/\/euapp01.newsmemory.com\/lamarseillaise\/news\/wp-json\/wp\/v2\/categories?post=37183"},{"taxonomy":"post_tag","embeddable":true,"href":"https:\/\/euapp01.newsmemory.com\/lamarseillaise\/news\/wp-json\/wp\/v2\/tags?post=37183"},{"taxonomy":"news-destination","embeddable":true,"href":"https:\/\/euapp01.newsmemory.com\/lamarseillaise\/news\/wp-json\/wp\/v2\/news-destination?post=37183"},{"taxonomy":"news-source","embeddable":true,"href":"https:\/\/euapp01.newsmemory.com\/lamarseillaise\/news\/wp-json\/wp\/v2\/news-source?post=37183"},{"taxonomy":"is_homepage","embeddable":true,"href":"https:\/\/euapp01.newsmemory.com\/lamarseillaise\/news\/wp-json\/wp\/v2\/is_homepage?post=37183"},{"taxonomy":"ta_other","embeddable":true,"href":"https:\/\/euapp01.newsmemory.com\/lamarseillaise\/news\/wp-json\/wp\/v2\/ta_other?post=37183"}],"curies":[{"name":"wp","href":"https:\/\/api.w.org\/{rel}","templated":true}]}}