{"id":37177,"date":"2026-07-23T07:20:00","date_gmt":"2026-07-23T05:20:00","guid":{"rendered":"https:\/\/euapp01.newsmemory.com\/lamarseillaise\/news\/?p=37177"},"modified":"2026-07-23T10:04:57","modified_gmt":"2026-07-23T08:04:57","slug":"un-fauteuil-pour-deux-au-souvenir-maurice-tailleu","status":"publish","type":"post","link":"https:\/\/euapp01.newsmemory.com\/lamarseillaise\/news\/2026\/07\/23\/un-fauteuil-pour-deux-au-souvenir-maurice-tailleu\/","title":{"rendered":"Un fauteuil pour deux au Souvenir Maurice-Tailleu"},"content":{"rendered":"<div class=\"paragraph\">\n<p>C\u2019est une tradition longue de presque deux d\u00e9cennies. Tous les ans, en cette p\u00e9riode riche en concours, on honore Maurice Tailleu qui fut durant 18\u00a0ans maire de Revest-du-Bion. Sous la houlette de son fils Michel, aujourd\u2019hui ancr\u00e9 sur Les Pennes-Mirabeau, l\u2019\u00e9preuve disput\u00e9e au Jeu proven\u00e7al en doublette a encore connu un vif succ\u00e8s.<\/p>\n<p>48 doublettes \u00e9taient pr\u00e9sentes dont 14 venues de la Boule Plate au plan des Pennes.<\/p>\n<p>Un \u00e9change amical qui perdure avec la Boule du Revest. Apr\u00e8s un petit-d\u00e9jeuner \u00e0 l\u2019accent corse offert, les 92\u00a0protagonistes pouvaient en d\u00e9coudre sous une chaleur accablante.<\/p>\n<p>Le parcours long, entrecoup\u00e9 d\u2019un magnifique buffet campagnard, n\u2019a jamais pu d\u00e9livrer son verdict compte tenu de l\u2019heure tardive de la fin des demi-finales (2h du matin) de toute beaut\u00e9 avec un spectacle de qualit\u00e9.<\/p>\n<p>Les deux \u00e9quipes finalistes \u00e9taient compos\u00e9es de \u00c9tienne Gazagnes-Jeremy Vargas (Montbrun-les-Bains) et Alexandre Dauberte- Jacques K\u00e9vin (NH) (photo) Tom, arri\u00e8re- petit-fils de Maurice, pose pour la photo souvenir.<\/p>\n<p>Il faut remercier les anciens de Revest-du-Bion qui se sont mobilis\u00e9s pour faire de cette journ\u00e9e une grande f\u00eate du Jeu proven\u00e7al. Jean Leonetti, pr\u00e9sident de la Boule Plate. Michel Tailleu, vice-pr\u00e9sident et tous les joueurs qui ont jou\u00e9 le jeu dans une ambiance festive qui a aujourd\u2019hui h\u00e9las tendance \u00e0 dispara\u00eetre.<\/p>\n<\/p><\/div>\n","protected":false},"excerpt":{"rendered":"C&rsquo;est une tradition longue de presque deux d&eacute;cennies. Tous les ans, en cette p&eacute;riode riche en concours, on honore Maurice Tailleu qui fut durant 18&nbsp;ans maire de Revest-du-Bion. Sous la houlette de son fils Michel, &#8230;","protected":false},"author":1,"featured_media":37178,"comment_status":"open","ping_status":"open","sticky":false,"template":"","format":"standard","meta":{"footnotes":""},"categories":[7],"tags":[4768,4467,1161,1013],"news-destination":[],"news-source":[475],"is_homepage":[],"ta_other":[],"class_list":["post-37177","post","type-post","status-publish","format-standard","has-post-thumbnail","hentry","category-sports","tag-alpes","tag-alpes-de-haute-provence","tag-boules","tag-petanque","news-source-website"],"_links":{"self":[{"href":"https:\/\/euapp01.newsmemory.com\/lamarseillaise\/news\/wp-json\/wp\/v2\/posts\/37177","targetHints":{"allow":["GET"]}}],"collection":[{"href":"https:\/\/euapp01.newsmemory.com\/lamarseillaise\/news\/wp-json\/wp\/v2\/posts"}],"about":[{"href":"https:\/\/euapp01.newsmemory.com\/lamarseillaise\/news\/wp-json\/wp\/v2\/types\/post"}],"author":[{"embeddable":true,"href":"https:\/\/euapp01.newsmemory.com\/lamarseillaise\/news\/wp-json\/wp\/v2\/users\/1"}],"replies":[{"embeddable":true,"href":"https:\/\/euapp01.newsmemory.com\/lamarseillaise\/news\/wp-json\/wp\/v2\/comments?post=37177"}],"version-history":[{"count":1,"href":"https:\/\/euapp01.newsmemory.com\/lamarseillaise\/news\/wp-json\/wp\/v2\/posts\/37177\/revisions"}],"predecessor-version":[{"id":37179,"href":"https:\/\/euapp01.newsmemory.com\/lamarseillaise\/news\/wp-json\/wp\/v2\/posts\/37177\/revisions\/37179"}],"wp:featuredmedia":[{"embeddable":true,"href":"https:\/\/euapp01.newsmemory.com\/lamarseillaise\/news\/wp-json\/wp\/v2\/media\/37178"}],"wp:attachment":[{"href":"https:\/\/euapp01.newsmemory.com\/lamarseillaise\/news\/wp-json\/wp\/v2\/media?parent=37177"}],"wp:term":[{"taxonomy":"category","embeddable":true,"href":"https:\/\/euapp01.newsmemory.com\/lamarseillaise\/news\/wp-json\/wp\/v2\/categories?post=37177"},{"taxonomy":"post_tag","embeddable":true,"href":"https:\/\/euapp01.newsmemory.com\/lamarseillaise\/news\/wp-json\/wp\/v2\/tags?post=37177"},{"taxonomy":"news-destination","embeddable":true,"href":"https:\/\/euapp01.newsmemory.com\/lamarseillaise\/news\/wp-json\/wp\/v2\/news-destination?post=37177"},{"taxonomy":"news-source","embeddable":true,"href":"https:\/\/euapp01.newsmemory.com\/lamarseillaise\/news\/wp-json\/wp\/v2\/news-source?post=37177"},{"taxonomy":"is_homepage","embeddable":true,"href":"https:\/\/euapp01.newsmemory.com\/lamarseillaise\/news\/wp-json\/wp\/v2\/is_homepage?post=37177"},{"taxonomy":"ta_other","embeddable":true,"href":"https:\/\/euapp01.newsmemory.com\/lamarseillaise\/news\/wp-json\/wp\/v2\/ta_other?post=37177"}],"curies":[{"name":"wp","href":"https:\/\/api.w.org\/{rel}","templated":true}]}}