{"id":37174,"date":"2026-07-23T07:21:00","date_gmt":"2026-07-23T05:21:00","guid":{"rendered":"https:\/\/euapp01.newsmemory.com\/lamarseillaise\/news\/?p=37174"},"modified":"2026-07-23T10:04:57","modified_gmt":"2026-07-23T08:04:57","slug":"barrillot-et-layrac-selectionnes-pour-le-tour-de-lain","status":"publish","type":"post","link":"https:\/\/euapp01.newsmemory.com\/lamarseillaise\/news\/2026\/07\/23\/barrillot-et-layrac-selectionnes-pour-le-tour-de-lain\/","title":{"rendered":"Barrillot et Layrac s\u00e9lectionn\u00e9s pour le Tour de l\u2019Ain"},"content":{"rendered":"<div class=\"paragraph\">\n<p>Boh\u00e9mond Barrillot et Gabriel Layrac ont en effet \u00e9t\u00e9 retenus pour int\u00e9grer l\u2019\u00e9quipe de France U23 qui disputera l\u2019\u00e9preuve du 28 au 30\u00a0juillet prochain. Une belle r\u00e9compense pour les deux coureurs aixois, qui perp\u00e9tuent ainsi la tradition du club de voir ses talents acc\u00e9der aux s\u00e9lections nationales.<\/p>\n<p>Piliers de la formation dirig\u00e9e cette saison par S\u00e9bastien Cottier, les deux Espoirs r\u00e9alisent un exercice 2026 particuli\u00e8rement remarqu\u00e9. Leur convocation en \u00e9quipe de France vient r\u00e9compenser des performances de haut niveau et confirme leur progression au sein du peloton national.<\/p>\n<p>Gabriel Layrac s\u2019est notamment illustr\u00e9, cette ann\u00e9e, en prenant la troisi\u00e8me place des Championnats Sud Paca. Il avait \u00e9galement cr\u00e9\u00e9 la sensation au printemps en remportant la premi\u00e8re \u00e9tape du Tour professionnel des Asturies, signant ainsi l\u2019une des plus belles victoires de sa jeune carri\u00e8re.<\/p>\n<p>De son c\u00f4t\u00e9, Boh\u00e9mond Barrillot est tout simplement en train de r\u00e9aliser sa meilleure saison. Actuellement sixi\u00e8me au classement des meilleurs Espoirs Continentaux, il affiche des statistiques impressionnantes avec cinq podiums, dont trois victoires, ainsi que quatorze Top 10 depuis le d\u00e9but de l\u2019ann\u00e9e. Une r\u00e9gularit\u00e9 qui lui vaut aujourd\u2019hui cette premi\u00e8re s\u00e9lection sous le maillot bleu.<\/p>\n<p>Cette double convocation constitue une grande fiert\u00e9 pour l\u2019AVCA Provence Dole et vient r\u00e9compenser le travail accompli par les coureurs comme par l\u2019encadrement du club. Tous les regards seront d\u00e9sormais tourn\u00e9s vers le Tour de l\u2019Ain, o\u00f9 Boh\u00e9mond Barrillot et Gabriel Layrac tenteront de briller sous les couleurs de l\u2019\u00e9quipe de France U23, aux c\u00f4t\u00e9s d\u2019Arthur Blaise (Aarco), Thimot\u00e9e Coudi\u00e8re-Cantin (Vend\u00e9e-U), Corentin Lequet (Atria) et Jules Vaugrenard (Mayanne).<\/p>\n<\/p><\/div>\n","protected":false},"excerpt":{"rendered":"Boh&eacute;mond Barrillot et Gabriel Layrac ont en effet &eacute;t&eacute; retenus pour int&eacute;grer l&rsquo;&eacute;quipe de France U23 qui disputera l&rsquo;&eacute;preuve du 28 au 30&nbsp;juillet prochain. Une belle r&eacute;compense pour les &#8230;","protected":false},"author":1,"featured_media":37175,"comment_status":"open","ping_status":"open","sticky":false,"template":"","format":"standard","meta":{"footnotes":""},"categories":[7],"tags":[1144,572,895,1002],"news-destination":[],"news-source":[475],"is_homepage":[],"ta_other":[],"class_list":["post-37174","post","type-post","status-publish","format-standard","has-post-thumbnail","hentry","category-sports","tag-cyclisme","tag-france","tag-provence","tag-selection","news-source-website"],"_links":{"self":[{"href":"https:\/\/euapp01.newsmemory.com\/lamarseillaise\/news\/wp-json\/wp\/v2\/posts\/37174","targetHints":{"allow":["GET"]}}],"collection":[{"href":"https:\/\/euapp01.newsmemory.com\/lamarseillaise\/news\/wp-json\/wp\/v2\/posts"}],"about":[{"href":"https:\/\/euapp01.newsmemory.com\/lamarseillaise\/news\/wp-json\/wp\/v2\/types\/post"}],"author":[{"embeddable":true,"href":"https:\/\/euapp01.newsmemory.com\/lamarseillaise\/news\/wp-json\/wp\/v2\/users\/1"}],"replies":[{"embeddable":true,"href":"https:\/\/euapp01.newsmemory.com\/lamarseillaise\/news\/wp-json\/wp\/v2\/comments?post=37174"}],"version-history":[{"count":1,"href":"https:\/\/euapp01.newsmemory.com\/lamarseillaise\/news\/wp-json\/wp\/v2\/posts\/37174\/revisions"}],"predecessor-version":[{"id":37176,"href":"https:\/\/euapp01.newsmemory.com\/lamarseillaise\/news\/wp-json\/wp\/v2\/posts\/37174\/revisions\/37176"}],"wp:featuredmedia":[{"embeddable":true,"href":"https:\/\/euapp01.newsmemory.com\/lamarseillaise\/news\/wp-json\/wp\/v2\/media\/37175"}],"wp:attachment":[{"href":"https:\/\/euapp01.newsmemory.com\/lamarseillaise\/news\/wp-json\/wp\/v2\/media?parent=37174"}],"wp:term":[{"taxonomy":"category","embeddable":true,"href":"https:\/\/euapp01.newsmemory.com\/lamarseillaise\/news\/wp-json\/wp\/v2\/categories?post=37174"},{"taxonomy":"post_tag","embeddable":true,"href":"https:\/\/euapp01.newsmemory.com\/lamarseillaise\/news\/wp-json\/wp\/v2\/tags?post=37174"},{"taxonomy":"news-destination","embeddable":true,"href":"https:\/\/euapp01.newsmemory.com\/lamarseillaise\/news\/wp-json\/wp\/v2\/news-destination?post=37174"},{"taxonomy":"news-source","embeddable":true,"href":"https:\/\/euapp01.newsmemory.com\/lamarseillaise\/news\/wp-json\/wp\/v2\/news-source?post=37174"},{"taxonomy":"is_homepage","embeddable":true,"href":"https:\/\/euapp01.newsmemory.com\/lamarseillaise\/news\/wp-json\/wp\/v2\/is_homepage?post=37174"},{"taxonomy":"ta_other","embeddable":true,"href":"https:\/\/euapp01.newsmemory.com\/lamarseillaise\/news\/wp-json\/wp\/v2\/ta_other?post=37174"}],"curies":[{"name":"wp","href":"https:\/\/api.w.org\/{rel}","templated":true}]}}