{"id":37168,"date":"2026-07-23T07:02:00","date_gmt":"2026-07-23T05:02:00","guid":{"rendered":"https:\/\/euapp01.newsmemory.com\/lamarseillaise\/news\/?p=37168"},"modified":"2026-07-29T08:01:03","modified_gmt":"2026-07-29T06:01:03","slug":"la-ville-de-marseille-poursuit-le-retrait-des-boites-a-cles-de-meubles","status":"publish","type":"post","link":"https:\/\/euapp01.newsmemory.com\/lamarseillaise\/news\/2026\/07\/23\/la-ville-de-marseille-poursuit-le-retrait-des-boites-a-cles-de-meubles\/","title":{"rendered":"La Ville de Marseille poursuit le retrait des bo\u00eetes \u00e0 cl\u00e9s de meubl\u00e9s"},"content":{"rendered":"<div class=\"paragraph\">\n<p>Partant de la place Joseph-\u00c9tienne, un cort\u00e8ge de techniciens municipaux, d\u2019\u00e9lus et de journalistes d\u00e9ambule dans les rues d\u2019Endoume. Le rituel est rod\u00e9\u00a0: une disqueuse thermique cisaille une premi\u00e8re bo\u00eete \u00e0 cl\u00e9s rep\u00e9r\u00e9e plus t\u00f4t, accroch\u00e9e \u00e0 une balustrade de la place Joseph-Thierry, les flashes cr\u00e9pitent, le troph\u00e9e est brandi puis envoy\u00e9 avec les autres aux objets trouv\u00e9s, o\u00f9 curieusement, personne ne vient les r\u00e9clamer.<\/p>\n<p>Quinze jours avant, une brigade municipale a rep\u00e9r\u00e9 47\u00a0bo\u00eetiers dans le secteur et appos\u00e9 des stickers pr\u00e9venant leur propri\u00e9taire de l\u2019interdiction de leur pose sur le mobilier urbain. Mercredi matin, 15\u00a0propri\u00e9taires avaient vite retir\u00e9 leur cadenas avant l\u2019arriv\u00e9e de la patrouille.<\/p>\n<p>L\u2019adjointe au logement, Audrey Garino (PCF), souligne combien \u00ab\u00a0<i>l\u2019impact de la r\u00e9glementation extr\u00eamement dure de la Ville de Marseille commence \u00e0 porter ses fruits<\/i><i>\u00a0<\/i>\u00bb. Pour preuve, \u00ab\u00a0<i>l<\/i><i>es derni\u00e8res condamnations ont abouti \u00e0 r\u00e9int\u00e9grer 18<\/i><i>\u00a0<\/i><i>logements sur le parc locatif qui \u00e9taient transform\u00e9s en 34<\/i><i>\u00a0<\/i><i>meubl\u00e9s de tourisme, donc \u00e7a fonctionne et on revient contr\u00f4ler. En 2025, on a eu une baisse des meubl\u00e9s de tourisme alors qu\u2019entre 2020 et 2023, \u00e7a explosait avec 74% d\u2019augmentation sur la ville. En 2024, \u00e7a s\u2019est tass\u00e9 et fin 2025, on a une baisse de 16% des offres globales de meubl\u00e9s de tourisme et de 22% sur le segment des r\u00e9sidences secondaires sur lesquelles l\u2019obligation de compensation est la plus dure. Donc progressivement, on baisse la jauge<\/i><i>\u00a0<\/i>\u00bb, r\u00e9sume Audrey Garino. Ainsi, de 12\u00a0937\u00a0meubl\u00e9s recens\u00e9s fin 2023, Marseille comptait fin 2025 un peu moins de 11\u00a0000\u00a0meubl\u00e9s. La d\u00e9crue se confirme donc.<\/p>\n<p>\u00ab\u00a0<i>On a commenc\u00e9 il y a deux ans et on s\u2019inscrit dans la dur\u00e9e de nos politiques de r\u00e9gulation de locations saisonni\u00e8res. Le cadenas, c\u2019est symbolique, mais \u00e7a incarne bien des nuisances pour les habitants qui nous en parlent<\/i><i>\u00a0<\/i>\u00bb, compl\u00e8te Sophie Camard, la maire(GRS) des 1<sup>er<\/sup> et 7<sup>e<\/sup>\u00a0arrondissements, tr\u00e8s impact\u00e9s, l\u2019hypercentre captant jusqu\u2019\u00e0 9% du parc locatif avec des pointes de 15 \u00e0 20% \u00e0 l\u2019\u00e9chelle d\u2019une rue ou d\u2019un \u00eelot comme au Panier ou autour de l\u2019Op\u00e9ra.<\/p>\n<\/p><\/div>\n","protected":false},"excerpt":{"rendered":"Partant de la place Joseph-&Eacute;tienne, un cort&egrave;ge de techniciens municipaux, d&rsquo;&eacute;lus et de journalistes d&eacute;ambule dans les rues d&rsquo;Endoume. Le rituel est rod&eacute;&nbsp;: une disqueuse thermique cisaille une &#8230;","protected":false},"author":1,"featured_media":37169,"comment_status":"open","ping_status":"open","sticky":false,"template":"","format":"standard","meta":{"footnotes":""},"categories":[3926,3925,20],"tags":[855,10,2317,16,1626,1048,812,99],"news-destination":[3944],"news-source":[475],"is_homepage":[],"ta_other":[],"class_list":["post-37168","post","type-post","status-publish","format-standard","has-post-thumbnail","hentry","category-accueil-merge","category-accueil-third","category-societe","tag-audrey-garino","tag-bouches-du-rhone","tag-journalistes","tag-marseille","tag-proprietaires","tag-residences-secondaires","tag-sophie-camard","tag-ville-de-marseille","news-destination-homepage","news-source-website"],"_links":{"self":[{"href":"https:\/\/euapp01.newsmemory.com\/lamarseillaise\/news\/wp-json\/wp\/v2\/posts\/37168","targetHints":{"allow":["GET"]}}],"collection":[{"href":"https:\/\/euapp01.newsmemory.com\/lamarseillaise\/news\/wp-json\/wp\/v2\/posts"}],"about":[{"href":"https:\/\/euapp01.newsmemory.com\/lamarseillaise\/news\/wp-json\/wp\/v2\/types\/post"}],"author":[{"embeddable":true,"href":"https:\/\/euapp01.newsmemory.com\/lamarseillaise\/news\/wp-json\/wp\/v2\/users\/1"}],"replies":[{"embeddable":true,"href":"https:\/\/euapp01.newsmemory.com\/lamarseillaise\/news\/wp-json\/wp\/v2\/comments?post=37168"}],"version-history":[{"count":1,"href":"https:\/\/euapp01.newsmemory.com\/lamarseillaise\/news\/wp-json\/wp\/v2\/posts\/37168\/revisions"}],"predecessor-version":[{"id":37170,"href":"https:\/\/euapp01.newsmemory.com\/lamarseillaise\/news\/wp-json\/wp\/v2\/posts\/37168\/revisions\/37170"}],"wp:featuredmedia":[{"embeddable":true,"href":"https:\/\/euapp01.newsmemory.com\/lamarseillaise\/news\/wp-json\/wp\/v2\/media\/37169"}],"wp:attachment":[{"href":"https:\/\/euapp01.newsmemory.com\/lamarseillaise\/news\/wp-json\/wp\/v2\/media?parent=37168"}],"wp:term":[{"taxonomy":"category","embeddable":true,"href":"https:\/\/euapp01.newsmemory.com\/lamarseillaise\/news\/wp-json\/wp\/v2\/categories?post=37168"},{"taxonomy":"post_tag","embeddable":true,"href":"https:\/\/euapp01.newsmemory.com\/lamarseillaise\/news\/wp-json\/wp\/v2\/tags?post=37168"},{"taxonomy":"news-destination","embeddable":true,"href":"https:\/\/euapp01.newsmemory.com\/lamarseillaise\/news\/wp-json\/wp\/v2\/news-destination?post=37168"},{"taxonomy":"news-source","embeddable":true,"href":"https:\/\/euapp01.newsmemory.com\/lamarseillaise\/news\/wp-json\/wp\/v2\/news-source?post=37168"},{"taxonomy":"is_homepage","embeddable":true,"href":"https:\/\/euapp01.newsmemory.com\/lamarseillaise\/news\/wp-json\/wp\/v2\/is_homepage?post=37168"},{"taxonomy":"ta_other","embeddable":true,"href":"https:\/\/euapp01.newsmemory.com\/lamarseillaise\/news\/wp-json\/wp\/v2\/ta_other?post=37168"}],"curies":[{"name":"wp","href":"https:\/\/api.w.org\/{rel}","templated":true}]}}