{"id":37165,"date":"2026-07-23T07:03:00","date_gmt":"2026-07-23T05:03:00","guid":{"rendered":"https:\/\/euapp01.newsmemory.com\/lamarseillaise\/news\/?p=37165"},"modified":"2026-07-29T08:01:03","modified_gmt":"2026-07-29T06:01:03","slug":"le-plus-grand-rassemblement-bouddhiste-deurope-est-lance-a-marseille","status":"publish","type":"post","link":"https:\/\/euapp01.newsmemory.com\/lamarseillaise\/news\/2026\/07\/23\/le-plus-grand-rassemblement-bouddhiste-deurope-est-lance-a-marseille\/","title":{"rendered":"Le plus grand rassemblement bouddhiste d\u2019Europe est lanc\u00e9 \u00e0 Marseille"},"content":{"rendered":"<div class=\"paragraph\">\n<p>\u00ab <i>A<\/i><i>ujourd\u2019hui, dans une atmosph\u00e8re sereine et joyeuse, toute l\u2019assembl\u00e9e s\u2019est r\u00e9unie avec ferveur pour c\u00e9l\u00e9brer la c\u00e9r\u00e9monie d\u2019ouverture du 37<\/i><i><sup>e<\/sup><\/i><i>\u00a0<\/i><i>s\u00e9minaire d\u2019enseignement du bouddhisme<\/i>\u00a0\u00bb, scande le v\u00e9n\u00e9rable Thich Quang Dao, de la pagode Truc Lam, \u00e0 Marseille (11<sup>e<\/sup>). Ce mercredi matin s\u2019est tenue la c\u00e9r\u00e9monie d\u2019ouverture du 37<sup>e<\/sup>\u00a0rassemblement annuel de la Congr\u00e9gation bouddhique vietnamienne unifi\u00e9e en Europe.<\/p>\n<p>Venus de tout le continent, fid\u00e8les et sages se rassemblent \u00e0 Marseille pour partager, du 22 au 30\u00a0juillet, la philosophie bouddhiste. \u00ab\u00a0<i>Les v\u00e9n\u00e9rables ont la responsabilit\u00e9 de transmettre l\u2019enseignement du bouddha, les la\u00efques (les fid\u00e8les Ndlr) re\u00e7oivent l\u2019enseignement du bouddha pour l\u2019appliquer dans leur quotidien, dans la famille ou dans la soci\u00e9t\u00e9<\/i><i>\u00a0<\/i>\u00bb, explique Thich Nhu Dien, vice-pr\u00e9sident de la congr\u00e9gation et v\u00e9n\u00e9rable de la pagode d\u2019\u00c9vry.<\/p>\n<p>Devant la halle sportive du lyc\u00e9e professionnel de la Cadenelle (12<sup>e<\/sup>), transform\u00e9e en pagode sacr\u00e9e pour l\u2019\u00e9v\u00e9nement, les chaussures des 1\u00a0200\u00a0participants s\u2019accumulent. <span class=\"mln_uppercase_mln\">\u00e0<\/span> l\u2019int\u00e9rieur, en tenue traditionnelle, tous les sympathisants sont assis en tailleur sur de petits coussins marron. Face \u00e0 eux, se tiennent les v\u00e9n\u00e9rables des diff\u00e9rentes pagodes de la congr\u00e9gation, assis dans une tribune. Entre discours, invocations et chants rituels, la c\u00e9r\u00e9monie suit son cours.<\/p>\n<p>\u00ab\u00a0<i>Cela repr\u00e9sente un an de pr\u00e9paration, de rencontres et d\u2019\u00e9tudes pr\u00e9alables, puis plus d\u2019une semaine d\u2019am\u00e9nagement du campus<\/i>\u00a0\u00bb, t\u00e9moigne Romain Birot, directeur g\u00e9n\u00e9ral du lyc\u00e9e. Les salles de classe ont notamment \u00e9t\u00e9 reconfigur\u00e9es en dortoir.<\/p>\n<\/p><\/div>\n<div class=\"intext\"> Pour pr\u00e9server la culture\n              <\/div>\n<div class=\"paragraph\">\n<p>Les fid\u00e8les pr\u00e9sents au s\u00e9minaire sont majoritairement d\u2019origine vietnamienne. Ces rassemblements \u00ab\u00a0<i>permettent aussi aux enfants vietnamiens n\u00e9s en Europe de pratiquer la langue, la culture et la religion vietnamienne<\/i>\u00a0\u00bb, remarque Lan Mayet Nguyen, organisatrice de l\u2019\u00e9v\u00e9nement. Au-del\u00e0 des vertus spirituelles du rassemblement, c\u2019est l\u2019aspect culturel et l\u2019importance que rev\u00eat l\u2019\u00e9v\u00e9nement pour la diaspora vietnamienne en Europe qui sont mis en avant. L\u2019organisatrice ajoute\u00a0: \u00ab\u00a0<i>Il y a 10<\/i><i>\u00a0<\/i><i>000<\/i><i>\u00a0<\/i><i>habitants vietnamiens \u00e0 Marseille, dont 5<\/i><i>\u00a0<\/i><i>000 sont des pratiquants bouddhistes<\/i>\u00a0\u00bb. Selon Romain Birot, le choix de la Ville de Marseille s\u2019ancre lui aussi dans cette logique, \u00ab\u00a0<i>au regard de la forte communaut\u00e9 vietnamienne dans le sud de la France<\/i>\u00a0\u00bb.<\/p>\n<\/p><\/div>\n<div class=\"intext\"> Le reste de la semaine sera partag\u00e9 entre m\u00e9ditations et \u00e9changes, permettant \u00e0 chaque fid\u00e8le de s\u2019enrichir spirituellement.\n              <\/div>\n","protected":false},"excerpt":{"rendered":"&laquo; Aujourd&rsquo;hui, dans une atmosph&egrave;re sereine et joyeuse, toute l&rsquo;assembl&eacute;e s&rsquo;est r&eacute;unie avec ferveur pour c&eacute;l&eacute;brer la c&eacute;r&eacute;monie d&rsquo;ouverture du 37e&nbsp;s&eacute;minaire &#8230;","protected":false},"author":1,"featured_media":37166,"comment_status":"open","ping_status":"open","sticky":false,"template":"","format":"standard","meta":{"footnotes":""},"categories":[3926,3925,20],"tags":[10,35,16,682,5030],"news-destination":[3944],"news-source":[475],"is_homepage":[],"ta_other":[],"class_list":["post-37165","post","type-post","status-publish","format-standard","has-post-thumbnail","hentry","category-accueil-merge","category-accueil-third","category-societe","tag-bouches-du-rhone","tag-culture","tag-marseille","tag-religion","tag-vietnam","news-destination-homepage","news-source-website"],"_links":{"self":[{"href":"https:\/\/euapp01.newsmemory.com\/lamarseillaise\/news\/wp-json\/wp\/v2\/posts\/37165","targetHints":{"allow":["GET"]}}],"collection":[{"href":"https:\/\/euapp01.newsmemory.com\/lamarseillaise\/news\/wp-json\/wp\/v2\/posts"}],"about":[{"href":"https:\/\/euapp01.newsmemory.com\/lamarseillaise\/news\/wp-json\/wp\/v2\/types\/post"}],"author":[{"embeddable":true,"href":"https:\/\/euapp01.newsmemory.com\/lamarseillaise\/news\/wp-json\/wp\/v2\/users\/1"}],"replies":[{"embeddable":true,"href":"https:\/\/euapp01.newsmemory.com\/lamarseillaise\/news\/wp-json\/wp\/v2\/comments?post=37165"}],"version-history":[{"count":1,"href":"https:\/\/euapp01.newsmemory.com\/lamarseillaise\/news\/wp-json\/wp\/v2\/posts\/37165\/revisions"}],"predecessor-version":[{"id":37167,"href":"https:\/\/euapp01.newsmemory.com\/lamarseillaise\/news\/wp-json\/wp\/v2\/posts\/37165\/revisions\/37167"}],"wp:featuredmedia":[{"embeddable":true,"href":"https:\/\/euapp01.newsmemory.com\/lamarseillaise\/news\/wp-json\/wp\/v2\/media\/37166"}],"wp:attachment":[{"href":"https:\/\/euapp01.newsmemory.com\/lamarseillaise\/news\/wp-json\/wp\/v2\/media?parent=37165"}],"wp:term":[{"taxonomy":"category","embeddable":true,"href":"https:\/\/euapp01.newsmemory.com\/lamarseillaise\/news\/wp-json\/wp\/v2\/categories?post=37165"},{"taxonomy":"post_tag","embeddable":true,"href":"https:\/\/euapp01.newsmemory.com\/lamarseillaise\/news\/wp-json\/wp\/v2\/tags?post=37165"},{"taxonomy":"news-destination","embeddable":true,"href":"https:\/\/euapp01.newsmemory.com\/lamarseillaise\/news\/wp-json\/wp\/v2\/news-destination?post=37165"},{"taxonomy":"news-source","embeddable":true,"href":"https:\/\/euapp01.newsmemory.com\/lamarseillaise\/news\/wp-json\/wp\/v2\/news-source?post=37165"},{"taxonomy":"is_homepage","embeddable":true,"href":"https:\/\/euapp01.newsmemory.com\/lamarseillaise\/news\/wp-json\/wp\/v2\/is_homepage?post=37165"},{"taxonomy":"ta_other","embeddable":true,"href":"https:\/\/euapp01.newsmemory.com\/lamarseillaise\/news\/wp-json\/wp\/v2\/ta_other?post=37165"}],"curies":[{"name":"wp","href":"https:\/\/api.w.org\/{rel}","templated":true}]}}