{"id":37162,"date":"2026-07-23T07:05:00","date_gmt":"2026-07-23T05:05:00","guid":{"rendered":"https:\/\/euapp01.newsmemory.com\/lamarseillaise\/news\/?p=37162"},"modified":"2026-07-29T08:01:03","modified_gmt":"2026-07-29T06:01:03","slug":"a-carry-le-rouet-des-renforts-de-gendarmerie-pour-securiser-la-saison-dete","status":"publish","type":"post","link":"https:\/\/euapp01.newsmemory.com\/lamarseillaise\/news\/2026\/07\/23\/a-carry-le-rouet-des-renforts-de-gendarmerie-pour-securiser-la-saison-dete\/","title":{"rendered":"\u00c0 Carry-le-Rouet, des renforts de gendarmerie pour s\u00e9curiser la saison d\u2019\u00e9t\u00e9"},"content":{"rendered":"<div class=\"paragraph\">\n<p>Le bleu est partout, \u00e0 Carry-le-Rouet. L\u2019eau turquoise de la M\u00e9diterran\u00e9e, le ciel d\u00e9nu\u00e9 de nuages et les uniformes des forces de l\u2019ordre. Ce mercredi, \u00e0 l\u2019occasion de la visite du pr\u00e9fet de r\u00e9gion, Jacques Witkowski, le dispositif estival de s\u00e9curit\u00e9 a \u00e9t\u00e9 enti\u00e8rement d\u00e9ploy\u00e9 dans la petite commune de 6\u00a0000\u00a0habitants. Deux groupes de gendarmes sont positionn\u00e9s de part et d\u2019autre du rond point qui m\u00e8ne au parking de la plage du Rouet pour contr\u00f4ler les automobilistes, tandis que deux hommes patrouillent en civil sur le banc de sable. Du c\u00f4t\u00e9 du centre-ville, d\u2019autres militaires, associ\u00e9s aux agents la police municipale, sillonnent les rues.<\/p>\n<p>L\u2019\u00e9t\u00e9, 7\u00a0r\u00e9servistes et 12\u00a0militaires d\u00e9tach\u00e9s viennent appuyer l\u2019action des 26\u00a0gendarmes de la brigade, dont le p\u00e9rim\u00e8tre s\u2019\u00e9tend aux secteurs du Rove, d\u2019Ensu\u00e8s-la-Redonne et de Sausset-les-Pins. Carry-le-Rouet a beau \u00ab<i>\u00a0<\/i><i>ne pas \u00eatre une cit\u00e9 baln\u00e9aire<\/i><i>\u00a0<\/i>\u00bb, la population \u00ab\u00a0<i>peut doubler sur une journ\u00e9e<\/i><i>\u00a0<\/i>\u00bb, affirme le maire (DVD), Ren\u00e9-Francis Carpentier.<\/p>\n<p>Le commandant Jean-Yves Curci reconna\u00eet\u00a0: \u00ab\u00a0<i>C\u2019est un territoire tr\u00e8s pr\u00e9serv\u00e9. (&#8230;) On a une d\u00e9linquance ma\u00eetris\u00e9e, avec 1<\/i><i>\u00a0<\/i><i>300<\/i><i>\u00a0<\/i><i>faits de crimes et d\u00e9lits \u00e0 l\u2019ann\u00e9e<\/i>.\u00a0\u00bb Les deux mois d\u2019\u00e9t\u00e9 n\u2019en restent pas moins \u00ab\u00a0<i>un moment particulier<\/i>\u00a0\u00bb, puisqu\u2019ils repr\u00e9sentent 27% des interventions. \u00ab\u00a0<i>En termes de volume, c\u2019est 60% de plus que le reste de l\u2019ann\u00e9e. On a une saisonnalit\u00e9 tr\u00e8s marqu\u00e9e avec des ph\u00e9nom\u00e8nes assez particuliers, parce que l\u2019essentiel du tourisme est local et journalier, avec, par exemple, des vols \u00e0 la roulotte \u00e0 proximit\u00e9 des zones de baignade, de la consommation de stup\u00e9fiant ou des atteintes \u00e0 la tranquillit\u00e9 publique. On n\u2019est pas forc\u00e9ment sur de la grande criminalit\u00e9, mais le volume de faits est plus important que le reste de l\u2019ann\u00e9e et n\u00e9cessite des renforts<\/i>.\u00a0\u00bb<\/p>\n<p>Au sein de la population, ces forces de l\u2019ordre suppl\u00e9mentaires sont bien accueillies. \u00ab\u00a0<i>Beaucoup de gens viennent de l\u2019ext\u00e9rieur, on veut que la C\u00f4te Bleue reste pr\u00e9serv\u00e9e<\/i>\u00a0\u00bb, confie Anthony, patron d\u2019un salon de coiffure dans le centre-ville. Justine, elle, aurait aim\u00e9 qu\u2019une attention particuli\u00e8re soit port\u00e9e aux incivilit\u00e9s aux abords des plages plut\u00f4t qu\u2019\u00e0 la s\u00e9curit\u00e9. \u00ab\u00a0<i>C\u2019est une ville tr\u00e8s tranquille, mais les gens sont tr\u00e8s stress\u00e9s. Pour moi, la vraie probl\u00e9matique, c\u2019est plutot les atteintes \u00e0 l\u2019environnement, les jets de m\u00e9gots etc&#8230;<\/i><i>\u00a0<\/i>\u00bb<\/p>\n<\/p><\/div>\n<div class=\"intext\"> Neuf\u00a0nouveaux postes\n              <\/div>\n<div class=\"paragraph\">\n<p>Le dispositif s\u00e9curitaire concerne tout le d\u00e9partement. Le g\u00e9n\u00e9ral Pierre Baillargeat d\u00e9taille\u00a0: \u00ab\u00a0<i>Il s\u2019articule en interne avec des gendarmes qui sont red\u00e9ploy\u00e9s sur les zones d\u2019affluence touristique. On est \u00e9galement appuy\u00e9s par 20<\/i><i>\u00a0<\/i><i>gendarmes mobiles et 34<\/i><i>\u00a0<\/i><i>r\u00e9servistes qui viennent de toute la France<\/i>.\u00a0\u00bb Au total, 86\u00a0militaires suppl\u00e9mentaires sont d\u00e9ploy\u00e9s dans les Bouches-du-Rh\u00f4ne.<\/p>\n<p>\u00ab\u00a0<i>Ces renforts nous permettent d\u2019ouvrir neuf<\/i><i>\u00a0<\/i><i>nouvelles emprises, r\u00e9parties sur Carry-le-Rouet, Cassis, Ceyreste, Cadolive, la Sainte-Victoire, Eygali\u00e8res, Saint-R\u00e9my-de-Provence, Les Baux-de-Provence et Les Saintes-Marie-de-la-Mer, <\/i>poursuit-il.<i> On est log\u00e9s par les communes ou des \u00e9tablissements scolaires, comme le lyc\u00e9e militaire d\u2019Aix. \u00c7a nous permet d\u2019avoir les bons personnels aux bons endroits, de pouvoir nous adapter aux mouvements de population.<\/i> \u00bb<\/p>\n<\/p><\/div>\n","protected":false},"excerpt":{"rendered":"Le bleu est partout, &agrave; Carry-le-Rouet. L&rsquo;eau turquoise de la M&eacute;diterran&eacute;e, le ciel d&eacute;nu&eacute; de nuages et les uniformes des forces de l&rsquo;ordre. Ce mercredi, &agrave; l&rsquo;occasion de la visite du &#8230;","protected":false},"author":1,"featured_media":37163,"comment_status":"open","ping_status":"open","sticky":false,"template":"","format":"standard","meta":{"footnotes":""},"categories":[3926,3925,20],"tags":[10,4363,2220,1798,2237,3829,3996,4243,111,347],"news-destination":[3944],"news-source":[475],"is_homepage":[],"ta_other":[],"class_list":["post-37162","post","type-post","status-publish","format-standard","has-post-thumbnail","hentry","category-accueil-merge","category-accueil-third","category-societe","tag-bouches-du-rhone","tag-carry-le-rouet","tag-delinquance","tag-gendarmerie","tag-gendarmes","tag-incivilites","tag-jacques-witkowski","tag-reservistes","tag-securite","tag-tourisme","news-destination-homepage","news-source-website"],"_links":{"self":[{"href":"https:\/\/euapp01.newsmemory.com\/lamarseillaise\/news\/wp-json\/wp\/v2\/posts\/37162","targetHints":{"allow":["GET"]}}],"collection":[{"href":"https:\/\/euapp01.newsmemory.com\/lamarseillaise\/news\/wp-json\/wp\/v2\/posts"}],"about":[{"href":"https:\/\/euapp01.newsmemory.com\/lamarseillaise\/news\/wp-json\/wp\/v2\/types\/post"}],"author":[{"embeddable":true,"href":"https:\/\/euapp01.newsmemory.com\/lamarseillaise\/news\/wp-json\/wp\/v2\/users\/1"}],"replies":[{"embeddable":true,"href":"https:\/\/euapp01.newsmemory.com\/lamarseillaise\/news\/wp-json\/wp\/v2\/comments?post=37162"}],"version-history":[{"count":1,"href":"https:\/\/euapp01.newsmemory.com\/lamarseillaise\/news\/wp-json\/wp\/v2\/posts\/37162\/revisions"}],"predecessor-version":[{"id":37164,"href":"https:\/\/euapp01.newsmemory.com\/lamarseillaise\/news\/wp-json\/wp\/v2\/posts\/37162\/revisions\/37164"}],"wp:featuredmedia":[{"embeddable":true,"href":"https:\/\/euapp01.newsmemory.com\/lamarseillaise\/news\/wp-json\/wp\/v2\/media\/37163"}],"wp:attachment":[{"href":"https:\/\/euapp01.newsmemory.com\/lamarseillaise\/news\/wp-json\/wp\/v2\/media?parent=37162"}],"wp:term":[{"taxonomy":"category","embeddable":true,"href":"https:\/\/euapp01.newsmemory.com\/lamarseillaise\/news\/wp-json\/wp\/v2\/categories?post=37162"},{"taxonomy":"post_tag","embeddable":true,"href":"https:\/\/euapp01.newsmemory.com\/lamarseillaise\/news\/wp-json\/wp\/v2\/tags?post=37162"},{"taxonomy":"news-destination","embeddable":true,"href":"https:\/\/euapp01.newsmemory.com\/lamarseillaise\/news\/wp-json\/wp\/v2\/news-destination?post=37162"},{"taxonomy":"news-source","embeddable":true,"href":"https:\/\/euapp01.newsmemory.com\/lamarseillaise\/news\/wp-json\/wp\/v2\/news-source?post=37162"},{"taxonomy":"is_homepage","embeddable":true,"href":"https:\/\/euapp01.newsmemory.com\/lamarseillaise\/news\/wp-json\/wp\/v2\/is_homepage?post=37162"},{"taxonomy":"ta_other","embeddable":true,"href":"https:\/\/euapp01.newsmemory.com\/lamarseillaise\/news\/wp-json\/wp\/v2\/ta_other?post=37162"}],"curies":[{"name":"wp","href":"https:\/\/api.w.org\/{rel}","templated":true}]}}