{"id":37158,"date":"2026-07-23T06:53:00","date_gmt":"2026-07-23T04:53:00","guid":{"rendered":"https:\/\/euapp01.newsmemory.com\/lamarseillaise\/news\/?p=37158"},"modified":"2026-07-29T07:39:31","modified_gmt":"2026-07-29T05:39:31","slug":"lincendie-de-ponteves-na-pu-etre-fixe-mercredi-journee-critique-en-perspective","status":"publish","type":"post","link":"https:\/\/euapp01.newsmemory.com\/lamarseillaise\/news\/2026\/07\/23\/lincendie-de-ponteves-na-pu-etre-fixe-mercredi-journee-critique-en-perspective\/","title":{"rendered":"L\u2019incendie de Pontev\u00e8s n\u2019a pu \u00eatre fix\u00e9 mercredi, journ\u00e9e critique en perspective"},"content":{"rendered":"<div class=\"paragraph\">\n<p>La lutte contre l\u2019incendie, d\u00e9clar\u00e9 dans un champ \u00e0 Pontev\u00e8s mardi \u00e0 la mi-journ\u00e9e et rapidement \u00e9tendu au massif du Bessillon sous l\u2019effet des vents chauds, se poursuit. La nuit de mardi \u00e0 mercredi a \u00e9t\u00e9 intense pour les 1\u00a0100\u00a0sapeurs-pompiers venus de nombreux d\u00e9partements (Alpes-de-Haute-Provence, Gard, marins-pompiers de Marseille, Bouches-du-Rh\u00f4ne, Alpes-Maritimes, C\u00f4te-d\u2019Or, Meuse, Moselle, etc.). Leur objectif \u00e9tait de profiter de la baisse des temp\u00e9ratures et de l\u2019accalmie du vent pour freiner autant que possible la progression du feu, qui avait ravag\u00e9 1\u00a0000\u00a0hectares entre 20h et 21h mardi soir, faisant passer la superficie touch\u00e9e de 700 \u00e0 1\u00a0700\u00a0hectares.<\/p>\n<p>Ils y sont parvenus. Si l\u2019on estimait que les flammes avaient parcouru 2\u00a0500\u00a0hectares au petit matin, leur progression a \u00e9t\u00e9 largement ralentie au cours de la nuit, avant de s\u2019interrompre en fin de matin\u00e9e. Le village de Cotignac ainsi que les monast\u00e8res Saint-Joseph et Notre-Dame-de-Gr\u00e2ces, s\u00e9v\u00e8rement menac\u00e9s la veille au soir, ont pu \u00eatre pr\u00e9serv\u00e9s. Ces r\u00e9sultats ont \u00e9t\u00e9 obtenus gr\u00e2ce \u00e0 l\u2019engagement de 350\u00a0engins au sol, au renfort de 100\u00a0soldats du feu suppl\u00e9mentaires et \u00e0 la reprise des rotations a\u00e9riennes assur\u00e9es par deux Canadair, trois h\u00e9licopt\u00e8res bombardiers d\u2019eau et deux avions Dash. Ces appareils avaient effectu\u00e9 300\u00a0largages mardi et une centaine suppl\u00e9mentaire ce mercredi.<\/p>\n<p>Au niveau de la population, 500\u00a0personnes \u00e9vacu\u00e9es ont pass\u00e9 la nuit de mardi \u00e0 mercredi dans les centres de regroupement mis en place par les communes ou chez des proches. Seuls les habitants de Sillans-la-Cascade ont pu rejoindre leurs maisons. Cette nuit, 400\u00a0n\u2019ont pas pu regagner leur domicile, dont des dizaines \u00e9vacu\u00e9es dans la journ\u00e9e. Certaines ont encore \u00e9t\u00e9 accueillies dans des salles communales \u00e0 Carc\u00e8s, Correns et Montfort-sur-Argens. Un bilan provisoire fait \u00e9tat d\u2019une soixantaine de maisons impact\u00e9es et de dix d\u00e9truites, alors que plus de 200\u00a0foyers \u00e9taient encore priv\u00e9s d\u2019\u00e9lectricit\u00e9 en d\u00e9but de soir\u00e9e. Il \u00e9tait enfin demand\u00e9 aux habitants des communes concern\u00e9es de pr\u00e9server la ressource en eau et de ne s\u2019en servir qu\u2019\u00e0 des fins alimentaires.<\/p>\n<\/p><\/div>\n<div class=\"intext\"> De nombreux d\u00e9parts<br \/>\n               <br \/>de feu dans l\u2019apr\u00e8s-midi\n              <\/div>\n<div class=\"paragraph\">\n<p>Les moyens a\u00e9riens, essentiels compte tenu de la difficult\u00e9 d\u2019acc\u00e8s au terrain malgr\u00e9 l\u2019ouverture d\u2019une piste \u00e0 l\u2019aide d\u2019un engin chenill\u00e9 mardi, \u00e9taient engag\u00e9s dans une v\u00e9ritable course contre la montre. Il convenait d\u2019abord d\u2019\u00e9teindre et de contenir un maximum de points chauds durant la matin\u00e9e, \u00e0 l\u2019aide d\u2019eau et de retardant, \u00ab\u00a0<i>avant la reprise du mistral pr\u00e9vue dans l\u2019apr\u00e8s-midi<\/i>\u00a0\u00bb, expliquait le pr\u00e9fet du Var, Simon Babre. Il fallait ensuite tout faire pour fixer l\u2019incendie avant la journ\u00e9e de ce jeudi, que le colonel Philippe Raison, chef adjoint du Sdis 83, annonce \u00ab\u00a0<i>critique<\/i>\u00a0\u00bb, en raison de conditions m\u00e9t\u00e9orologiques beaucoup plus d\u00e9favorables attendues, avec des temp\u00e9ratures avoisinant les 40\u00b0C et un vent soutenu.<\/p>\n<p>De nombreux d\u00e9parts de feu ont toutefois \u00e9t\u00e9 signal\u00e9s dans la plaine de Pontev\u00e8s au cours de l\u2019apr\u00e8s-midi. Ils ont \u00e9t\u00e9 ma\u00eetris\u00e9s et n\u2019ont pas augment\u00e9 la surface br\u00fbl\u00e9e, mais ils ont emp\u00each\u00e9 les pompiers d\u2019atteindre leur objectif de fixation du sinistre.<\/p>\n<p>La lutte au sol promettait de ne pas s\u2019arr\u00eater cette nuit, afin de r\u00e9duire les foyers tant que possible, avec des conditions plus favorables (air humide et baisse du vent). <i>\u00ab<\/i><i>\u00a0<\/i><i>On est pers\u00e9v\u00e9rant et on compte bien arriver \u00e0 bout de ce sinistre m\u00eame s\u2019il est tr\u00e8s compliqu\u00e9<\/i><i>\u00a0<\/i><i>\u00bb<\/i>, assure le colonel Philippe Raison. Pour faciliter les acc\u00e8s, les \u00e9quipes du 7<sup>e<\/sup>\u00a0R\u00e9giment d\u2019instruction et d\u2019intervention de la S\u00e9curit\u00e9 civile (7<sup>e<\/sup>\u00a0RIISC) de Brignoles et du conseil d\u00e9partemental ont ouvert de nouvelles pistes dans la for\u00eat. Enfin, pour faciliter l\u2019acc\u00e8s des secours et par s\u00e9curit\u00e9, plusieurs axes routiers (RD560, RD60, RD13, RD22, RD222, EV8, RD32 et RD45) ont \u00e9t\u00e9 ferm\u00e9s \u00e0 la circulation.<\/p>\n<\/p><\/div>\n","protected":false},"excerpt":{"rendered":"La lutte contre l&rsquo;incendie, d&eacute;clar&eacute; dans un champ &agrave; Pontev&egrave;s mardi &agrave; la mi-journ&eacute;e et rapidement &eacute;tendu au massif du Bessillon sous l&rsquo;effet des vents chauds, se poursuit. La nuit de mardi &#8230;","protected":false},"author":1,"featured_media":37159,"comment_status":"open","ping_status":"open","sticky":false,"template":"","format":"standard","meta":{"footnotes":""},"categories":[3926,3925,20],"tags":[3433,6147,3434,318,316,1673,4015,6036,319,1396,1260,2799,4011,6140,6141,1567,1674,6003,3600,4877,1613,6123,31],"news-destination":[3944],"news-source":[475],"is_homepage":[],"ta_other":[],"class_list":["post-37158","post","type-post","status-publish","format-standard","has-post-thumbnail","hentry","category-accueil-merge","category-accueil-third","category-societe","tag-carces","tag-correns","tag-cotignac","tag-feu","tag-feu-de-foret","tag-feux","tag-feux-de-foret","tag-flammes","tag-incendie","tag-incendies","tag-lutte","tag-marins-pompiers","tag-marins-pompiers-de-marseille","tag-montfort-sur-argens","tag-ponteves","tag-prefet","tag-sapeurs-pompiers","tag-sdis-83","tag-sdis13","tag-sdis83","tag-securite-civile","tag-sillans-la-cascade","tag-var","news-destination-homepage","news-source-website"],"_links":{"self":[{"href":"https:\/\/euapp01.newsmemory.com\/lamarseillaise\/news\/wp-json\/wp\/v2\/posts\/37158","targetHints":{"allow":["GET"]}}],"collection":[{"href":"https:\/\/euapp01.newsmemory.com\/lamarseillaise\/news\/wp-json\/wp\/v2\/posts"}],"about":[{"href":"https:\/\/euapp01.newsmemory.com\/lamarseillaise\/news\/wp-json\/wp\/v2\/types\/post"}],"author":[{"embeddable":true,"href":"https:\/\/euapp01.newsmemory.com\/lamarseillaise\/news\/wp-json\/wp\/v2\/users\/1"}],"replies":[{"embeddable":true,"href":"https:\/\/euapp01.newsmemory.com\/lamarseillaise\/news\/wp-json\/wp\/v2\/comments?post=37158"}],"version-history":[{"count":2,"href":"https:\/\/euapp01.newsmemory.com\/lamarseillaise\/news\/wp-json\/wp\/v2\/posts\/37158\/revisions"}],"predecessor-version":[{"id":37228,"href":"https:\/\/euapp01.newsmemory.com\/lamarseillaise\/news\/wp-json\/wp\/v2\/posts\/37158\/revisions\/37228"}],"wp:featuredmedia":[{"embeddable":true,"href":"https:\/\/euapp01.newsmemory.com\/lamarseillaise\/news\/wp-json\/wp\/v2\/media\/37159"}],"wp:attachment":[{"href":"https:\/\/euapp01.newsmemory.com\/lamarseillaise\/news\/wp-json\/wp\/v2\/media?parent=37158"}],"wp:term":[{"taxonomy":"category","embeddable":true,"href":"https:\/\/euapp01.newsmemory.com\/lamarseillaise\/news\/wp-json\/wp\/v2\/categories?post=37158"},{"taxonomy":"post_tag","embeddable":true,"href":"https:\/\/euapp01.newsmemory.com\/lamarseillaise\/news\/wp-json\/wp\/v2\/tags?post=37158"},{"taxonomy":"news-destination","embeddable":true,"href":"https:\/\/euapp01.newsmemory.com\/lamarseillaise\/news\/wp-json\/wp\/v2\/news-destination?post=37158"},{"taxonomy":"news-source","embeddable":true,"href":"https:\/\/euapp01.newsmemory.com\/lamarseillaise\/news\/wp-json\/wp\/v2\/news-source?post=37158"},{"taxonomy":"is_homepage","embeddable":true,"href":"https:\/\/euapp01.newsmemory.com\/lamarseillaise\/news\/wp-json\/wp\/v2\/is_homepage?post=37158"},{"taxonomy":"ta_other","embeddable":true,"href":"https:\/\/euapp01.newsmemory.com\/lamarseillaise\/news\/wp-json\/wp\/v2\/ta_other?post=37158"}],"curies":[{"name":"wp","href":"https:\/\/api.w.org\/{rel}","templated":true}]}}