{"id":37155,"date":"2026-07-23T06:52:00","date_gmt":"2026-07-23T04:52:00","guid":{"rendered":"https:\/\/euapp01.newsmemory.com\/lamarseillaise\/news\/?p=37155"},"modified":"2026-07-29T07:39:31","modified_gmt":"2026-07-29T05:39:31","slug":"quand-la-police-embarque-les-ados-en-mer","status":"publish","type":"post","link":"https:\/\/euapp01.newsmemory.com\/lamarseillaise\/news\/2026\/07\/23\/quand-la-police-embarque-les-ados-en-mer\/","title":{"rendered":"Quand la police embarque les ados&#8230; en mer"},"content":{"rendered":"<div class=\"paragraph\">\n<p>\u00ab <i>Oh<\/i> <i>l\u00e0 l\u00e0 tes cheveux, ils choppaient la 4G mon fr\u00e8re<\/i><i>\u00a0<\/i><i>!<\/i><i>\u00a0<\/i>\u00bb Sur le semi-rigide de la police nationale, en ce mercredi 22\u00a0juillet, \u00e7a chambre gentiment. \u00c0 bord, une vingtaine d\u2019ados \u00e2g\u00e9s de 11 \u00e0 16\u00a0ans venus d\u2019un centre a\u00e9r\u00e9 de Dromel (9<sup>e<\/sup>), mais aussi ceux que Mohammed Benmeddour, \u00e9ducateur sp\u00e9cialis\u00e9 pour l\u2019association Apis, est all\u00e9 chercher au pied des tours de Bel Horizon \u00e0 Saint-Lazare (3<sup>e<\/sup>). Tous participent \u00e0 une des sorties en mer du centre de loisirs jeunes de la police nationale\u00a013 (CLJ), organis\u00e9es du lundi au vendredi durant l\u2019\u00e9t\u00e9 depuis la plage du Proph\u00e8te (7<sup>e<\/sup>) et la base nautique de Corbi\u00e8res \u00e0 l\u2019Estaque (16<sup>e<\/sup>).<\/p>\n<p>\u00c0 la barre, S\u00e9bastien et Djalal, \u00e0 la fois agents de la brigade nautique d\u00e9partementale et animateurs du CLJ, qui partagent leur temps entre encadrement des petits, 10\u00a0000\u00a0par an environ, et contr\u00f4les en mer. L\u2019id\u00e9e\u00a0: rapprocher police et population et faire de la pr\u00e9vention de la d\u00e9linquance, expliquent-ils. \u00ab\u00a0<i>Quand on vient ici, ils voient que les policiers sont des \u00eatres humains comme les autres<\/i><i>\u00a0<\/i>\u00bb, pr\u00e9cise Mohammed Benmeddour, qui avec son dispositif de m\u00e9diation nomade, un camion qui sillonne les quartiers, essaye de faire en sorte qu\u2019un maximum de gamins participent tout au long de la saison.<\/p>\n<p>Gilets de sauvetage sur le dos, \u00e0 l\u2019appareillage, c\u2019est l\u2019occasion de se rem\u00e9morer les consignes, de r\u00e9viser aussi le comportement en mer. \u00ab\u00a0<i>\u00c0 quelle vitesse je peux aller<\/i><i>\u00a0<\/i><i>? Est-ce qu\u2019on est assez loin de la c\u00f4te pour acc\u00e9l\u00e9rer<\/i><i>\u00a0<\/i><i>?<\/i><i>\u00a0<\/i>\u00bb, demande Djalal.<\/p>\n<\/p><\/div>\n<div class=\"intext\"> Retour en enfance\n              <\/div>\n<div class=\"paragraph\">\n<p>Ce que les ados pr\u00e9f\u00e8rent, c\u2019est justement quand S\u00e9bastien l\u00e2che les chevaux. Un retour en enfance. \u00ab\u00a0<i>Ouaaaah, on va d\u00e9coller<\/i><i>\u00a0<\/i><i>! C\u2019est comme au man\u00e8ge<\/i><i>\u00a0<\/i><i>!<\/i>\u00a0\u00bb, s\u2019enthousiasment-ils.Direction la calanque de M\u00e9jean, petit bijou \u00e0 l\u2019eau translucide et fra\u00eeche. On se raconte des histoires sur les sir\u00e8nes qui peupleraient les fonds. \u00ab\u00a0<i>Moi j\u2019ai lu Ulysse, les sir\u00e8nes, c\u2019est pas bon<\/i><i>\u00a0<\/i>\u00bb, commente un petit, pas rassur\u00e9, avant de partir \u00e0 la d\u00e9couverte d\u2019une grotte.<\/p>\n<p>Du haut de leurs six ans d\u2019exp\u00e9rience pour l\u2019un et plus de vingt ans pour l\u2019autre, Djalal et S\u00e9bastien ont pu mesurer l\u2019efficacit\u00e9 du dispositif. Si le moment est \u00e0 la d\u00e9tente, il permet de faire passer des messages et de cr\u00e9er du lien. \u00ab\u00a0<i>La communication, pour la police, c\u2019est nouveau. Pourtant, il faut expliquer ce qu\u2019est notre mission<\/i><i>\u00a0<\/i>\u00bb, d\u00e9veloppe ce dernier, qui a connu les brigades de proximit\u00e9, tandis que les minots encha\u00eenent les saltos depuis le bateau. Il lui arrive de croiser des ados qu\u2019il a emmen\u00e9s en mer. Il se souvient de ce moment o\u00f9 l\u2019un d\u2019entre eux a sauv\u00e9 son \u00e9quipage d\u2019une embuscade lors des manifestations de Gilets jaunes.<\/p>\n<p>Les policiers travaillent aussi sur \u00ab\u00a0<i>le libre arbitre<\/i><i>\u00a0<\/i>\u00bb, le d\u00e9but de l\u2019\u00e2ge adulte. \u00ab\u00a0<i>Il faut leur donner une autonomie, une r\u00e9flexion face aux situations dans lesquelles ils vont \u00eatre, notamment l\u2019entr\u00e9e ou pas dans un r\u00e9seau de stup\u2019. On ne sera pas l\u00e0 pour les aider, ils seront seuls. Alors si, d\u00e9j\u00e0, on leur a expliqu\u00e9, peut-\u00eatre que \u00e7a va faire tilt<\/i>\u00a0\u00bb, poursuit S\u00e9bastien.<\/p>\n<p>Ce jour-l\u00e0, pour certains, c\u2019est aussi l\u2019occasion d\u2019en sortir d\u00e9finitivement. Comme Ka\u00efs, pour lequel Mohammed Benmeddour avait remu\u00e9 ciel et terre, allant jusqu\u2019\u00e0 la gr\u00e8ve de la faim, pour qu\u2019il ne replonge pas dans le trafic \u00e0 sa sortie de prison. Djalal s\u2019enquiert de sa situation\u00a0: \u00ab\u00a0<i><span class=\"mln_uppercase_mln\">\u00e7<\/span><\/i><i>a va, tu n\u2019as pas de dettes<\/i><i>\u00a0<\/i><i>?<\/i> <i>J\u2019esp\u00e8re que tu vas tenir parce que tu le sais, apr\u00e8s, c\u2019est soit la prison, soit la mort.<\/i><i>\u00a0<\/i>\u00bb Le jeune l\u2019assure, il en a fini avec \u00ab\u00a0<i>\u00e7a<\/i>\u00a0\u00bb et les menaces, il s\u2019en fiche. Il sait tr\u00e8s bien de quoi parle policier. \u00ab\u00a0<i>J\u2019ai d\u00e9j\u00e0 \u00e9t\u00e9 cribl\u00e9, tu sais<\/i>\u00a0\u00bb, lui r\u00e9pond-il en montrant des cicatrices sur ses jambes. Heureux d\u2019avoir d\u00e9croch\u00e9 le temps d\u2019une apr\u00e8s-midi, il appr\u00e9hende un peu le retour \u00e0 sa r\u00e9alit\u00e9, celle o\u00f9 \u00ab\u00a0<i>on dort mal la nuit<\/i>\u00a0\u00bb. Mais le temps de voir \u00ab\u00a0<i>plein de poissons<\/i>\u00a0\u00bb et un cormoran, il faut rentrer, non sans quelques grands virages pour le fun.<\/p>\n<\/p><\/div>\n","protected":false},"excerpt":{"rendered":"&laquo; Oh l&agrave; l&agrave; tes cheveux, ils choppaient la 4G mon fr&egrave;re&nbsp;!&nbsp;&raquo; Sur le semi-rigide de la police nationale, en ce mercredi 22&nbsp;juillet, &ccedil;a chambre gentiment. &Agrave; bord, une vingtaine d&rsquo;ados &#8230;","protected":false},"author":1,"featured_media":37156,"comment_status":"open","ping_status":"open","sticky":false,"template":"","format":"standard","meta":{"footnotes":""},"categories":[3926,3925,20],"tags":[2826,5975,10,2443,132,2224,2220,3644,2907,59,16,798,3694,1977,1699,431,1031,668,1211,1742],"news-destination":[3944],"news-source":[475],"is_homepage":[],"ta_other":[],"class_list":["post-37155","post","type-post","status-publish","format-standard","has-post-thumbnail","hentry","category-accueil-merge","category-accueil-third","category-societe","tag-autonomie","tag-base-nautique","tag-bouches-du-rhone","tag-centre-de-loisirs","tag-communication","tag-controles","tag-delinquance","tag-encadrement","tag-enfance","tag-jeunes","tag-marseille","tag-mediation","tag-plage","tag-police-nationale","tag-policiers","tag-prevention","tag-prison","tag-quartiers","tag-saison","tag-trafic","news-destination-homepage","news-source-website"],"_links":{"self":[{"href":"https:\/\/euapp01.newsmemory.com\/lamarseillaise\/news\/wp-json\/wp\/v2\/posts\/37155","targetHints":{"allow":["GET"]}}],"collection":[{"href":"https:\/\/euapp01.newsmemory.com\/lamarseillaise\/news\/wp-json\/wp\/v2\/posts"}],"about":[{"href":"https:\/\/euapp01.newsmemory.com\/lamarseillaise\/news\/wp-json\/wp\/v2\/types\/post"}],"author":[{"embeddable":true,"href":"https:\/\/euapp01.newsmemory.com\/lamarseillaise\/news\/wp-json\/wp\/v2\/users\/1"}],"replies":[{"embeddable":true,"href":"https:\/\/euapp01.newsmemory.com\/lamarseillaise\/news\/wp-json\/wp\/v2\/comments?post=37155"}],"version-history":[{"count":1,"href":"https:\/\/euapp01.newsmemory.com\/lamarseillaise\/news\/wp-json\/wp\/v2\/posts\/37155\/revisions"}],"predecessor-version":[{"id":37157,"href":"https:\/\/euapp01.newsmemory.com\/lamarseillaise\/news\/wp-json\/wp\/v2\/posts\/37155\/revisions\/37157"}],"wp:featuredmedia":[{"embeddable":true,"href":"https:\/\/euapp01.newsmemory.com\/lamarseillaise\/news\/wp-json\/wp\/v2\/media\/37156"}],"wp:attachment":[{"href":"https:\/\/euapp01.newsmemory.com\/lamarseillaise\/news\/wp-json\/wp\/v2\/media?parent=37155"}],"wp:term":[{"taxonomy":"category","embeddable":true,"href":"https:\/\/euapp01.newsmemory.com\/lamarseillaise\/news\/wp-json\/wp\/v2\/categories?post=37155"},{"taxonomy":"post_tag","embeddable":true,"href":"https:\/\/euapp01.newsmemory.com\/lamarseillaise\/news\/wp-json\/wp\/v2\/tags?post=37155"},{"taxonomy":"news-destination","embeddable":true,"href":"https:\/\/euapp01.newsmemory.com\/lamarseillaise\/news\/wp-json\/wp\/v2\/news-destination?post=37155"},{"taxonomy":"news-source","embeddable":true,"href":"https:\/\/euapp01.newsmemory.com\/lamarseillaise\/news\/wp-json\/wp\/v2\/news-source?post=37155"},{"taxonomy":"is_homepage","embeddable":true,"href":"https:\/\/euapp01.newsmemory.com\/lamarseillaise\/news\/wp-json\/wp\/v2\/is_homepage?post=37155"},{"taxonomy":"ta_other","embeddable":true,"href":"https:\/\/euapp01.newsmemory.com\/lamarseillaise\/news\/wp-json\/wp\/v2\/ta_other?post=37155"}],"curies":[{"name":"wp","href":"https:\/\/api.w.org\/{rel}","templated":true}]}}