{"id":37152,"date":"2026-07-23T06:55:00","date_gmt":"2026-07-23T04:55:00","guid":{"rendered":"https:\/\/euapp01.newsmemory.com\/lamarseillaise\/news\/?p=37152"},"modified":"2026-07-29T08:05:36","modified_gmt":"2026-07-29T06:05:36","slug":"cest-lete-le-bus-des-plages-embleme-de-marseille","status":"publish","type":"post","link":"https:\/\/euapp01.newsmemory.com\/lamarseillaise\/news\/2026\/07\/23\/cest-lete-le-bus-des-plages-embleme-de-marseille\/","title":{"rendered":"[C\u2019est l\u2019\u00e9t\u00e9] Le bus des plages, embl\u00e8me de Marseille"},"content":{"rendered":"<div class=\"paragraph\">\n<p>Le matin, le 83 accueille des passagers bien s\u00e9rieux, chemise, cravates, pantalon&#8230; Le bus des plages transporte aussi des Marseillais se rendant au travail. C\u2019est le cas de S\u00e9bastien, restaurateur de 42\u00a0ans qui se dirige vers le Vieux-Port\u00a0: \u00ab\u00a0 <i>Je prends le bus trois \u00e0 quatre fois par semaine. Je pr\u00e9f\u00e8re \u00e7a \u00e0 la voiture, c\u2019est plus rapide, \u00e7a me l\u00e2che devant mon lieu de travail, en voiture, c\u2019est compliqu\u00e9 de se garer.<\/i>\u00a0\u00bb.<\/p>\n<p>\u00c0 cette population se m\u00e9langent des personnes plus \u00e2g\u00e9es, en maillot de bain, qui font leur plongeon matinal afin d\u2019\u00e9viter la chaleur et les touristes. No\u00ebl est retrait\u00e9\u00a0: \u00ab\u00a0<i>Le matin je vais \u00e0 la mer, je nage une heure et je remonte.<\/i>\u00a0\u00bb Lui aussi est un habitu\u00e9 de la ligne\u00a083, qu\u2019il emprunte plus de cinq fois par semaine\u00a0: \u00ab\u00a0 <i>J\u2019ai une voiture, mais je pr\u00e9f\u00e8re prendre le bus, en ville, on ne peut pas se garer de toute fa\u00e7on.<\/i>\u00a0\u00bb Comme S\u00e9bastien, il choisit le bus pour des raisons pratiques, mais pas uniquement\u00a0: \u00ab\u00a0<i>C\u2019est vraiment agr\u00e9able de faire toute la corniche. Moi, je suis de Marseille, donc je connais, mais c\u2019est toujours agr\u00e9able, les gens ne regardent pas, mais moi si. C\u2019est pour \u00e7a aussi que je prends le bus<\/i>\u00a0\u00bb, explique No\u00ebl, alors qu\u2019il attend le bus au niveau de Malmousque pour rentrer chez lui.<\/p>\n<p>Pascale, 68\u00a0ans, habite \u00e0 Endoume et n\u2019a pas de voiture. Le 83 est donc son moyen de d\u00e9placement principal. Elle partage l\u2019avis de No\u00ebl\u00a0: \u00ab\u00a0<i>J\u2019aime prendre le bus, le trajet est agr\u00e9able et la ligne est belle.<\/i>\u00a0\u00bb Cependant, alors que No\u00ebl ne prend le bus que le matin et n\u2019est pas affect\u00e9 par l\u2019augmentation de la fr\u00e9quentation en \u00e9t\u00e9, Pascale, elle, l\u2019a bien remarqu\u00e9.<\/p>\n<p>\u00ab\u00a0<i>Le bus est tr\u00e8s, tr\u00e8s, tr\u00e8s plein en milieu de journ\u00e9e. Parfois, il ne s\u2019arr\u00eate m\u00eame pas pour prendre des voyageurs. Parfois, m\u00eame quand on est dedans, il saute l\u2019arr\u00eat, et on est oblig\u00e9 d\u2019attendre l\u2019arr\u00eat suivant pour descendre en esp\u00e9rant qu\u2019il s\u2019arr\u00eatera<\/i>\u00a0\u00bb, d\u00e9plore Pascale. La RTM indique avoir renforc\u00e9 l\u2019offre journali\u00e8re estivale, jusqu\u2019\u00e0 +90%le dimanche par exemple, et ajout\u00e9 dix bus en circulation sur la ligne. Toutefois, le 83 reste souvent surcharg\u00e9.<\/p>\n<p>Les habitu\u00e9s ne sont pas les seuls \u00e0 relever la saturation des bus. Barbara, Chad, Yara et Elie sont Anglais, ils attendent \u00e0 l\u2019arr\u00eat de bus plage du Proph\u00e8te. \u00ab\u00a0<i>Nous sommes en vacances depuis cinq jours, nous avons d\u00e9j\u00e0 pris ce bus plusieurs fois en fin de matin\u00e9e, il est toujours tr\u00e8s fr\u00e9quent\u00e9<\/i>\u00a0\u00bb, raconte Elie. Son amie Barbara rench\u00e9rit\u00a0: \u00ab\u00a0<i>Nous \u00e9tions entass\u00e9s comme des sardines. C\u2019\u00e9tait un bus climatis\u00e9, mais il y avait tellement de gens qu\u2019il faisait quand m\u00eame tr\u00e8s chaud.<\/i><i>\u00a0<\/i>\u00bb<\/p>\n<\/p><\/div>\n<div class=\"intext\"> L\u2019affluence exc\u00e8de<br \/>\n               <br \/>certains habitants\n              <\/div>\n<div class=\"paragraph\">\n<p>Le groupe fait tout de m\u00eame remarquer qu\u2019il n\u2019a jamais eu \u00e0 attendre le bus tr\u00e8s longtemps gr\u00e2ce \u00e0 la fr\u00e9quence de passage sur la ligne, avec un bus toutes les 6 minutes en cette p\u00e9riode estivale, contre 10\u00a0minutes le reste de l\u2019ann\u00e9e, pr\u00e9cise la RTM. Ils s\u2019\u00e9merveillent de la beaut\u00e9 des paysages que l\u2019on voit par la fen\u00eatre du 83.<\/p>\n<p>Aux alentours de midi, le bus est bond\u00e9. La cohabitation entre touristes et Marseillais est de plus en plus tendue. \u00ab\u00a0Oh, il y a de la place de l\u2019autre c\u00f4t\u00e9 du bus, en fait, d\u00e9calez-vous\u00a0!\u00a0\u00bb, peste une femme dans un m\u00e9lange d\u2019anglais et de fran\u00e7ais, avant d\u2019insulter la masse de touristes en fran\u00e7ais. Le ton monte, les foules se bousculent&#8230;<\/p>\n<p>C\u2019est pour \u00e9chapper \u00e0 ces \u00ab\u00a0<i>gal\u00e8res<\/i><i>\u00a0<\/i>\u00bb que Nil et Sade \u00e9vitent au maximum d\u2019emprunter le 83 pour se rendre \u00e0 la plage. Aixoises de 22\u00a0ans, elles passent la majorit\u00e9 de leur \u00e9t\u00e9 \u00e0 Marseille. \u00ab\u00a0<i>G\u00e9n\u00e9ralement, j\u2019y vais \u00e0 pied ou je prends un v\u00e9lo. La plupart des jeunes sont en v\u00e9lo depuis qu\u2019il y a ceux de la ville. C\u2019est rare le bus en vrai<\/i>\u00a0\u00bb, explique Sade. Aujourd\u2019hui, elles prennent le bus car elles sont contraintes par le temps et que Nil n\u2019est pas tr\u00e8s \u00e0 l\u2019aise \u00e0 v\u00e9lo. \u00ab\u00a0<i>Au moins, c\u2019est simple, tu sais \u00e0 quelle heure il arrive normalement et tu sais que tu arrives \u00e0 destination<\/i>\u00a0\u00bb, encha\u00eene Nil.<\/p>\n<p>Son amie est moins tendre avec cette ligne des plages\u00a0: \u00ab\u00a0<i>Le 83, c\u2019est une gal\u00e8re, il est tout le temps blind\u00e9, il est lent, c\u2019est le pire bus de Marseille<\/i>\u00a0\u00bb. \u00ab\u00a0<i>Apr\u00e8s, \u00e7a rend quand m\u00eame la plage accessible et c\u2019est super beau<\/i>\u00a0\u00bb, reconna\u00eet-elle malgr\u00e9 tout.<\/p>\n<\/p><\/div>\n","protected":false},"excerpt":{"rendered":"Le matin, le 83 accueille des passagers bien s&eacute;rieux, chemise, cravates, pantalon&#8230; Le bus des plages transporte aussi des Marseillais se rendant au travail. C&rsquo;est le cas de S&eacute;bastien, restaurateur de 42&nbsp;ans qui se dirige &#8230;","protected":false},"author":1,"featured_media":37153,"comment_status":"open","ping_status":"open","sticky":false,"template":"","format":"standard","meta":{"footnotes":""},"categories":[3926,3925,20],"tags":[10,1386,6085,16,3694,888,1034,709,818],"news-destination":[3944],"news-source":[475],"is_homepage":[],"ta_other":[],"class_list":["post-37152","post","type-post","status-publish","format-standard","has-post-thumbnail","hentry","category-accueil-merge","category-accueil-third","category-societe","tag-bouches-du-rhone","tag-bus","tag-cest-lete","tag-marseille","tag-plage","tag-plages","tag-reportage","tag-rtm","tag-transports-en-commun","news-destination-homepage","news-source-website"],"_links":{"self":[{"href":"https:\/\/euapp01.newsmemory.com\/lamarseillaise\/news\/wp-json\/wp\/v2\/posts\/37152","targetHints":{"allow":["GET"]}}],"collection":[{"href":"https:\/\/euapp01.newsmemory.com\/lamarseillaise\/news\/wp-json\/wp\/v2\/posts"}],"about":[{"href":"https:\/\/euapp01.newsmemory.com\/lamarseillaise\/news\/wp-json\/wp\/v2\/types\/post"}],"author":[{"embeddable":true,"href":"https:\/\/euapp01.newsmemory.com\/lamarseillaise\/news\/wp-json\/wp\/v2\/users\/1"}],"replies":[{"embeddable":true,"href":"https:\/\/euapp01.newsmemory.com\/lamarseillaise\/news\/wp-json\/wp\/v2\/comments?post=37152"}],"version-history":[{"count":1,"href":"https:\/\/euapp01.newsmemory.com\/lamarseillaise\/news\/wp-json\/wp\/v2\/posts\/37152\/revisions"}],"predecessor-version":[{"id":37154,"href":"https:\/\/euapp01.newsmemory.com\/lamarseillaise\/news\/wp-json\/wp\/v2\/posts\/37152\/revisions\/37154"}],"wp:featuredmedia":[{"embeddable":true,"href":"https:\/\/euapp01.newsmemory.com\/lamarseillaise\/news\/wp-json\/wp\/v2\/media\/37153"}],"wp:attachment":[{"href":"https:\/\/euapp01.newsmemory.com\/lamarseillaise\/news\/wp-json\/wp\/v2\/media?parent=37152"}],"wp:term":[{"taxonomy":"category","embeddable":true,"href":"https:\/\/euapp01.newsmemory.com\/lamarseillaise\/news\/wp-json\/wp\/v2\/categories?post=37152"},{"taxonomy":"post_tag","embeddable":true,"href":"https:\/\/euapp01.newsmemory.com\/lamarseillaise\/news\/wp-json\/wp\/v2\/tags?post=37152"},{"taxonomy":"news-destination","embeddable":true,"href":"https:\/\/euapp01.newsmemory.com\/lamarseillaise\/news\/wp-json\/wp\/v2\/news-destination?post=37152"},{"taxonomy":"news-source","embeddable":true,"href":"https:\/\/euapp01.newsmemory.com\/lamarseillaise\/news\/wp-json\/wp\/v2\/news-source?post=37152"},{"taxonomy":"is_homepage","embeddable":true,"href":"https:\/\/euapp01.newsmemory.com\/lamarseillaise\/news\/wp-json\/wp\/v2\/is_homepage?post=37152"},{"taxonomy":"ta_other","embeddable":true,"href":"https:\/\/euapp01.newsmemory.com\/lamarseillaise\/news\/wp-json\/wp\/v2\/ta_other?post=37152"}],"curies":[{"name":"wp","href":"https:\/\/api.w.org\/{rel}","templated":true}]}}