{"id":37149,"date":"2026-07-23T06:39:00","date_gmt":"2026-07-23T04:39:00","guid":{"rendered":"https:\/\/euapp01.newsmemory.com\/lamarseillaise\/news\/?p=37149"},"modified":"2026-07-29T07:39:31","modified_gmt":"2026-07-29T05:39:31","slug":"lird-fleuron-de-la-recherche-cible-de-letat","status":"publish","type":"post","link":"https:\/\/euapp01.newsmemory.com\/lamarseillaise\/news\/2026\/07\/23\/lird-fleuron-de-la-recherche-cible-de-letat\/","title":{"rendered":"L\u2019IRD, fleuron de la recherche, cible de l\u2019\u00e9tat"},"content":{"rendered":"<div class=\"paragraph\">\n<p>La nouvelle a fait l\u2019effet d\u2019une bombe aupr\u00e8s des 2\u00a0300\u00a0agents. Vent debout, des directrices et directeurs scientifiques de l\u2019Institut de recherche pour le d\u00e9veloppement (IRD) r\u00e9clament au gouvernement, dans une tribune publi\u00e9e mi-juillet dans <i>Le Monde<\/i>, de suspendre le projet d\u2019int\u00e9gration de leur \u00e9tablissement au Centre national de la recherche scientifique (CNRS). Cette perspective suscite l\u2019inqui\u00e9tude chez les personnels.<\/p>\n<p>Cr\u00e9\u00e9 il y a 80 ans, cet \u00e9tablissement dont le si\u00e8ge est bas\u00e9 depuis 2008 \u00e0 Marseille, est un organisme de recherche public fran\u00e7ais pluridisciplinaire engag\u00e9 dans des partenariats \u00e9quitables sur le d\u00e9veloppement durable et solidaire avec une cinquantaine de pays du Sud. Il intervient en Afrique, en Am\u00e9rique latine, en Asie et dans les Outre-mer. Ses travaux portent sur la sant\u00e9, le climat, la biodiversit\u00e9, l\u2019agriculture ou les dynamiques sociales et g\u00e9opolitiques.<\/p>\n<\/p><\/div>\n<div class=\"intext\"> Mission \u00ab\u00a0\u00e9tat efficace\u00a0\u00bb\n              <\/div>\n<div class=\"paragraph\">\n<p>Dans le cadre de la mission \u00ab\u00a0\u00c9tat efficace\u00a0\u00bb port\u00e9e par le gouvernement Lecornu, l\u2019IRD serait appel\u00e9 \u00e0 rejoindre le CNRS. Et le conditionnel prend ici tout son sens. \u00ab<i>\u00a0<\/i><i>Officiellement, il n\u2019y a aucune lettre \u00e9crite des minist\u00e8res aux PDG du CNRS et de l\u2019IRD<\/i><i>\u00a0<\/i>\u00bb, souligne Gilles B\u00e9na, directeur de recherche \u00e0 l\u2019IRD. Et si l\u2019\u00e9ch\u00e9ance du 1<sup>er<\/sup>\u00a0janvier 2027 circule avec insistance, \u00ab\u00a0<i>formellement, les discussions sur comment on int\u00e8gre le personnel et on maintient les activit\u00e9s de l\u2019IRD, n\u2019ont pas commenc\u00e9. On est dans le flou le plus total<\/i>\u00a0\u00bb.<\/p>\n<p>L\u2019option a d\u2019abord \u00e9t\u00e9 accueillie avec incr\u00e9dulit\u00e9 par le personnel. \u00ab\u00a0<i>C\u2019est un \u00e9ternel serpent de mer. J\u2019ai \u00e9t\u00e9 recrut\u00e9e en 2002 et on parlait d\u00e9j\u00e0 de projet de rapprochement avec le CNRS<\/i><i>\u00a0<\/i>\u00bb, note Fabienne Cartieaux, secr\u00e9taire g\u00e9n\u00e9rale du STREM-CFDT, syndicat majoritaire de l\u2019\u00e9tablissement.<\/p>\n<p>La critique porte d\u2019abord sur le manque de visibilit\u00e9 de l\u2019op\u00e9ration. \u00ab<i>\u00a0<\/i><i>On a essentiellement des informations en off<\/i><i>\u00a0<\/i>\u00bb, souligne la syndicaliste. Si la PDG de l\u2019institut, Val\u00e9rie Verdier, a confirm\u00e9 l\u2019existence de discussions en ce sens, les contours du projet restent incertains.<\/p>\n<p>Aucun document officiel n\u2019a \u00e9t\u00e9 pr\u00e9sent\u00e9 aux instances repr\u00e9sentatives du personnel. Or une r\u00e9forme d\u2019une telle ampleur n\u00e9cessite a minima d\u2019\u00eatre examin\u00e9e en comit\u00e9 social d\u2019administration. \u00ab\u00a0<i>Ce qui se dit avec insistance, c\u2019est que \u00e7a se fera \u00e0 marche forc\u00e9e puisque le minist\u00e8re souhaiterait que ce soit act\u00e9 au 1<\/i><i><sup>er<\/sup><\/i><i> janvier 2027<\/i><i>\u00a0<\/i>\u00bb, reprend Fabienne Cartieaux. Selon nos informations, un d\u00e9cret est attendu et des lettres de mission doivent arriver vendredi sur les bureaux des pr\u00e9sidents du CNRS et de l\u2019IRD.<\/p>\n<\/p><\/div>\n<div class=\"intext\"> Outil strat\u00e9gique\n              <\/div>\n<div class=\"paragraph\">\n<p>Pour ses d\u00e9tracteurs, le projet menace bien davantage qu\u2019une structure administrative. \u00ab\u00a0<i>Rapatrier l\u2019IRD au CNRS veut dire que toute la sp\u00e9cificit\u00e9 de ses implantations dans le Sud et toute notre diplomatie sur le savoir et la coop\u00e9ration, vont \u00eatre min\u00e9s<\/i><i>\u00a0<\/i>\u00bb, s\u2019alarme Hendrik Davi, d\u00e9put\u00e9 marseillais de L\u2019Apr\u00e8s qui a adress\u00e9 une lettre ouverte au Premier ministre. L\u2019\u00e9lu redoute que cette r\u00e9organisation \u00ab\u00a0<i>d\u00e9stabilise les collectifs existants<\/i>\u00a0\u00bb et fragilise des recherches strat\u00e9giques \u00ab\u00a0<i>en oc\u00e9anographie, sur les maladies infectieuses et \u00e9mergentes, le chikungunya, la dengue ou le changement climatique<\/i><i>\u00a0<\/i>\u00bb.<\/p>\n<p>Les organisations syndicales sont vite mont\u00e9es au cr\u00e9neau. Le 9\u00a0juillet lors d\u2019un comit\u00e9 social d\u2019administration, les repr\u00e9sentants du personnel ont demand\u00e9 des pr\u00e9cisions sur le calendrier et les modalit\u00e9s. Sans succ\u00e8s. Dans un communiqu\u00e9, le SNCS-FSU et le SNTRS-CGT d\u00e9noncent l\u2019absence de concertation et alertent sur ses cons\u00e9quences pour les agents de cet \u00ab<i>\u00a0<\/i><i>outil strat\u00e9gique de la France, au service de la science, de la diplomatie, du d\u00e9veloppement durable, des Outre-mer et des partenariats internationaux<\/i><i>\u00a0<\/i>\u00bb.<\/p>\n<p>La p\u00e9rennit\u00e9 des missions inqui\u00e8te en premier lieu les chercheurs. \u00ab<i>\u00a0<\/i><i>On aurait pu imaginer que l\u2019IRD devienne un onzi\u00e8me institut du CNRS avec des missions et des vocations pr\u00e9serv\u00e9es mais on s\u2019oriente vers une fusion. Une v\u00e9ritable vente \u00e0 la d\u00e9coupe<\/i><i>\u00a0<\/i>\u00bb, poursuit Fabienne Cartieaux. Une perspective qui nourrit les craintes d\u2019une dilution progressive des activit\u00e9s de l\u2019\u00e9tablissement.<\/p>\n<\/p><\/div>\n<div class=\"intext\"> \u00c9conomies de bout<br \/>\n               <br \/>de chandelles\n              <\/div>\n<div class=\"paragraph\">\n<p>\u00ab<i>\u00a0<\/i><i>Des dizaines de chercheurs et d\u2019\u00e9tudiants de pays qui ont besoin de d\u00e9velopper leur recherche scientifique et voient comme une opportunit\u00e9 extraordinaire le fait de le faire avec un institut fran\u00e7ais, vont rester sur le carreau<\/i><i>\u00a0<\/i>\u00bb, insiste l\u2019anthropologue Kali Argiriadis qui travaille depuis 25\u00a0ans sur Cuba, le Mexique et Ha\u00efti. \u00ab\u00a0<i>Chaque repr\u00e9sentation IRD qui dispara\u00eet, c\u2019est une ou plusieurs dizaines de personnes des pays o\u00f9 sont implant\u00e9es ces repr\u00e9sentations qui disparaissent aussi. Cette fa\u00e7on de travailler est d\u2019une richesse extraordinaire.<\/i><i>\u00a0<\/i>\u00bb Pour elle, la France \u00ab\u00a0<i>va perdre des opportunit\u00e9s de d\u00e9couvertes et d\u2019avanc\u00e9es scientifiques<\/i><i>\u00a0<\/i>\u00bb.<\/p>\n<p>Les opposants au projet rappellent aussi que l\u2019IRD repr\u00e9sente un puissant outil d\u2019influence internationale. \u00ab<i>\u00a0<\/i><i>C\u2019est 80<\/i><i>\u00a0<\/i><i>ans de partenariats tiss\u00e9s et de relations de collaboration tr\u00e8s fortes qui ont un r\u00f4le de soft power diplomatique, \u00e9norme<\/i><i>\u00a0<\/i>\u00bb, rappelle Fabienne Cartiaux. Des coop\u00e9rations qui ont permis de former des g\u00e9n\u00e9rations de chercheurs devenus parfois responsables acad\u00e9miques ou minist\u00e9riels dans leur pays. \u00ab\u00a0<i>\u00c7a nous permet d\u2019avoir des relations d\u2019une qualit\u00e9 exceptionnelle. En ces temps pas tr\u00e8s r\u00e9jouissants il semble malvenu de d\u00e9tricoter tout \u00e7a<\/i><i>\u00a0<\/i>\u00bb, insiste-t-elle, regrettant \u00ab\u00a0<i>des \u00e9conomies de bout de chandelle<\/i><i>\u00a0<\/i><i>:<\/i><i>\u00a0<\/i><i>les budgets de nos travaux au Sud, c\u2019est autour de 22<\/i><i>\u00a0<\/i><i>millions par an. <\/i><i><span class=\"mln_uppercase_mln\">\u00e0<\/span><\/i><i> l\u2019\u00e9chelle du budget de la France c\u2019est ridicule mais l\u2019impact est \u00e9norme<\/i><i>\u00a0<\/i>\u00bb.<\/p>\n<\/p><\/div>\n<div class=\"paragraph\">\n<p><b>L\u2019AFD d\u00e9j\u00e0 min\u00e9e<\/b><\/p>\n<p>Le projet du gouvernement pour l\u2019IRD fait \u00e9cho aux difficult\u00e9s de l\u2019AFD (agence fran\u00e7aise de d\u00e9veloppement), principal op\u00e9rateur public de la politique fran\u00e7aise dans le monde qui a perdu 70% de ses ressources en trois ans, rappelle la CGT dans un communiqu\u00e9, estimant que 160 \u00e0 380 postes seraient menac\u00e9s en 2027, \u00ab <i>avec une r\u00e9orientation des priorit\u00e9s vers les int\u00e9r\u00eats \u00e9conomiques des grands groupes, au d\u00e9triment des pays les plus vuln\u00e9rables <\/i>\u00bb.<\/p>\n<\/p><\/div>\n","protected":false},"excerpt":{"rendered":"La nouvelle a fait l&rsquo;effet d&rsquo;une bombe aupr&egrave;s des 2&nbsp;300&nbsp;agents. Vent debout, des directrices et directeurs scientifiques de l&rsquo;Institut de recherche pour le d&eacute;veloppement (IRD) r&eacute;clament au &#8230;","protected":false},"author":1,"featured_media":37150,"comment_status":"open","ping_status":"open","sticky":false,"template":"","format":"standard","meta":{"footnotes":""},"categories":[3926,3925,330,20],"tags":[874,10,237,113,2482,3100,1465,572,406,528,1982,1693,16,141,1592,416,1058],"news-destination":[3944],"news-source":[475],"is_homepage":[],"ta_other":[],"class_list":["post-37149","post","type-post","status-publish","format-standard","has-post-thumbnail","hentry","category-accueil-merge","category-accueil-third","category-politique","category-societe","tag-austerite","tag-bouches-du-rhone","tag-cfdt","tag-cgt","tag-cnrs","tag-collaboration","tag-diplomatie","tag-france","tag-fsu","tag-gouvernement","tag-hendrik-davi","tag-ird","tag-marseille","tag-projet","tag-recherche","tag-recherche-scientifique","tag-science","news-destination-homepage","news-source-website"],"_links":{"self":[{"href":"https:\/\/euapp01.newsmemory.com\/lamarseillaise\/news\/wp-json\/wp\/v2\/posts\/37149","targetHints":{"allow":["GET"]}}],"collection":[{"href":"https:\/\/euapp01.newsmemory.com\/lamarseillaise\/news\/wp-json\/wp\/v2\/posts"}],"about":[{"href":"https:\/\/euapp01.newsmemory.com\/lamarseillaise\/news\/wp-json\/wp\/v2\/types\/post"}],"author":[{"embeddable":true,"href":"https:\/\/euapp01.newsmemory.com\/lamarseillaise\/news\/wp-json\/wp\/v2\/users\/1"}],"replies":[{"embeddable":true,"href":"https:\/\/euapp01.newsmemory.com\/lamarseillaise\/news\/wp-json\/wp\/v2\/comments?post=37149"}],"version-history":[{"count":1,"href":"https:\/\/euapp01.newsmemory.com\/lamarseillaise\/news\/wp-json\/wp\/v2\/posts\/37149\/revisions"}],"predecessor-version":[{"id":37151,"href":"https:\/\/euapp01.newsmemory.com\/lamarseillaise\/news\/wp-json\/wp\/v2\/posts\/37149\/revisions\/37151"}],"wp:featuredmedia":[{"embeddable":true,"href":"https:\/\/euapp01.newsmemory.com\/lamarseillaise\/news\/wp-json\/wp\/v2\/media\/37150"}],"wp:attachment":[{"href":"https:\/\/euapp01.newsmemory.com\/lamarseillaise\/news\/wp-json\/wp\/v2\/media?parent=37149"}],"wp:term":[{"taxonomy":"category","embeddable":true,"href":"https:\/\/euapp01.newsmemory.com\/lamarseillaise\/news\/wp-json\/wp\/v2\/categories?post=37149"},{"taxonomy":"post_tag","embeddable":true,"href":"https:\/\/euapp01.newsmemory.com\/lamarseillaise\/news\/wp-json\/wp\/v2\/tags?post=37149"},{"taxonomy":"news-destination","embeddable":true,"href":"https:\/\/euapp01.newsmemory.com\/lamarseillaise\/news\/wp-json\/wp\/v2\/news-destination?post=37149"},{"taxonomy":"news-source","embeddable":true,"href":"https:\/\/euapp01.newsmemory.com\/lamarseillaise\/news\/wp-json\/wp\/v2\/news-source?post=37149"},{"taxonomy":"is_homepage","embeddable":true,"href":"https:\/\/euapp01.newsmemory.com\/lamarseillaise\/news\/wp-json\/wp\/v2\/is_homepage?post=37149"},{"taxonomy":"ta_other","embeddable":true,"href":"https:\/\/euapp01.newsmemory.com\/lamarseillaise\/news\/wp-json\/wp\/v2\/ta_other?post=37149"}],"curies":[{"name":"wp","href":"https:\/\/api.w.org\/{rel}","templated":true}]}}