{"id":37146,"date":"2026-07-23T06:32:00","date_gmt":"2026-07-23T04:32:00","guid":{"rendered":"https:\/\/euapp01.newsmemory.com\/lamarseillaise\/news\/?p=37146"},"modified":"2026-07-23T10:10:14","modified_gmt":"2026-07-23T08:10:14","slug":"limpasse-de-lausterite","status":"publish","type":"post","link":"https:\/\/euapp01.newsmemory.com\/lamarseillaise\/news\/2026\/07\/23\/limpasse-de-lausterite\/","title":{"rendered":"L\u2019impasse de l\u2019aust\u00e9rit\u00e9"},"content":{"rendered":"<div class=\"paragraph\">\n<p>Dans la novlangue du gouvernement, il faut traduire l\u2019op\u00e9ration \u00ab\u00a0\u00c9tat efficace\u00a0\u00bb, concoct\u00e9 par le Premier ministre S\u00e9bastien Lecornu, par \u00ab\u00a0destruction du service public et des outils remarquables de la recherche fran\u00e7ais\u00a0\u00bb. C\u2019est plus long mais cela colle parfaitement \u00e0 la r\u00e9alit\u00e9. On sait depuis Orwell que \u00ab\u00a0la paix, c\u2019est la guerre\u00a0\u00bb et que \u00ab\u00a02+2 =\u00a05\u00a0\u00bb. C\u2019est donc la sid\u00e9ration qui domine au sein des travailleurs de l\u2019Institut de recherche pour le d\u00e9veloppement, l\u2019IRD depuis qu\u2019ils ont appris qu\u2019un projet de fusion avec le CNRS \u00e9tait sur la table du gouvernement. Selon les informations de <i>La<\/i><i>\u00a0<\/i><i>Marseillaise<\/i>, l\u2019affaire pourrait \u00eatre pli\u00e9e en moins de six mois. Mais rien n\u2019est fait et la m\u00e9diatisation, la mobilisation des personnels pourraient mettre un coup d\u2019arr\u00eat \u00e0 ce projet d\u2019appauvrissement de la recherche publique. Quelle est, de plus, la l\u00e9gitimit\u00e9 r\u00e9elle d\u2019un gouvernement en fin de course, \u00e0 quelques mois de l\u2019\u00e9lection pr\u00e9sidentielle\u00a0pour qu\u2019il se croie autoris\u00e9 \u00e0 d\u00e9truire 80\u00a0ans d\u2019histoire et de travaux n\u00e9cessaires\u00a0?<\/p>\n<p><b>Lecornu sort le rabot<\/b><\/p>\n<p>Le Premier ministre a d\u00e9voil\u00e9 ses intentions dans <i>Paris Match<\/i>, propri\u00e9t\u00e9 de Bernard Arnault, un des individus les plus riches du monde, qui n\u2019aime pas payer des imp\u00f4ts et d\u00eene \u00e0 l\u2019occasion avec Marine le Pen. Et que nous dit l\u2019autoproclam\u00e9 \u00ab\u00a0moine soldat\u00a0\u00bb de la macronie finissante\u00a0? Qu\u2019il faudra, dans le budget 2027, raboter encore les finances publiques sans augmenter les imp\u00f4ts mais en demandant, par exemple \u00ab\u00a0<i>un effort \u00e0 ceux qui ach\u00e8tent plus de 50<\/i><i>\u00a0<\/i><i>bo\u00eetes de m\u00e9dicaments par an ou vont plus de 25 fois chez le m\u00e9decin par an<\/i><i>\u00a0<\/i>\u00bb.<i> <\/i>Ce sont des recettes lib\u00e9rales \u00e9cul\u00e9es \u00e0 des ann\u00e9es-lumi\u00e8re des d\u00e9fis \u00e0 relever et des aspirations citoyennes. Des propos qui illustrent aussi la terrible impasse de l\u2019aust\u00e9rit\u00e9.<\/p>\n<\/p><\/div>\n","protected":false},"excerpt":{"rendered":"Dans la novlangue du gouvernement, il faut traduire l&rsquo;op&eacute;ration &laquo;&nbsp;&Eacute;tat efficace&nbsp;&raquo;, concoct&eacute; par le Premier ministre S&eacute;bastien Lecornu, par &laquo;&nbsp;destruction du service public et des &#8230;","protected":false},"author":1,"featured_media":37147,"comment_status":"open","ping_status":"open","sticky":false,"template":"","format":"standard","meta":{"footnotes":""},"categories":[332],"tags":[874,10,1372,572,528,1693,16,1592,416,222,833,751],"news-destination":[],"news-source":[475],"is_homepage":[],"ta_other":[],"class_list":["post-37146","post","type-post","status-publish","format-standard","has-post-thumbnail","hentry","category-edito","tag-austerite","tag-bouches-du-rhone","tag-editoriaux","tag-france","tag-gouvernement","tag-ird","tag-marseille","tag-recherche","tag-recherche-scientifique","tag-region-sud-paca","tag-sebastien-lecornu","tag-service-public","news-source-website"],"_links":{"self":[{"href":"https:\/\/euapp01.newsmemory.com\/lamarseillaise\/news\/wp-json\/wp\/v2\/posts\/37146","targetHints":{"allow":["GET"]}}],"collection":[{"href":"https:\/\/euapp01.newsmemory.com\/lamarseillaise\/news\/wp-json\/wp\/v2\/posts"}],"about":[{"href":"https:\/\/euapp01.newsmemory.com\/lamarseillaise\/news\/wp-json\/wp\/v2\/types\/post"}],"author":[{"embeddable":true,"href":"https:\/\/euapp01.newsmemory.com\/lamarseillaise\/news\/wp-json\/wp\/v2\/users\/1"}],"replies":[{"embeddable":true,"href":"https:\/\/euapp01.newsmemory.com\/lamarseillaise\/news\/wp-json\/wp\/v2\/comments?post=37146"}],"version-history":[{"count":1,"href":"https:\/\/euapp01.newsmemory.com\/lamarseillaise\/news\/wp-json\/wp\/v2\/posts\/37146\/revisions"}],"predecessor-version":[{"id":37148,"href":"https:\/\/euapp01.newsmemory.com\/lamarseillaise\/news\/wp-json\/wp\/v2\/posts\/37146\/revisions\/37148"}],"wp:featuredmedia":[{"embeddable":true,"href":"https:\/\/euapp01.newsmemory.com\/lamarseillaise\/news\/wp-json\/wp\/v2\/media\/37147"}],"wp:attachment":[{"href":"https:\/\/euapp01.newsmemory.com\/lamarseillaise\/news\/wp-json\/wp\/v2\/media?parent=37146"}],"wp:term":[{"taxonomy":"category","embeddable":true,"href":"https:\/\/euapp01.newsmemory.com\/lamarseillaise\/news\/wp-json\/wp\/v2\/categories?post=37146"},{"taxonomy":"post_tag","embeddable":true,"href":"https:\/\/euapp01.newsmemory.com\/lamarseillaise\/news\/wp-json\/wp\/v2\/tags?post=37146"},{"taxonomy":"news-destination","embeddable":true,"href":"https:\/\/euapp01.newsmemory.com\/lamarseillaise\/news\/wp-json\/wp\/v2\/news-destination?post=37146"},{"taxonomy":"news-source","embeddable":true,"href":"https:\/\/euapp01.newsmemory.com\/lamarseillaise\/news\/wp-json\/wp\/v2\/news-source?post=37146"},{"taxonomy":"is_homepage","embeddable":true,"href":"https:\/\/euapp01.newsmemory.com\/lamarseillaise\/news\/wp-json\/wp\/v2\/is_homepage?post=37146"},{"taxonomy":"ta_other","embeddable":true,"href":"https:\/\/euapp01.newsmemory.com\/lamarseillaise\/news\/wp-json\/wp\/v2\/ta_other?post=37146"}],"curies":[{"name":"wp","href":"https:\/\/api.w.org\/{rel}","templated":true}]}}