{"id":37139,"date":"2026-07-22T11:08:00","date_gmt":"2026-07-22T09:08:00","guid":{"rendered":"https:\/\/euapp01.newsmemory.com\/lamarseillaise\/news\/?p=37139"},"modified":"2026-07-22T11:31:29","modified_gmt":"2026-07-22T09:31:29","slug":"pigment-convoque-par-le-parquet-pour-son-rooftop","status":"publish","type":"post","link":"https:\/\/euapp01.newsmemory.com\/lamarseillaise\/news\/2026\/07\/22\/pigment-convoque-par-le-parquet-pour-son-rooftop\/","title":{"rendered":"Pigment convoqu\u00e9 par le parquet pour son rooftop"},"content":{"rendered":"<div class=\"paragraph\">\n<p>Benjamin Honorat a \u00e9t\u00e9 re\u00e7u par un d\u00e9l\u00e9gu\u00e9 du procureur \u00ab en vue d\u2019un classement sous conditions, en l\u2019esp\u00e8ce la r\u00e9gularisation des infractions constat\u00e9es \u00bb. Le parquet pr\u00e9cise : \u00ab L\u2019objet de cette convocation concernait uniquement l\u2019infraction d\u2019ex\u00e9cution par personne morale de travaux non autoris\u00e9s par d\u00e9claration pr\u00e9alable, en l\u2019esp\u00e8ce diverses modifications de fa\u00e7ade, et non la probl\u00e9matique du rooftop. L\u2019int\u00e9ress\u00e9 s\u2019est engag\u00e9 \u00e0 r\u00e9gulariser dans un d\u00e9lai de 3 mois. Une d\u00e9cision sera prise \u00e0 l\u2019issue. \u00bb Sur le plan civil, un juge des r\u00e9f\u00e9r\u00e9s a ordonn\u00e9 vendredi la fermeture du toit-terrasse abusivement exploit\u00e9 \u00e0 des fins commerciales pour \u00ab trouble manifestement illicite \u00bb et ce, sous astreinte de 500 euros par jour de retard.<\/p>\n<\/p><\/div>\n","protected":false},"excerpt":{"rendered":"Benjamin Honorat a &eacute;t&eacute; re&ccedil;u par un d&eacute;l&eacute;gu&eacute; du procureur &laquo; en vue d&rsquo;un classement sous conditions, en l&rsquo;esp&egrave;ce la r&eacute;gularisation des infractions constat&eacute;es &raquo;. Le &#8230;","protected":false},"author":1,"featured_media":37140,"comment_status":"open","ping_status":"open","sticky":false,"template":"","format":"standard","meta":{"footnotes":""},"categories":[20],"tags":[3668,10,226,200,16,2061,700,595],"news-destination":[],"news-source":[475],"is_homepage":[],"ta_other":[],"class_list":["post-37139","post","type-post","status-publish","format-standard","has-post-thumbnail","hentry","category-societe","tag-bars","tag-bouches-du-rhone","tag-clubs","tag-justice","tag-marseille","tag-parquet","tag-quartier","tag-urbanisme","news-source-website"],"_links":{"self":[{"href":"https:\/\/euapp01.newsmemory.com\/lamarseillaise\/news\/wp-json\/wp\/v2\/posts\/37139","targetHints":{"allow":["GET"]}}],"collection":[{"href":"https:\/\/euapp01.newsmemory.com\/lamarseillaise\/news\/wp-json\/wp\/v2\/posts"}],"about":[{"href":"https:\/\/euapp01.newsmemory.com\/lamarseillaise\/news\/wp-json\/wp\/v2\/types\/post"}],"author":[{"embeddable":true,"href":"https:\/\/euapp01.newsmemory.com\/lamarseillaise\/news\/wp-json\/wp\/v2\/users\/1"}],"replies":[{"embeddable":true,"href":"https:\/\/euapp01.newsmemory.com\/lamarseillaise\/news\/wp-json\/wp\/v2\/comments?post=37139"}],"version-history":[{"count":1,"href":"https:\/\/euapp01.newsmemory.com\/lamarseillaise\/news\/wp-json\/wp\/v2\/posts\/37139\/revisions"}],"predecessor-version":[{"id":37141,"href":"https:\/\/euapp01.newsmemory.com\/lamarseillaise\/news\/wp-json\/wp\/v2\/posts\/37139\/revisions\/37141"}],"wp:featuredmedia":[{"embeddable":true,"href":"https:\/\/euapp01.newsmemory.com\/lamarseillaise\/news\/wp-json\/wp\/v2\/media\/37140"}],"wp:attachment":[{"href":"https:\/\/euapp01.newsmemory.com\/lamarseillaise\/news\/wp-json\/wp\/v2\/media?parent=37139"}],"wp:term":[{"taxonomy":"category","embeddable":true,"href":"https:\/\/euapp01.newsmemory.com\/lamarseillaise\/news\/wp-json\/wp\/v2\/categories?post=37139"},{"taxonomy":"post_tag","embeddable":true,"href":"https:\/\/euapp01.newsmemory.com\/lamarseillaise\/news\/wp-json\/wp\/v2\/tags?post=37139"},{"taxonomy":"news-destination","embeddable":true,"href":"https:\/\/euapp01.newsmemory.com\/lamarseillaise\/news\/wp-json\/wp\/v2\/news-destination?post=37139"},{"taxonomy":"news-source","embeddable":true,"href":"https:\/\/euapp01.newsmemory.com\/lamarseillaise\/news\/wp-json\/wp\/v2\/news-source?post=37139"},{"taxonomy":"is_homepage","embeddable":true,"href":"https:\/\/euapp01.newsmemory.com\/lamarseillaise\/news\/wp-json\/wp\/v2\/is_homepage?post=37139"},{"taxonomy":"ta_other","embeddable":true,"href":"https:\/\/euapp01.newsmemory.com\/lamarseillaise\/news\/wp-json\/wp\/v2\/ta_other?post=37139"}],"curies":[{"name":"wp","href":"https:\/\/api.w.org\/{rel}","templated":true}]}}