{"id":37136,"date":"2026-07-22T11:14:00","date_gmt":"2026-07-22T09:14:00","guid":{"rendered":"https:\/\/euapp01.newsmemory.com\/lamarseillaise\/news\/?p=37136"},"modified":"2026-07-22T11:31:29","modified_gmt":"2026-07-22T09:31:29","slug":"anne-benedetti-elue-a-la-tete-de-la-cci-du-vaucluse","status":"publish","type":"post","link":"https:\/\/euapp01.newsmemory.com\/lamarseillaise\/news\/2026\/07\/22\/anne-benedetti-elue-a-la-tete-de-la-cci-du-vaucluse\/","title":{"rendered":"Anne Benedetti \u00e9lue \u00e0 la t\u00eate de la CCI du Vaucluse"},"content":{"rendered":"<div class=\"paragraph\">\n<p>Une mandature de transition, la prochaine \u00e9lection se tenant \u00e0 l\u2019automne 2027. \u00c0 la t\u00eate de la seule liste en lice, elle succ\u00e8de \u00e0 Gilbert Marcelli. Fin janvier, le pr\u00e9fet de r\u00e9gion avait pris un arr\u00eat\u00e9 pour dissoudre l\u2019assembl\u00e9e g\u00e9n\u00e9rale et le bureau de la CCI 84, ainsi que pour nommer une commission provisoire, suite \u00e0 la d\u00e9mission de 22 des 33 membres de l\u2019assembl\u00e9e. Une nouvelle \u00e9lection dont se r\u00e9jouit le Medef, qui soutenait la candidate. \u00ab Par leur exp\u00e9rience, leur connaissance du territoire et leur volont\u00e9 d\u2019agir, ils disposent de tous les atouts pour contribuer \u00e0 la relance de la CCI et accompagner les entreprises dans les d\u00e9fis \u00e9conomiques \u00e0 venir \u00bb, \u00e9crit l\u2019organisation. Une nouvelle assembl\u00e9e consulaire va \u00eatre intronis\u00e9e dans les prochaines semaines.<\/p>\n<\/p><\/div>\n","protected":false},"excerpt":{"rendered":"Une mandature de transition, la prochaine &eacute;lection se tenant &agrave; l&rsquo;automne 2027. &Agrave; la t&ecirc;te de la seule liste en lice, elle succ&egrave;de &agrave; Gilbert Marcelli. Fin janvier, le pr&eacute;fet de r&eacute;gion avait &#8230;","protected":false},"author":1,"featured_media":37137,"comment_status":"open","ping_status":"open","sticky":false,"template":"","format":"standard","meta":{"footnotes":""},"categories":[330],"tags":[495,1949,2155,5782,843,1567,171],"news-destination":[],"news-source":[475],"is_homepage":[],"ta_other":[],"class_list":["post-37136","post","type-post","status-publish","format-standard","has-post-thumbnail","hentry","category-politique","tag-495","tag-cci","tag-chambre-de-commerce-et-de-lindustrie","tag-election","tag-medef","tag-prefet","tag-vaucluse","news-source-website"],"_links":{"self":[{"href":"https:\/\/euapp01.newsmemory.com\/lamarseillaise\/news\/wp-json\/wp\/v2\/posts\/37136","targetHints":{"allow":["GET"]}}],"collection":[{"href":"https:\/\/euapp01.newsmemory.com\/lamarseillaise\/news\/wp-json\/wp\/v2\/posts"}],"about":[{"href":"https:\/\/euapp01.newsmemory.com\/lamarseillaise\/news\/wp-json\/wp\/v2\/types\/post"}],"author":[{"embeddable":true,"href":"https:\/\/euapp01.newsmemory.com\/lamarseillaise\/news\/wp-json\/wp\/v2\/users\/1"}],"replies":[{"embeddable":true,"href":"https:\/\/euapp01.newsmemory.com\/lamarseillaise\/news\/wp-json\/wp\/v2\/comments?post=37136"}],"version-history":[{"count":1,"href":"https:\/\/euapp01.newsmemory.com\/lamarseillaise\/news\/wp-json\/wp\/v2\/posts\/37136\/revisions"}],"predecessor-version":[{"id":37138,"href":"https:\/\/euapp01.newsmemory.com\/lamarseillaise\/news\/wp-json\/wp\/v2\/posts\/37136\/revisions\/37138"}],"wp:featuredmedia":[{"embeddable":true,"href":"https:\/\/euapp01.newsmemory.com\/lamarseillaise\/news\/wp-json\/wp\/v2\/media\/37137"}],"wp:attachment":[{"href":"https:\/\/euapp01.newsmemory.com\/lamarseillaise\/news\/wp-json\/wp\/v2\/media?parent=37136"}],"wp:term":[{"taxonomy":"category","embeddable":true,"href":"https:\/\/euapp01.newsmemory.com\/lamarseillaise\/news\/wp-json\/wp\/v2\/categories?post=37136"},{"taxonomy":"post_tag","embeddable":true,"href":"https:\/\/euapp01.newsmemory.com\/lamarseillaise\/news\/wp-json\/wp\/v2\/tags?post=37136"},{"taxonomy":"news-destination","embeddable":true,"href":"https:\/\/euapp01.newsmemory.com\/lamarseillaise\/news\/wp-json\/wp\/v2\/news-destination?post=37136"},{"taxonomy":"news-source","embeddable":true,"href":"https:\/\/euapp01.newsmemory.com\/lamarseillaise\/news\/wp-json\/wp\/v2\/news-source?post=37136"},{"taxonomy":"is_homepage","embeddable":true,"href":"https:\/\/euapp01.newsmemory.com\/lamarseillaise\/news\/wp-json\/wp\/v2\/is_homepage?post=37136"},{"taxonomy":"ta_other","embeddable":true,"href":"https:\/\/euapp01.newsmemory.com\/lamarseillaise\/news\/wp-json\/wp\/v2\/ta_other?post=37136"}],"curies":[{"name":"wp","href":"https:\/\/api.w.org\/{rel}","templated":true}]}}