{"id":37132,"date":"2026-07-22T09:57:00","date_gmt":"2026-07-22T07:57:00","guid":{"rendered":"https:\/\/euapp01.newsmemory.com\/lamarseillaise\/news\/?p=37132"},"modified":"2026-07-22T10:33:03","modified_gmt":"2026-07-22T08:33:03","slug":"a-la-seyne-sur-mer-une-vente-solidaire-chez-emmaus","status":"publish","type":"post","link":"https:\/\/euapp01.newsmemory.com\/lamarseillaise\/news\/2026\/07\/22\/a-la-seyne-sur-mer-une-vente-solidaire-chez-emmaus\/","title":{"rendered":"\u00c0 La Seyne-sur-Mer, une vente solidaire chez Emma\u00fcs"},"content":{"rendered":"<div class=\"paragraph\">\n<p>\u00c0 cette occasion, de nombreux stands seront exceptionnellement propos\u00e9s aux visiteurs\u00a0: bandes dessin\u00e9es, tableaux, v\u00eatements vintage, mat\u00e9riel de bricolage, v\u00e9los, ainsi que de nombreux objets de seconde main \u00e0 prix solidaires. L\u2019\u00e9v\u00e9nement se veut \u00e9galement festif et convivial, avec la pr\u00e9sence d\u2019un DJ, d\u2019un bar et d\u2019un espace de restauration. Mais pour Emma\u00fcs, cette vente est avant tout l\u2019occasion de r\u00e9colter des fonds. En effet, les recettes de l\u2019\u00e9v\u00e9nement sont destin\u00e9es \u00e0 \u00ab\u00a0poursuivre ses missions d\u2019accueil, d\u2019accompagnement et d\u2019insertion\u00a0\u00bb. Fantine Lambey.<\/p>\n<\/p><\/div>\n","protected":false},"excerpt":{"rendered":"&Agrave; cette occasion, de nombreux stands seront exceptionnellement propos&eacute;s aux visiteurs&nbsp;: bandes dessin&eacute;es, tableaux, v&ecirc;tements vintage, mat&eacute;riel de bricolage, v&eacute;los, ainsi que de nombreux objets de &#8230;","protected":false},"author":1,"featured_media":37133,"comment_status":"open","ping_status":"open","sticky":false,"template":"","format":"standard","meta":{"footnotes":""},"categories":[20],"tags":[3247,3933,398,392,31],"news-destination":[],"news-source":[475],"is_homepage":[],"ta_other":[],"class_list":["post-37132","post","type-post","status-publish","format-standard","has-post-thumbnail","hentry","category-societe","tag-emmaus","tag-grande-vente","tag-la-seyne-sur-mer","tag-solidaire","tag-var","news-source-website"],"_links":{"self":[{"href":"https:\/\/euapp01.newsmemory.com\/lamarseillaise\/news\/wp-json\/wp\/v2\/posts\/37132","targetHints":{"allow":["GET"]}}],"collection":[{"href":"https:\/\/euapp01.newsmemory.com\/lamarseillaise\/news\/wp-json\/wp\/v2\/posts"}],"about":[{"href":"https:\/\/euapp01.newsmemory.com\/lamarseillaise\/news\/wp-json\/wp\/v2\/types\/post"}],"author":[{"embeddable":true,"href":"https:\/\/euapp01.newsmemory.com\/lamarseillaise\/news\/wp-json\/wp\/v2\/users\/1"}],"replies":[{"embeddable":true,"href":"https:\/\/euapp01.newsmemory.com\/lamarseillaise\/news\/wp-json\/wp\/v2\/comments?post=37132"}],"version-history":[{"count":1,"href":"https:\/\/euapp01.newsmemory.com\/lamarseillaise\/news\/wp-json\/wp\/v2\/posts\/37132\/revisions"}],"predecessor-version":[{"id":37134,"href":"https:\/\/euapp01.newsmemory.com\/lamarseillaise\/news\/wp-json\/wp\/v2\/posts\/37132\/revisions\/37134"}],"wp:featuredmedia":[{"embeddable":true,"href":"https:\/\/euapp01.newsmemory.com\/lamarseillaise\/news\/wp-json\/wp\/v2\/media\/37133"}],"wp:attachment":[{"href":"https:\/\/euapp01.newsmemory.com\/lamarseillaise\/news\/wp-json\/wp\/v2\/media?parent=37132"}],"wp:term":[{"taxonomy":"category","embeddable":true,"href":"https:\/\/euapp01.newsmemory.com\/lamarseillaise\/news\/wp-json\/wp\/v2\/categories?post=37132"},{"taxonomy":"post_tag","embeddable":true,"href":"https:\/\/euapp01.newsmemory.com\/lamarseillaise\/news\/wp-json\/wp\/v2\/tags?post=37132"},{"taxonomy":"news-destination","embeddable":true,"href":"https:\/\/euapp01.newsmemory.com\/lamarseillaise\/news\/wp-json\/wp\/v2\/news-destination?post=37132"},{"taxonomy":"news-source","embeddable":true,"href":"https:\/\/euapp01.newsmemory.com\/lamarseillaise\/news\/wp-json\/wp\/v2\/news-source?post=37132"},{"taxonomy":"is_homepage","embeddable":true,"href":"https:\/\/euapp01.newsmemory.com\/lamarseillaise\/news\/wp-json\/wp\/v2\/is_homepage?post=37132"},{"taxonomy":"ta_other","embeddable":true,"href":"https:\/\/euapp01.newsmemory.com\/lamarseillaise\/news\/wp-json\/wp\/v2\/ta_other?post=37132"}],"curies":[{"name":"wp","href":"https:\/\/api.w.org\/{rel}","templated":true}]}}