{"id":37125,"date":"2026-07-22T09:46:00","date_gmt":"2026-07-22T07:46:00","guid":{"rendered":"https:\/\/euapp01.newsmemory.com\/lamarseillaise\/news\/?p=37125"},"modified":"2026-07-22T10:12:35","modified_gmt":"2026-07-22T08:12:35","slug":"fin-de-partie-chaotique-de-la-session-parlementaire","status":"publish","type":"post","link":"https:\/\/euapp01.newsmemory.com\/lamarseillaise\/news\/2026\/07\/22\/fin-de-partie-chaotique-de-la-session-parlementaire\/","title":{"rendered":"Fin de partie chaotique de la session parlementaire"},"content":{"rendered":"<div class=\"paragraph\">\n<p>Les d\u00e9bats se sont nettement tendus peu apr\u00e8s minuit dans la nuit de lundi \u00e0 mardi, face au refus du gouvernement de permettre aux d\u00e9put\u00e9s de voter sur des amendements d\u00e9pos\u00e9s par plusieurs d\u2019entre eux pour supprimer du texte sur l\u2019urgence agricole le volet sur les n\u00e9onicotino\u00efdes, introduit au S\u00e9nat. \u00c0 ce stade de la proc\u00e9dure, le gouvernement b\u00e9n\u00e9ficiait en effet d\u2019un droit de veto, et pouvait d\u00e9cider de leur mise au vote.<\/p>\n<p>Une partie du bloc central a protest\u00e9 avec vigueur contre ce choix, encourag\u00e9e par toute la gauche: \u00ab<i>\u00a0<\/i><i>Si le d\u00e9bat doit avoir lieu, ayons ce d\u00e9bat<\/i><i>\u00a0<\/i>\u00bb<i>,<\/i> a plaid\u00e9 l\u2019ancienne ministre de la Transition \u00e9cologique Agn\u00e8s Pannier-Runacher (Ren.), face \u00e0 une ministre de l\u2019agriculture, Annie Genevard, inflexible. Le pr\u00e9sident du groupe EPR Gabriel Attal s\u2019est \u00e9tonn\u00e9 que le gouvernement ne laisse pas le Parlement \u00ab\u00a0<i>trancher<\/i><i>\u00a0<\/i>\u00bb. La ministre de l\u2019Agriculture a finalement vu son texte approuv\u00e9 par une large majorit\u00e9 <br \/>&#8211;\u00a0296\u00a0voix contre 224\u00a0-, ce dont elle s\u2019est dite \u00ab\u00a0<i>tr\u00e8s satisfaite<\/i><i>\u00a0<\/i>\u00bb mardi. Le Premier ministre S\u00e9bastien Lecornu a lui assur\u00e9 que le texte comporte des mesures \u00ab\u00a0<i>attendues par le monde agricole<\/i><i>\u00a0<\/i>\u00bb et appel\u00e9 \u00e0 ne pas l\u2019\u00ab<i>\u00a0<\/i><i>instrumentaliser \u00e0 des fins politiciennes<\/i><i>\u00a0<\/i>\u00bb. Mais les divisions sont \u00e9videntes. Agn\u00e8s Pannier-Runacher a d\u00e9nonc\u00e9 mardi \u00ab<i>\u00a0<\/i><i>un passage en force du gouvernement<\/i><i>\u00a0<\/i>\u00bb et un \u00ab<i>\u00a0<\/i><i>d\u00e9ni de d\u00e9mocratie<\/i><i>\u00a0<\/i>\u00bb<i>.<\/i> Au S\u00e9nat, ce projet de loi d\u2019urgence agricole devait passer triomphalement, apr\u00e8s avoir surmont\u00e9 l\u2019\u00e9preuve de l\u2019Assembl\u00e9e.<\/p>\n<\/p><\/div>\n<div class=\"intext\"> Soutien de l\u2019extr\u00eame droite\n              <\/div>\n<div class=\"paragraph\">\n<p>Les textes sur le sport professionnel, et sur la montagne vivante et souveraine, approuv\u00e9s lundi \u00e0 l\u2019Assembl\u00e9e, devaient aussi \u00eatre adopt\u00e9s sans difficult\u00e9s. Au Palais Bourbon, les projets de loi sur la s\u00e9curit\u00e9 du quotidien (Ripost), l\u2019interdiction des r\u00e9seaux sociaux aux moins de 15 ans, ainsi qu\u2019une proposition de loi sur l\u2019immobilier de l\u2019\u00c9tat, devaient eux aussi obtenir un ultime feu vert. Mais certains votes n\u2019ont \u00e9t\u00e9 obtenus qu\u2019au prix de concessions majeures sur le fond &#8211; ainsi du projet de loi justice criminelle de G\u00e9rald Darmanin, amput\u00e9 d\u2019un article phare sur le plaider-coupable criminel, rejet\u00e9 tant par la gauche que par le RN. Et pour nombre de textes, que ce soit sur le versant r\u00e9galien ou \u00e9conomique, les majorit\u00e9s n\u2019ont souvent \u00e9t\u00e9 atteintes que gr\u00e2ce au soutien du Rassemblement national. Les d\u00e9put\u00e9s d\u2019extr\u00eame droite n\u2019ont pas manqu\u00e9 de le souligner, moquant les bancs souvent clairsem\u00e9s de la coalition gouvernementale.<\/p>\n<\/p><\/div>\n<div class=\"intext\"> Fermeture du Parlement ce mercredi, pour 2 mois\n              <\/div>\n<div class=\"paragraph\">\n<p>Une situation qui d\u00e9sole la gauche. Le d\u00e9put\u00e9 du groupe \u00e9cologiste Pouria Amirshahi pointe une \u00ab\u00a0<i>acc\u00e9l\u00e9ration de l\u2019agenda r\u00e9actionnaire<\/i><i>\u00a0<\/i>\u00bb, avec la \u00ab\u00a0<i>bascule de nos institutions vers des dispositifs qui sont soit d\u2019inspiration lep\u00e9niste <\/i>(&#8230;)<i>, soit vot\u00e9s avec le concours de leurs troupes<\/i><i>\u00a0<\/i>\u00bb. Dans son viseur notamment, la loi sur la pr\u00e9somption d\u2019usage l\u00e9gitime des armes pour les forces de l\u2019ordre, adopt\u00e9e le 7\u00a0juillet \u00e0 l\u2019Assembl\u00e9e, et contre laquelle plus de 700\u00a0000\u00a0personnes ont sign\u00e9 une p\u00e9tition. Apr\u00e8s cette salve de textes, l\u2019Assembl\u00e9e fermera mercredi, pour environ deux mois. Avec d\u00e9j\u00e0 dans toutes les t\u00eates le casse-t\u00eate de la discussion budg\u00e9taire, qui s\u2019annonce \u00ab\u00a0<i>inextricable<\/i><i>\u00a0<\/i>\u00bb selon Pouria Amirshahi.<\/p>\n<\/p><\/div>\n","protected":false},"excerpt":{"rendered":"Les d&eacute;bats se sont nettement tendus peu apr&egrave;s minuit dans la nuit de lundi &agrave; mardi, face au refus du gouvernement de permettre aux d&eacute;put&eacute;s de voter sur des amendements d&eacute;pos&eacute;s par plusieurs &#8230;","protected":false},"author":1,"featured_media":37126,"comment_status":"open","ping_status":"open","sticky":false,"template":"","format":"standard","meta":{"footnotes":""},"categories":[1854],"tags":[6146,447,1452,1269,572,249,528,200,5307,3169,544,380,439,833,111,1920],"news-destination":[],"news-source":[475],"is_homepage":[],"ta_other":[],"class_list":["post-37125","post","type-post","status-publish","format-standard","has-post-thumbnail","hentry","category-france","tag-agnes-pannier-runacher","tag-agriculture","tag-annie-genevard","tag-debats","tag-france","tag-gerald-darmanin","tag-gouvernement","tag-justice","tag-justice-criminelle","tag-projet-de-loi","tag-rassemblement-national","tag-reseaux-sociaux","tag-rn","tag-sebastien-lecornu","tag-securite","tag-senat","news-source-website"],"_links":{"self":[{"href":"https:\/\/euapp01.newsmemory.com\/lamarseillaise\/news\/wp-json\/wp\/v2\/posts\/37125","targetHints":{"allow":["GET"]}}],"collection":[{"href":"https:\/\/euapp01.newsmemory.com\/lamarseillaise\/news\/wp-json\/wp\/v2\/posts"}],"about":[{"href":"https:\/\/euapp01.newsmemory.com\/lamarseillaise\/news\/wp-json\/wp\/v2\/types\/post"}],"author":[{"embeddable":true,"href":"https:\/\/euapp01.newsmemory.com\/lamarseillaise\/news\/wp-json\/wp\/v2\/users\/1"}],"replies":[{"embeddable":true,"href":"https:\/\/euapp01.newsmemory.com\/lamarseillaise\/news\/wp-json\/wp\/v2\/comments?post=37125"}],"version-history":[{"count":1,"href":"https:\/\/euapp01.newsmemory.com\/lamarseillaise\/news\/wp-json\/wp\/v2\/posts\/37125\/revisions"}],"predecessor-version":[{"id":37127,"href":"https:\/\/euapp01.newsmemory.com\/lamarseillaise\/news\/wp-json\/wp\/v2\/posts\/37125\/revisions\/37127"}],"wp:featuredmedia":[{"embeddable":true,"href":"https:\/\/euapp01.newsmemory.com\/lamarseillaise\/news\/wp-json\/wp\/v2\/media\/37126"}],"wp:attachment":[{"href":"https:\/\/euapp01.newsmemory.com\/lamarseillaise\/news\/wp-json\/wp\/v2\/media?parent=37125"}],"wp:term":[{"taxonomy":"category","embeddable":true,"href":"https:\/\/euapp01.newsmemory.com\/lamarseillaise\/news\/wp-json\/wp\/v2\/categories?post=37125"},{"taxonomy":"post_tag","embeddable":true,"href":"https:\/\/euapp01.newsmemory.com\/lamarseillaise\/news\/wp-json\/wp\/v2\/tags?post=37125"},{"taxonomy":"news-destination","embeddable":true,"href":"https:\/\/euapp01.newsmemory.com\/lamarseillaise\/news\/wp-json\/wp\/v2\/news-destination?post=37125"},{"taxonomy":"news-source","embeddable":true,"href":"https:\/\/euapp01.newsmemory.com\/lamarseillaise\/news\/wp-json\/wp\/v2\/news-source?post=37125"},{"taxonomy":"is_homepage","embeddable":true,"href":"https:\/\/euapp01.newsmemory.com\/lamarseillaise\/news\/wp-json\/wp\/v2\/is_homepage?post=37125"},{"taxonomy":"ta_other","embeddable":true,"href":"https:\/\/euapp01.newsmemory.com\/lamarseillaise\/news\/wp-json\/wp\/v2\/ta_other?post=37125"}],"curies":[{"name":"wp","href":"https:\/\/api.w.org\/{rel}","templated":true}]}}