{"id":37116,"date":"2026-07-22T08:32:00","date_gmt":"2026-07-22T06:32:00","guid":{"rendered":"https:\/\/euapp01.newsmemory.com\/lamarseillaise\/news\/?p=37116"},"modified":"2026-07-22T10:12:35","modified_gmt":"2026-07-22T08:12:35","slug":"cest-lete-les-escales-du-cargo-a-arles","status":"publish","type":"post","link":"https:\/\/euapp01.newsmemory.com\/lamarseillaise\/news\/2026\/07\/22\/cest-lete-les-escales-du-cargo-a-arles\/","title":{"rendered":"[C\u2019est l\u2019\u00e9t\u00e9] Les escales du Cargo \u00e0 Arles"},"content":{"rendered":"<div class=\"paragraph\">\n<p>Depuis plus de 20 ans, Les\u00a0Escales du Cargo r\u00e9sonnent chaque \u00e9t\u00e9 au sein du monument historique class\u00e9<br \/>au patrimoine mondial de l\u2019Unesco, le Th\u00e9\u00e2tre Antique d\u2019Arles, pour vous faire vivre des moments uniques et hors du temps. Pour la premi\u00e8re soir\u00e9e de cet \u00e9v\u00e9nement pr\u00e9vu sur deux jours, c\u2019est Selah Sue et Patrick Watson qui vous feront voyager dans leur univers. Le lendemain, place au mythique collectif britannique Archive.<\/p>\n<\/p><\/div>\n<div class=\"paragraph\">\n<p><i>Ouverture des portes \u00e0 20h. 42<\/i><i>\u00a0<\/i><i>euros la place.<\/i><\/p>\n<\/p><\/div>\n","protected":false},"excerpt":{"rendered":"Depuis plus de 20 ans, Les&nbsp;Escales du Cargo r&eacute;sonnent chaque &eacute;t&eacute; au sein du monument historique class&eacute;au patrimoine mondial de l&rsquo;Unesco, le Th&eacute;&acirc;tre Antique d&rsquo;Arles, pour vous faire vivre des &#8230;","protected":false},"author":1,"featured_media":37117,"comment_status":"open","ping_status":"open","sticky":false,"template":"","format":"standard","meta":{"footnotes":""},"categories":[32],"tags":[1346,4699,1234,10,6085,400,329,325,97,3808],"news-destination":[],"news-source":[475],"is_homepage":[],"ta_other":[],"class_list":["post-37116","post","type-post","status-publish","format-standard","has-post-thumbnail","hentry","category-culture","tag-architecture","tag-arenes","tag-arles","tag-bouches-du-rhone","tag-cest-lete","tag-concerts","tag-festival","tag-musique","tag-patrimoine","tag-unesco","news-source-website"],"_links":{"self":[{"href":"https:\/\/euapp01.newsmemory.com\/lamarseillaise\/news\/wp-json\/wp\/v2\/posts\/37116","targetHints":{"allow":["GET"]}}],"collection":[{"href":"https:\/\/euapp01.newsmemory.com\/lamarseillaise\/news\/wp-json\/wp\/v2\/posts"}],"about":[{"href":"https:\/\/euapp01.newsmemory.com\/lamarseillaise\/news\/wp-json\/wp\/v2\/types\/post"}],"author":[{"embeddable":true,"href":"https:\/\/euapp01.newsmemory.com\/lamarseillaise\/news\/wp-json\/wp\/v2\/users\/1"}],"replies":[{"embeddable":true,"href":"https:\/\/euapp01.newsmemory.com\/lamarseillaise\/news\/wp-json\/wp\/v2\/comments?post=37116"}],"version-history":[{"count":1,"href":"https:\/\/euapp01.newsmemory.com\/lamarseillaise\/news\/wp-json\/wp\/v2\/posts\/37116\/revisions"}],"predecessor-version":[{"id":37118,"href":"https:\/\/euapp01.newsmemory.com\/lamarseillaise\/news\/wp-json\/wp\/v2\/posts\/37116\/revisions\/37118"}],"wp:featuredmedia":[{"embeddable":true,"href":"https:\/\/euapp01.newsmemory.com\/lamarseillaise\/news\/wp-json\/wp\/v2\/media\/37117"}],"wp:attachment":[{"href":"https:\/\/euapp01.newsmemory.com\/lamarseillaise\/news\/wp-json\/wp\/v2\/media?parent=37116"}],"wp:term":[{"taxonomy":"category","embeddable":true,"href":"https:\/\/euapp01.newsmemory.com\/lamarseillaise\/news\/wp-json\/wp\/v2\/categories?post=37116"},{"taxonomy":"post_tag","embeddable":true,"href":"https:\/\/euapp01.newsmemory.com\/lamarseillaise\/news\/wp-json\/wp\/v2\/tags?post=37116"},{"taxonomy":"news-destination","embeddable":true,"href":"https:\/\/euapp01.newsmemory.com\/lamarseillaise\/news\/wp-json\/wp\/v2\/news-destination?post=37116"},{"taxonomy":"news-source","embeddable":true,"href":"https:\/\/euapp01.newsmemory.com\/lamarseillaise\/news\/wp-json\/wp\/v2\/news-source?post=37116"},{"taxonomy":"is_homepage","embeddable":true,"href":"https:\/\/euapp01.newsmemory.com\/lamarseillaise\/news\/wp-json\/wp\/v2\/is_homepage?post=37116"},{"taxonomy":"ta_other","embeddable":true,"href":"https:\/\/euapp01.newsmemory.com\/lamarseillaise\/news\/wp-json\/wp\/v2\/ta_other?post=37116"}],"curies":[{"name":"wp","href":"https:\/\/api.w.org\/{rel}","templated":true}]}}