{"id":37098,"date":"2026-07-22T08:01:00","date_gmt":"2026-07-22T06:01:00","guid":{"rendered":"https:\/\/euapp01.newsmemory.com\/lamarseillaise\/news\/?p=37098"},"modified":"2026-07-22T10:12:35","modified_gmt":"2026-07-22T08:12:35","slug":"cest-lete-lecture-la-vie-meilleure-detienne-kern","status":"publish","type":"post","link":"https:\/\/euapp01.newsmemory.com\/lamarseillaise\/news\/2026\/07\/22\/cest-lete-lecture-la-vie-meilleure-detienne-kern\/","title":{"rendered":"[C\u2019est l\u2019\u00e9t\u00e9] Lecture : \u00ab La vie meilleure \u00bb, d\u2019Etienne Kern"},"content":{"rendered":"<div class=\"paragraph\">\n<p>C\u2019est au tour d\u2019\u00c9tienne Kern de retracer un destin exceptionnel, celui d\u2019\u00c9mile Cou\u00e9 (1857-1926), qui ne renia jamais ses origines pl\u00e9b\u00e9iennes, fascina ses contemporains par sa parole des plus encourageantes, et dont la m\u00e9thode \u00ab\u00a0Tous les jours, \u00e0 tous points de vue, je vais de mieux en mieux\u00a0\u00bb, qui apprend \u00e0 nous autosuggestionner, continue d\u2019\u00eatre suivie en chaque coin de notre plan\u00e8te. Nous avons rarement ressenti pareil plaisir \u00e0 tourner les pages d\u2019un livre.<\/p>\n<\/p><\/div>\n<div class=\"paragraph\">\n<p><i>Folio, 9,20 euros<\/i><\/p>\n<\/p><\/div>\n","protected":false},"excerpt":{"rendered":"C&rsquo;est au tour d&rsquo;&Eacute;tienne Kern de retracer un destin exceptionnel, celui d&rsquo;&Eacute;mile Cou&eacute; (1857-1926), qui ne renia jamais ses origines pl&eacute;b&eacute;iennes, fascina ses contemporains par sa parole des plus &#8230;","protected":false},"author":1,"featured_media":37099,"comment_status":"open","ping_status":"open","sticky":false,"template":"","format":"standard","meta":{"footnotes":""},"categories":[32],"tags":[1229,6085,572,1293,1958,1244],"news-destination":[],"news-source":[475],"is_homepage":[],"ta_other":[],"class_list":["post-37098","post","type-post","status-publish","format-standard","has-post-thumbnail","hentry","category-culture","tag-biographie","tag-cest-lete","tag-france","tag-lecture","tag-litterature","tag-livres","news-source-website"],"_links":{"self":[{"href":"https:\/\/euapp01.newsmemory.com\/lamarseillaise\/news\/wp-json\/wp\/v2\/posts\/37098","targetHints":{"allow":["GET"]}}],"collection":[{"href":"https:\/\/euapp01.newsmemory.com\/lamarseillaise\/news\/wp-json\/wp\/v2\/posts"}],"about":[{"href":"https:\/\/euapp01.newsmemory.com\/lamarseillaise\/news\/wp-json\/wp\/v2\/types\/post"}],"author":[{"embeddable":true,"href":"https:\/\/euapp01.newsmemory.com\/lamarseillaise\/news\/wp-json\/wp\/v2\/users\/1"}],"replies":[{"embeddable":true,"href":"https:\/\/euapp01.newsmemory.com\/lamarseillaise\/news\/wp-json\/wp\/v2\/comments?post=37098"}],"version-history":[{"count":1,"href":"https:\/\/euapp01.newsmemory.com\/lamarseillaise\/news\/wp-json\/wp\/v2\/posts\/37098\/revisions"}],"predecessor-version":[{"id":37100,"href":"https:\/\/euapp01.newsmemory.com\/lamarseillaise\/news\/wp-json\/wp\/v2\/posts\/37098\/revisions\/37100"}],"wp:featuredmedia":[{"embeddable":true,"href":"https:\/\/euapp01.newsmemory.com\/lamarseillaise\/news\/wp-json\/wp\/v2\/media\/37099"}],"wp:attachment":[{"href":"https:\/\/euapp01.newsmemory.com\/lamarseillaise\/news\/wp-json\/wp\/v2\/media?parent=37098"}],"wp:term":[{"taxonomy":"category","embeddable":true,"href":"https:\/\/euapp01.newsmemory.com\/lamarseillaise\/news\/wp-json\/wp\/v2\/categories?post=37098"},{"taxonomy":"post_tag","embeddable":true,"href":"https:\/\/euapp01.newsmemory.com\/lamarseillaise\/news\/wp-json\/wp\/v2\/tags?post=37098"},{"taxonomy":"news-destination","embeddable":true,"href":"https:\/\/euapp01.newsmemory.com\/lamarseillaise\/news\/wp-json\/wp\/v2\/news-destination?post=37098"},{"taxonomy":"news-source","embeddable":true,"href":"https:\/\/euapp01.newsmemory.com\/lamarseillaise\/news\/wp-json\/wp\/v2\/news-source?post=37098"},{"taxonomy":"is_homepage","embeddable":true,"href":"https:\/\/euapp01.newsmemory.com\/lamarseillaise\/news\/wp-json\/wp\/v2\/is_homepage?post=37098"},{"taxonomy":"ta_other","embeddable":true,"href":"https:\/\/euapp01.newsmemory.com\/lamarseillaise\/news\/wp-json\/wp\/v2\/ta_other?post=37098"}],"curies":[{"name":"wp","href":"https:\/\/api.w.org\/{rel}","templated":true}]}}