{"id":37095,"date":"2026-07-22T08:03:00","date_gmt":"2026-07-22T06:03:00","guid":{"rendered":"https:\/\/euapp01.newsmemory.com\/lamarseillaise\/news\/?p=37095"},"modified":"2026-07-22T10:12:35","modified_gmt":"2026-07-22T08:12:35","slug":"cest-lete-a-banon-une-programmation-riche-pour-la-librairie-le-bleuet","status":"publish","type":"post","link":"https:\/\/euapp01.newsmemory.com\/lamarseillaise\/news\/2026\/07\/22\/cest-lete-a-banon-une-programmation-riche-pour-la-librairie-le-bleuet\/","title":{"rendered":"[C\u2019est l\u2019\u00e9t\u00e9] \u00c0 Banon, une programmation riche pour la librairie Le Bleuet"},"content":{"rendered":"<div class=\"paragraph\">\n<p>Samedi, \u00e0 20h, l\u2019acteur Andr\u00e9 Marcon y rendra hommage \u00e0 l\u2019auteur, metteur en sc\u00e8ne et peintre Val\u00e8re Novarina, disparu en janvier 2026. Mardi, \u00e0 17h, une sieste litt\u00e9raire y sera propos\u00e9e avec deux libraires qui liront un ouvrage de Maylis de Kerangal. Mercredi, \u00e0 19h, le vernissage de l\u2019exposition de photographies \u00ab\u00a0Le Tri\u00e8ves et Giono\u00a0\u00bb et du diaporama \u00ab\u00a0portraits in\u00e9dits et insolites de Giono\u00a0\u00bb aura lieu, en ouverture des Rencontres Giono 2026. L\u2019exposition Monts et merveilles est par ailleurs toujours visible jusqu\u2019\u00e0 mardi, dans le cadre du festival \u00ab\u00a0Trouver Refuges, montages et transitions\u00a0\u00bb.<\/p>\n<\/p><\/div>\n","protected":false},"excerpt":{"rendered":"Samedi, &agrave; 20h, l&rsquo;acteur Andr&eacute; Marcon y rendra hommage &agrave; l&rsquo;auteur, metteur en sc&egrave;ne et peintre Val&egrave;re Novarina, disparu en janvier 2026. Mardi, &agrave; 17h, une sieste litt&eacute;raire y sera &#8230;","protected":false},"author":1,"featured_media":37096,"comment_status":"open","ping_status":"open","sticky":false,"template":"","format":"standard","meta":{"footnotes":""},"categories":[32],"tags":[4768,4467,1995,6085,3251,279,754,329,389,3230,1293,2638,1645,3978,1958,1244,263,997,1698],"news-destination":[],"news-source":[475],"is_homepage":[],"ta_other":[],"class_list":["post-37095","post","type-post","status-publish","format-standard","has-post-thumbnail","hentry","category-culture","tag-alpes","tag-alpes-de-haute-provence","tag-bibliotheques","tag-cest-lete","tag-expo-photo","tag-exposition","tag-familles","tag-festival","tag-hommage","tag-jean-giono","tag-lecture","tag-libraire","tag-librairie","tag-librairies","tag-litterature","tag-livres","tag-photographie","tag-programmation","tag-saison-estivale","news-source-website"],"_links":{"self":[{"href":"https:\/\/euapp01.newsmemory.com\/lamarseillaise\/news\/wp-json\/wp\/v2\/posts\/37095","targetHints":{"allow":["GET"]}}],"collection":[{"href":"https:\/\/euapp01.newsmemory.com\/lamarseillaise\/news\/wp-json\/wp\/v2\/posts"}],"about":[{"href":"https:\/\/euapp01.newsmemory.com\/lamarseillaise\/news\/wp-json\/wp\/v2\/types\/post"}],"author":[{"embeddable":true,"href":"https:\/\/euapp01.newsmemory.com\/lamarseillaise\/news\/wp-json\/wp\/v2\/users\/1"}],"replies":[{"embeddable":true,"href":"https:\/\/euapp01.newsmemory.com\/lamarseillaise\/news\/wp-json\/wp\/v2\/comments?post=37095"}],"version-history":[{"count":1,"href":"https:\/\/euapp01.newsmemory.com\/lamarseillaise\/news\/wp-json\/wp\/v2\/posts\/37095\/revisions"}],"predecessor-version":[{"id":37097,"href":"https:\/\/euapp01.newsmemory.com\/lamarseillaise\/news\/wp-json\/wp\/v2\/posts\/37095\/revisions\/37097"}],"wp:featuredmedia":[{"embeddable":true,"href":"https:\/\/euapp01.newsmemory.com\/lamarseillaise\/news\/wp-json\/wp\/v2\/media\/37096"}],"wp:attachment":[{"href":"https:\/\/euapp01.newsmemory.com\/lamarseillaise\/news\/wp-json\/wp\/v2\/media?parent=37095"}],"wp:term":[{"taxonomy":"category","embeddable":true,"href":"https:\/\/euapp01.newsmemory.com\/lamarseillaise\/news\/wp-json\/wp\/v2\/categories?post=37095"},{"taxonomy":"post_tag","embeddable":true,"href":"https:\/\/euapp01.newsmemory.com\/lamarseillaise\/news\/wp-json\/wp\/v2\/tags?post=37095"},{"taxonomy":"news-destination","embeddable":true,"href":"https:\/\/euapp01.newsmemory.com\/lamarseillaise\/news\/wp-json\/wp\/v2\/news-destination?post=37095"},{"taxonomy":"news-source","embeddable":true,"href":"https:\/\/euapp01.newsmemory.com\/lamarseillaise\/news\/wp-json\/wp\/v2\/news-source?post=37095"},{"taxonomy":"is_homepage","embeddable":true,"href":"https:\/\/euapp01.newsmemory.com\/lamarseillaise\/news\/wp-json\/wp\/v2\/is_homepage?post=37095"},{"taxonomy":"ta_other","embeddable":true,"href":"https:\/\/euapp01.newsmemory.com\/lamarseillaise\/news\/wp-json\/wp\/v2\/ta_other?post=37095"}],"curies":[{"name":"wp","href":"https:\/\/api.w.org\/{rel}","templated":true}]}}