{"id":37089,"date":"2026-07-22T07:46:00","date_gmt":"2026-07-22T05:46:00","guid":{"rendered":"https:\/\/euapp01.newsmemory.com\/lamarseillaise\/news\/?p=37089"},"modified":"2026-07-22T10:12:35","modified_gmt":"2026-07-22T08:12:35","slug":"dans-les-alpes-le-secteur-du-bois-noir-en-feu","status":"publish","type":"post","link":"https:\/\/euapp01.newsmemory.com\/lamarseillaise\/news\/2026\/07\/22\/dans-les-alpes-le-secteur-du-bois-noir-en-feu\/","title":{"rendered":"Dans les Alpes, le secteur du Bois noir en feu"},"content":{"rendered":"<div class=\"paragraph\">\n<p>\u00ab <i>L<\/i><i>e feu s\u2019est d\u00e9clar\u00e9 dans une zone de montagne particuli\u00e8rement escarp\u00e9e, au pied et sur une barre rocheuse, rendant son acc\u00e8s impossible aux v\u00e9hicules des sapeurs-pompiers. Les conditions d\u2019intervention de moyens terrestres et a\u00e9riens sont rendues particuli\u00e8rement complexes par la topographie des lieux et le vent dominant de secteur sud-est, qui favorise la progression du feu vers la cr\u00eate<\/i><i>\u00a0<\/i><i>\u00bb, <\/i>pr\u00e9cise la pr\u00e9fecture des Hautes-Alpes.<\/p>\n<\/p><\/div>\n<div class=\"intext\"> 96 sapeurs-pompiers mobilis\u00e9s\n              <\/div>\n<div class=\"paragraph\">\n<p>L\u2019incendie s\u2019est poursuivi durant la nuit de lundi \u00e0 mardi. Il a d\u00e9j\u00e0 ravag\u00e9 quelque 150\u00a0hectares. D\u2019importants moyens sont mobilis\u00e9s\u00a0: 96\u00a0sapeurs-pompiers. Sur BFM, le pr\u00e9fet des Hautes-Alpes, Philippe Bailb\u00e9 a annonc\u00e9 que le <i>\u00ab<\/i><i>\u00a0<\/i><i>r\u00e9pit<\/i><i>\u00a0<\/i><i>\u00bb<\/i> est attendu samedi, avec des orages attendus. Le feu <i>\u00ab<\/i><i>\u00a0<\/i><i>est aliment\u00e9 de la fin de matin\u00e9e jusqu\u2019\u00e0 la fin de journ\u00e9e par un vent thermique qui le relance apr\u00e8s qu\u2019il s\u2019est apais\u00e9 dans le courant de la nuit<\/i><i>\u00a0<\/i><i>\u00bb, <\/i>a-t-il pr\u00e9cis\u00e9 lors d\u2019un point presse, mardi apr\u00e8s-midi. La situation m\u00e9t\u00e9o restera la m\u00eame jusqu\u2019\u00e0 la fin de semaine. <i>\u00ab<\/i><i>\u00a0<\/i><i>Nous sommes dans des conditions qui sont tr\u00e8s propices au feu<\/i><i>\u00a0<\/i><i>\u00bb<\/i>, \u00e0 savoir des temp\u00e9ratures \u00e9lev\u00e9es, une faible humidit\u00e9 et des rafales de vent. <i>\u00ab<\/i><i>\u00a0<\/i><i>L\u2019enjeu, pendant ces trois jours qui nous s\u00e9parent de samedi, va \u00eatre de contenir le feu sur les flancs et sur le plateau. Nous devrions avoir du r\u00e9pit samedi et c\u2019est \u00e0 ce moment-l\u00e0 que l\u2019on pourra envisager de concentrer des moyens suppl\u00e9mentaires contre le feu sur le plateau.<\/i><i>\u00a0<\/i><i>\u00bb <\/i><\/p>\n<\/p><\/div>\n","protected":false},"excerpt":{"rendered":"&laquo; Le feu s&rsquo;est d&eacute;clar&eacute; dans une zone de montagne particuli&egrave;rement escarp&eacute;e, au pied et sur une barre rocheuse, rendant son acc&egrave;s impossible aux v&eacute;hicules des sapeurs-pompiers. Les conditions &#8230;","protected":false},"author":1,"featured_media":37090,"comment_status":"open","ping_status":"open","sticky":false,"template":"","format":"standard","meta":{"footnotes":""},"categories":[20],"tags":[4768,316,1673,418,4468,319,1396,3415,320,419,222,1674,160],"news-destination":[],"news-source":[475],"is_homepage":[],"ta_other":[],"class_list":["post-37089","post","type-post","status-publish","format-standard","has-post-thumbnail","hentry","category-societe","tag-alpes","tag-feu-de-foret","tag-feux","tag-foret","tag-hautes-alpes","tag-incendie","tag-incendies","tag-montagne","tag-pompiers","tag-rechauffement-climatique","tag-region-sud-paca","tag-sapeurs-pompiers","tag-vegetation","news-source-website"],"_links":{"self":[{"href":"https:\/\/euapp01.newsmemory.com\/lamarseillaise\/news\/wp-json\/wp\/v2\/posts\/37089","targetHints":{"allow":["GET"]}}],"collection":[{"href":"https:\/\/euapp01.newsmemory.com\/lamarseillaise\/news\/wp-json\/wp\/v2\/posts"}],"about":[{"href":"https:\/\/euapp01.newsmemory.com\/lamarseillaise\/news\/wp-json\/wp\/v2\/types\/post"}],"author":[{"embeddable":true,"href":"https:\/\/euapp01.newsmemory.com\/lamarseillaise\/news\/wp-json\/wp\/v2\/users\/1"}],"replies":[{"embeddable":true,"href":"https:\/\/euapp01.newsmemory.com\/lamarseillaise\/news\/wp-json\/wp\/v2\/comments?post=37089"}],"version-history":[{"count":1,"href":"https:\/\/euapp01.newsmemory.com\/lamarseillaise\/news\/wp-json\/wp\/v2\/posts\/37089\/revisions"}],"predecessor-version":[{"id":37091,"href":"https:\/\/euapp01.newsmemory.com\/lamarseillaise\/news\/wp-json\/wp\/v2\/posts\/37089\/revisions\/37091"}],"wp:featuredmedia":[{"embeddable":true,"href":"https:\/\/euapp01.newsmemory.com\/lamarseillaise\/news\/wp-json\/wp\/v2\/media\/37090"}],"wp:attachment":[{"href":"https:\/\/euapp01.newsmemory.com\/lamarseillaise\/news\/wp-json\/wp\/v2\/media?parent=37089"}],"wp:term":[{"taxonomy":"category","embeddable":true,"href":"https:\/\/euapp01.newsmemory.com\/lamarseillaise\/news\/wp-json\/wp\/v2\/categories?post=37089"},{"taxonomy":"post_tag","embeddable":true,"href":"https:\/\/euapp01.newsmemory.com\/lamarseillaise\/news\/wp-json\/wp\/v2\/tags?post=37089"},{"taxonomy":"news-destination","embeddable":true,"href":"https:\/\/euapp01.newsmemory.com\/lamarseillaise\/news\/wp-json\/wp\/v2\/news-destination?post=37089"},{"taxonomy":"news-source","embeddable":true,"href":"https:\/\/euapp01.newsmemory.com\/lamarseillaise\/news\/wp-json\/wp\/v2\/news-source?post=37089"},{"taxonomy":"is_homepage","embeddable":true,"href":"https:\/\/euapp01.newsmemory.com\/lamarseillaise\/news\/wp-json\/wp\/v2\/is_homepage?post=37089"},{"taxonomy":"ta_other","embeddable":true,"href":"https:\/\/euapp01.newsmemory.com\/lamarseillaise\/news\/wp-json\/wp\/v2\/ta_other?post=37089"}],"curies":[{"name":"wp","href":"https:\/\/api.w.org\/{rel}","templated":true}]}}