{"id":37086,"date":"2026-07-22T07:45:00","date_gmt":"2026-07-22T05:45:00","guid":{"rendered":"https:\/\/euapp01.newsmemory.com\/lamarseillaise\/news\/?p=37086"},"modified":"2026-07-29T07:27:06","modified_gmt":"2026-07-29T05:27:06","slug":"aux-arcs-un-soulagement-mesure-apres-la-fixation-de-lincendie","status":"publish","type":"post","link":"https:\/\/euapp01.newsmemory.com\/lamarseillaise\/news\/2026\/07\/22\/aux-arcs-un-soulagement-mesure-apres-la-fixation-de-lincendie\/","title":{"rendered":"Aux Arcs, un soulagement mesur\u00e9 apr\u00e8s la fixation de l\u2019incendie"},"content":{"rendered":"<div class=\"paragraph\">\n<p>Mardi matin, c\u2019est un sentiment \u00ab\u00a0<i>d\u2019apaisement<\/i>\u00a0\u00bb qui animait le maire (DVC) des Arcs-sur-Argens, Marcel Florent, apr\u00e8s <a rel=\"noopener noreferrer\" href=\"https:\/\/www.lamarseillaise.fr\/societe\/le-feu-a-ete-fixe-mais-la-vigilance-reste-maximale-HG20515727\" target=\"_blank\">la fixation, lundi soir, de l\u2019incendie qui a parcouru 200\u00a0hectares sur sa commune et celle de Taradeau<\/a>. Pendant pr\u00e8s de 48h, il a, avec son \u00e9quipe, particip\u00e9 \u00e0 l\u2019appui du Sdis 83 (fourniture de repas, mise \u00e0 disposition de douches, aide aux \u00e9vacuations&#8230;) tout en se mobilisant pour ses administr\u00e9s. Ex-sapeur-pompier, il est rompu \u00e0 ces moments o\u00f9 chaque minute compte, comme ce fut d\u00e9j\u00e0 le cas aux Arcs, en 2003, lorsqu\u2019un feu s\u2019\u00e9tait d\u00e9clar\u00e9 \u00ab\u00a0<i>d\u00e9j\u00e0 sur la colline de Taradeau, suivant le m\u00eame chemin que dimanche, \u00e0 part qu\u2019il n\u2019avait pas touch\u00e9 les maisons<\/i>\u00a0\u00bb, se rem\u00e9more-t-il.<\/p>\n<p>Des habitations depuis lesquelles il a assist\u00e9, alors qu\u2019il participait aux \u00e9vacuations des habitants dimanche, au passage \u00ab\u00a0<i>d\u2019une boule de feu<\/i>\u00a0\u00bb, d\u00e9crit-il, qui \u00ab\u00a0<i>a transperc\u00e9 sur 200 \u00e0 300<\/i><i>\u00a0<\/i><i>m\u00e8tres les villas des quartiers r\u00e9sidentiels de la partie haute de la ville<\/i>\u00a0\u00bb, avant de mettre feu \u00e0 des v\u00e9g\u00e9taux dans la for\u00eat environnante. Le bilan reste limit\u00e9\u00a0: onze habitations endommag\u00e9es, quatre d\u00e9truites, et onze familles relog\u00e9es. Les habitants sont appel\u00e9s \u00e0 se signaler pour recenser les d\u00e9g\u00e2ts, alors qu\u2019un assureur va \u00e9pauler la municipalit\u00e9 pour la prise en charge des sinistres. Une demande de reconnaissance de l\u2019\u00e9tat de catastrophe naturelle a par ailleurs \u00e9t\u00e9 adress\u00e9e \u00e0 la pr\u00e9fecture. \u00ab\u00a0<i>Les pompiers ont sauv\u00e9 une centaine de maisons. Ils ont mis le paquet d\u00e8s le d\u00e9part et ont \u00e9t\u00e9 d\u2019une grande efficacit\u00e9<\/i>\u00a0\u00bb, salue Marcel Florent.<\/p>\n<\/p><\/div>\n<div class=\"intext\"> Le vent ne va pas s\u2019arr\u00eater\n              <\/div>\n<div class=\"paragraph\">\n<p>Toute la nuit durant, ces derniers ont r\u00e9alis\u00e9 \u00ab\u00a0<i>un travail de fourmis afin d\u2019aller sur chaque point chaud, chaque lisi\u00e8re pour qu\u2019on ait tr\u00e8s peu ou pas de risque de reprise de feu en limite de celles-ci<\/i>\u00a0\u00bb, d\u00e9crit le lieutenant-colonel Fran\u00e7ois Barretti. Car les conditions annonc\u00e9es ce mardi, entre vent chaud et hygrom\u00e9trie (humidit\u00e9 de l\u2019air) tr\u00e8s faible, autour de 15% contre 40 \u00e0 60% en temps normal, \u00e9taient particuli\u00e8rement d\u00e9favorables. Les op\u00e9rations de noyage se sont ainsi poursuivies durant la matin\u00e9e gr\u00e2ce \u00e0 220\u00a0sapeurs-pompiers, mais ont \u00e9t\u00e9 largement ralenties suite au d\u00e9part de feu d\u00e9plor\u00e9 \u00e0 Pont\u00e9v\u00e8s \u00e0 la mi-journ\u00e9e.<\/p>\n<p>Il convient d\u00e9sormais, dans une saison record (42\u00a0000\u00a0hectares br\u00fbl\u00e9s en France depuis d\u00e9but 2026), et alors que le vent va continuer de souffler en fin de semaine, d\u2019am\u00e9liorer, \u00e0 court terme, ce qui peut l\u2019\u00eatre, en attendant des politiques plus engageantes vis-\u00e0-vis du changement climatique. \u00ab\u00a0<i>Il faut prendre toutes les pr\u00e9cautions<\/i><i>\u00a0<\/i><i>: am\u00e9liorer le d\u00e9broussaillement notamment sur les haies de r\u00e9sineux, \u00e9laguer les branches qui passent au-dessus des habitations, et \u00e0 moyen terme, mettre des sens uniques dans des chemins tr\u00e8s \u00e9troits pour favoriser l\u2019acc\u00e8s des pompiers<\/i>\u00a0\u00bb, soumet le pr\u00e9sident (LR) du conseil d\u00e9partemental, Jean-Louis Masson.<\/p>\n<\/p><\/div>\n","protected":false},"excerpt":{"rendered":"Mardi matin, c&rsquo;est un sentiment &laquo;&nbsp;d&rsquo;apaisement&nbsp;&raquo; qui animait le maire (DVC) des Arcs-sur-Argens, Marcel Florent, apr&egrave;s la fixation, lundi soir, de l&rsquo;incendie qui a parcouru 200&nbsp;hectares sur sa &#8230;","protected":false},"author":1,"featured_media":37087,"comment_status":"open","ping_status":"open","sticky":false,"template":"","format":"standard","meta":{"footnotes":""},"categories":[3926,3925,333,20],"tags":[1924,207,1551,513,2132,318,316,1673,4015,418,106,319,1396,3288,6079,2471,1674,6003,6128,31,2674],"news-destination":[3944],"news-source":[475],"is_homepage":[],"ta_other":[],"class_list":["post-37086","post","type-post","status-publish","format-standard","has-post-thumbnail","hentry","category-accueil-merge","category-accueil-third","category-environnement","category-societe","tag-catastrophe-naturelle","tag-changement-climatique","tag-chaud","tag-communes","tag-degats","tag-feu","tag-feu-de-foret","tag-feux","tag-feux-de-foret","tag-foret","tag-habitants","tag-incendie","tag-incendies","tag-jean-louis-masson","tag-les-arcs","tag-prise-en-charge","tag-sapeurs-pompiers","tag-sdis-83","tag-taradeau","tag-var","tag-vent","news-destination-homepage","news-source-website"],"_links":{"self":[{"href":"https:\/\/euapp01.newsmemory.com\/lamarseillaise\/news\/wp-json\/wp\/v2\/posts\/37086","targetHints":{"allow":["GET"]}}],"collection":[{"href":"https:\/\/euapp01.newsmemory.com\/lamarseillaise\/news\/wp-json\/wp\/v2\/posts"}],"about":[{"href":"https:\/\/euapp01.newsmemory.com\/lamarseillaise\/news\/wp-json\/wp\/v2\/types\/post"}],"author":[{"embeddable":true,"href":"https:\/\/euapp01.newsmemory.com\/lamarseillaise\/news\/wp-json\/wp\/v2\/users\/1"}],"replies":[{"embeddable":true,"href":"https:\/\/euapp01.newsmemory.com\/lamarseillaise\/news\/wp-json\/wp\/v2\/comments?post=37086"}],"version-history":[{"count":1,"href":"https:\/\/euapp01.newsmemory.com\/lamarseillaise\/news\/wp-json\/wp\/v2\/posts\/37086\/revisions"}],"predecessor-version":[{"id":37088,"href":"https:\/\/euapp01.newsmemory.com\/lamarseillaise\/news\/wp-json\/wp\/v2\/posts\/37086\/revisions\/37088"}],"wp:featuredmedia":[{"embeddable":true,"href":"https:\/\/euapp01.newsmemory.com\/lamarseillaise\/news\/wp-json\/wp\/v2\/media\/37087"}],"wp:attachment":[{"href":"https:\/\/euapp01.newsmemory.com\/lamarseillaise\/news\/wp-json\/wp\/v2\/media?parent=37086"}],"wp:term":[{"taxonomy":"category","embeddable":true,"href":"https:\/\/euapp01.newsmemory.com\/lamarseillaise\/news\/wp-json\/wp\/v2\/categories?post=37086"},{"taxonomy":"post_tag","embeddable":true,"href":"https:\/\/euapp01.newsmemory.com\/lamarseillaise\/news\/wp-json\/wp\/v2\/tags?post=37086"},{"taxonomy":"news-destination","embeddable":true,"href":"https:\/\/euapp01.newsmemory.com\/lamarseillaise\/news\/wp-json\/wp\/v2\/news-destination?post=37086"},{"taxonomy":"news-source","embeddable":true,"href":"https:\/\/euapp01.newsmemory.com\/lamarseillaise\/news\/wp-json\/wp\/v2\/news-source?post=37086"},{"taxonomy":"is_homepage","embeddable":true,"href":"https:\/\/euapp01.newsmemory.com\/lamarseillaise\/news\/wp-json\/wp\/v2\/is_homepage?post=37086"},{"taxonomy":"ta_other","embeddable":true,"href":"https:\/\/euapp01.newsmemory.com\/lamarseillaise\/news\/wp-json\/wp\/v2\/ta_other?post=37086"}],"curies":[{"name":"wp","href":"https:\/\/api.w.org\/{rel}","templated":true}]}}