{"id":37083,"date":"2026-07-22T07:28:00","date_gmt":"2026-07-22T05:28:00","guid":{"rendered":"https:\/\/euapp01.newsmemory.com\/lamarseillaise\/news\/?p=37083"},"modified":"2026-07-28T09:08:21","modified_gmt":"2026-07-28T07:08:21","slug":"la-cgt-de-lhopital-de-manosque-deplore-les-mesures-deconomie","status":"publish","type":"post","link":"https:\/\/euapp01.newsmemory.com\/lamarseillaise\/news\/2026\/07\/22\/la-cgt-de-lhopital-de-manosque-deplore-les-mesures-deconomie\/","title":{"rendered":"La CGT de l\u2019h\u00f4pital de Manosque d\u00e9plore les mesures d\u2019\u00e9conomie"},"content":{"rendered":"<div class=\"paragraph\">\n<p>L<i>e personnel n\u2019est pas responsable des difficult\u00e9s financi\u00e8res de l\u2019\u00e9tablissement et refuse toute mesure impactant n\u00e9gativement ses conditions de travail, sa sant\u00e9 et les soins qu\u2019il prodigue<\/i><i>\u00a0<\/i>\u00bb\u00a0: dans un communiqu\u00e9 diffus\u00e9 lundi soir, la CGT de l\u2019h\u00f4pital de Manosque d\u00e9plore la strat\u00e9gie d\u2019\u00e9conomies et de \u00ab\u00a0<i>r\u00e9duction d\u2019effectif<\/i><i>\u00a0<\/i>\u00bb envisag\u00e9e par la direction, qui a annonc\u00e9 de nombreuses \u00ab\u00a0<i>r\u00e9organisations<\/i><i>\u00a0<\/i>\u00bb ces derni\u00e8res semaines. \u00ab\u00a0<i>Comment peut-on pr\u00e9tendre d\u00e9velopper l\u2019activit\u00e9 de l\u2019h\u00f4pital avec toujours moins de personnel<\/i><i>\u00a0<\/i><i>?<\/i><i>\u00a0<\/i>\u00bb, s\u2019interroge le syndicat, alors que Camille Galtier (DVD) vient d\u2019\u00eatre r\u00e9\u00e9lu pr\u00e9sident du conseil de surveillance et a indiqu\u00e9 souhaiter rencontrer les syndicats avant la rentr\u00e9e.<\/p>\n<p>L\u2019h\u00f4pital est \u00ab\u00a0<i>confront\u00e9 \u00e0 une situation financi\u00e8re fortement d\u00e9grad\u00e9e<\/i><i>\u00a0<\/i>\u00bb, avec \u00ab\u00a0<i>un niveau d\u2019endettement \u00e9lev\u00e9 et une trajectoire d\u00e9ficitaire persistante<\/i><i>\u00a0<\/i>\u00bb, explique la direction, qui annonce une r\u00e9union, d\u00e9but septembre, pour pr\u00e9senter le plan d\u2019efficience aux cadres. Elle nie tout plan de licenciement, mais reconna\u00eet \u00ab\u00a0<i>des d\u00e9parts non remplac\u00e9s<\/i><i>\u00a0<\/i>\u00bb. Selon la CGT, \u00ab\u00a0<i>l\u2019\u00e9tablissement doit d\u00e9j\u00e0 pr\u00e8s de 30<\/i><i>\u00a0<\/i><i>000<\/i><i>\u00a0<\/i><i>heures de travail non r\u00e9cup\u00e9r\u00e9es aux agents, les \u00e9quipes travaillent en sous-effectif<\/i><i>\u00a0<\/i>\u00bb et \u00ab\u00a0<i>les absences sont de moins en moins remplac\u00e9es<\/i><i>\u00a0<\/i>\u00bb.<\/p>\n<p>En cons\u00e9quence, le syndicat appelle \u00e0 une journ\u00e9e de mobilisation et de gr\u00e8ve le 15 septembre, en attendant le prochain conseil de surveillance du 9\u00a0octobre, \u00ab\u00a0<i>o\u00f9 un plan social d\u00e9finitif doit \u00eatre pr\u00e9sent\u00e9 par la direction<\/i><i>\u00a0<\/i>\u00bb, selon la CGT.<\/p>\n<\/p><\/div>\n","protected":false},"excerpt":{"rendered":"Le personnel n&rsquo;est pas responsable des difficult&eacute;s financi&egrave;res de l&rsquo;&eacute;tablissement et refuse toute mesure impactant n&eacute;gativement ses conditions de travail, sa sant&eacute; et les soins qu&rsquo;il &#8230;","protected":false},"author":1,"featured_media":37084,"comment_status":"open","ping_status":"open","sticky":false,"template":"","format":"standard","meta":{"footnotes":""},"categories":[3926,3925,331],"tags":[4768,4467,195,1862,876,1501,361,134,6144,256,194,51,2555],"news-destination":[3944],"news-source":[475],"is_homepage":[],"ta_other":[],"class_list":["post-37083","post","type-post","status-publish","format-standard","has-post-thumbnail","hentry","category-accueil-merge","category-accueil-third","category-social","tag-alpes","tag-alpes-de-haute-provence","tag-conditions-de-travail","tag-economies","tag-greve","tag-hopital","tag-hopital-public","tag-mobilisation","tag-reduction-deffectifs","tag-sante","tag-social","tag-societe","tag-suppressions-de-postes","news-destination-homepage","news-source-website"],"_links":{"self":[{"href":"https:\/\/euapp01.newsmemory.com\/lamarseillaise\/news\/wp-json\/wp\/v2\/posts\/37083","targetHints":{"allow":["GET"]}}],"collection":[{"href":"https:\/\/euapp01.newsmemory.com\/lamarseillaise\/news\/wp-json\/wp\/v2\/posts"}],"about":[{"href":"https:\/\/euapp01.newsmemory.com\/lamarseillaise\/news\/wp-json\/wp\/v2\/types\/post"}],"author":[{"embeddable":true,"href":"https:\/\/euapp01.newsmemory.com\/lamarseillaise\/news\/wp-json\/wp\/v2\/users\/1"}],"replies":[{"embeddable":true,"href":"https:\/\/euapp01.newsmemory.com\/lamarseillaise\/news\/wp-json\/wp\/v2\/comments?post=37083"}],"version-history":[{"count":1,"href":"https:\/\/euapp01.newsmemory.com\/lamarseillaise\/news\/wp-json\/wp\/v2\/posts\/37083\/revisions"}],"predecessor-version":[{"id":37085,"href":"https:\/\/euapp01.newsmemory.com\/lamarseillaise\/news\/wp-json\/wp\/v2\/posts\/37083\/revisions\/37085"}],"wp:featuredmedia":[{"embeddable":true,"href":"https:\/\/euapp01.newsmemory.com\/lamarseillaise\/news\/wp-json\/wp\/v2\/media\/37084"}],"wp:attachment":[{"href":"https:\/\/euapp01.newsmemory.com\/lamarseillaise\/news\/wp-json\/wp\/v2\/media?parent=37083"}],"wp:term":[{"taxonomy":"category","embeddable":true,"href":"https:\/\/euapp01.newsmemory.com\/lamarseillaise\/news\/wp-json\/wp\/v2\/categories?post=37083"},{"taxonomy":"post_tag","embeddable":true,"href":"https:\/\/euapp01.newsmemory.com\/lamarseillaise\/news\/wp-json\/wp\/v2\/tags?post=37083"},{"taxonomy":"news-destination","embeddable":true,"href":"https:\/\/euapp01.newsmemory.com\/lamarseillaise\/news\/wp-json\/wp\/v2\/news-destination?post=37083"},{"taxonomy":"news-source","embeddable":true,"href":"https:\/\/euapp01.newsmemory.com\/lamarseillaise\/news\/wp-json\/wp\/v2\/news-source?post=37083"},{"taxonomy":"is_homepage","embeddable":true,"href":"https:\/\/euapp01.newsmemory.com\/lamarseillaise\/news\/wp-json\/wp\/v2\/is_homepage?post=37083"},{"taxonomy":"ta_other","embeddable":true,"href":"https:\/\/euapp01.newsmemory.com\/lamarseillaise\/news\/wp-json\/wp\/v2\/ta_other?post=37083"}],"curies":[{"name":"wp","href":"https:\/\/api.w.org\/{rel}","templated":true}]}}