{"id":37077,"date":"2026-07-22T07:35:00","date_gmt":"2026-07-22T05:35:00","guid":{"rendered":"https:\/\/euapp01.newsmemory.com\/lamarseillaise\/news\/?p=37077"},"modified":"2026-07-29T07:27:06","modified_gmt":"2026-07-29T05:27:06","slug":"cest-lete-au-centre-social-la-martine-a-marseille-on-reste-ouvert-en-aout-une-premiere","status":"publish","type":"post","link":"https:\/\/euapp01.newsmemory.com\/lamarseillaise\/news\/2026\/07\/22\/cest-lete-au-centre-social-la-martine-a-marseille-on-reste-ouvert-en-aout-une-premiere\/","title":{"rendered":"[C\u2019est l\u2019\u00e9t\u00e9] Au centre social La Martine \u00e0 Marseille, on reste ouvert en ao\u00fbt, une premi\u00e8re"},"content":{"rendered":"<div class=\"paragraph\">\n<p>Pour la premi\u00e8re fois de son histoire, le centre social de La Martine (15<sup>e<\/sup>) ne fermera pas au mois d\u2019ao\u00fbt, cette ann\u00e9e, comme 42\u00a0autres structures r\u00e9parties dans tous les arrondissements de Marseille gr\u00e2ce au d\u00e9blocage d\u2019une enveloppe de 551\u00a0000\u00a0euros, r\u00e9partis entre la pr\u00e9fecture des Bouches-du-Rh\u00f4ne, la CAF, le D\u00e9partement et la Ville de Marseille.<\/p>\n<p>Kader Allem, coordinateur jeunesse au sein du centre, ne cache pas sa satisfaction. Arriv\u00e9 au center social voil\u00e0 deux ans, \u00ab\u00a0<i>je trouvais \u00e7a un petit peu incoh\u00e9rent de ne pas ouvrir \u00e0 cette p\u00e9riode, sans conna\u00eetre encore le quartier, on a une mission de service public<\/i><i>\u00a0<\/i>\u00bb, nous confie-t-il, entour\u00e9 de sa directrice et de No\u00eblle Smith, coordinatrice technique et p\u00e9dagogique des \u00e9quipements sociaux \u00e0 la Ville de Marseille. Il explique que le mois d\u2019ao\u00fbt reste \u00ab<i>\u00a0<\/i><i>un moment tr\u00e8s charni\u00e8re pour les publics qu\u2019on re\u00e7oit, que ce soit les enfants, les ados ou les familles, parce qu\u2019il se joue beaucoup de choses \u00e0 ce moment-l\u00e0 et beaucoup d\u2019\u00e9quipements sociaux sont ferm\u00e9s<\/i>\u00a0\u00bb.<\/p>\n<p>Bien que la Ville \u00ab\u00a0<i>pr\u00e9voit pas mal de choses et d\u2019animations dans les quartiers prioritaires, on va \u00eatre clair, ils se retrouvent dans la gal\u00e8re la plus totale et on est aussi sur des familles qui restent \u00e0 la maison<\/i>\u00a0\u00bb, poursuit-il. Des familles dont les conditions de vie restent compliqu\u00e9es. \u00ab\u00a0<i>Ils n\u2019ont pas de balcon, ils n\u2019ont pas de terrasses, pas des 80<\/i><i>\u00a0<\/i><i>000m<\/i><i><sup>2<\/sup><\/i><i>, hein<\/i>\u00a0\u00bb, ironise Kader. L\u2019\u00e9t\u00e9 creuse les in\u00e9galit\u00e9s. D\u2019autant qu\u2019en ao\u00fbt, les travailleurs sociaux restaient de toute fa\u00e7on \u00e0 disposition des familles, joignables par t\u00e9l\u00e9phone, pour poursuivre l\u2019accompagnement alors que tout est ferm\u00e9. \u00ab\u00a0<i>Il y a des jeunes, par exemple, qui n\u2019ont pas trouv\u00e9 de coll\u00e8ges ou de lyc\u00e9es pour la rentr\u00e9e<\/i><i>\u00a0<\/i>\u00bb, illustre l\u2019\u00e9ducateur.<\/p>\n<\/p><\/div>\n<div class=\"intext\"> \u00ab\u00a0Recr\u00e9er du lien social\u00a0\u00bb\n              <\/div>\n<div class=\"paragraph\">\n<p>\u00ab\u00a0<i>Il y a quelques ann\u00e9es, on entendait parler d\u2019acheter la paix sociale dans les quartiers, de fa\u00e7on g\u00e9n\u00e9rale, quand il y avait une ouverture au mois d\u2019ao\u00fbt<\/i>\u00a0\u00bb, se souvient-il, mais \u00ab\u00a0<i>aujourd\u2019hui, on n\u2019est plus dans \u00e7a. On est vraiment dans une n\u00e9cessit\u00e9, du c\u00f4t\u00e9 des habitants, mais aussi les partenaires, les politiques qui ont compris tout l\u2019int\u00e9r\u00eat d\u2019ouvrir \u00e0 cette p\u00e9riode-l\u00e0<\/i>\u00a0\u00bb, estime Kader.<\/p>\n<p>Le programme de ce mois particulier sera un peu diff\u00e9rend. \u00ab<i>\u00a0<\/i><i>On pr\u00e9voit des animations familiales, interg\u00e9n\u00e9rationnelles, m\u00eame si, bien entendu, il y aura des choses pour les ados, parce que c\u2019est un public sp\u00e9cifique. Mais l\u2019id\u00e9e est de recr\u00e9er aussi du lien social entre les enfants et leurs parents<\/i><i>\u00a0<\/i>\u00bb, pr\u00e9cise Kader. Mais \u00ab\u00a0<i>peu importe le contenu, ce qui compte, c\u2019est surtout la forme, on va \u00eatre en horaire d\u00e9cal\u00e9. Faire beaucoup de choses \u00e0 partir du d\u00e9but, milieu d\u2019apr\u00e8s-midi, jusqu\u2019au d\u00e9but, milieu de soir\u00e9e, pour permettre aux familles qui travaillent aussi de profiter de ces moments-l\u00e0 avec leurs enfants<\/i>\u00a0\u00bb, d\u00e9taille-t-il. Dans la m\u00eame id\u00e9e d\u2019impliquer tout le monde, \u00ab\u00a0<i>on va travailler avec deux associations du quartier, la Martinoise et aussi le club de boules avec qui on va organiser un tournoi de p\u00e9tanque, on ne se voit pas faire sans eux<\/i>\u00a0\u00bb, ajoute-t-il. \u00c0 la Martine, seront aussi accueillis les habitants de Kalliste ou de la Savine. Pour la suite, apr\u00e8s un bilan et une enqu\u00eate de satisfaction, l\u2019exp\u00e9rience pourra \u00eatre reconduite.<\/p>\n<\/p><\/div>\n","protected":false},"excerpt":{"rendered":"Pour la premi&egrave;re fois de son histoire, le centre social de La Martine (15e) ne fermera pas au mois d&rsquo;ao&ucirc;t, cette ann&eacute;e, comme 42&nbsp;autres structures r&eacute;parties dans tous les arrondissements de Marseille gr&acirc;ce &#8230;","protected":false},"author":1,"featured_media":37078,"comment_status":"open","ping_status":"open","sticky":false,"template":"","format":"standard","meta":{"footnotes":""},"categories":[3926,3925,20],"tags":[100,1277,10,6085,501,1774,35,1754,336,290,59,1553,16,1126,269,751,197,99],"news-destination":[3944],"news-source":[475],"is_homepage":[],"ta_other":[],"class_list":["post-37077","post","type-post","status-publish","format-standard","has-post-thumbnail","hentry","category-accueil-merge","category-accueil-third","category-societe","tag-activites","tag-animations","tag-bouches-du-rhone","tag-cest-lete","tag-centre-social","tag-centres-sociaux","tag-culture","tag-equipements","tag-ete","tag-inegalites","tag-jeunes","tag-lien-social","tag-marseille","tag-pedagogique","tag-quartiers-prioritaires","tag-service-public","tag-travailleurs-sociaux","tag-ville-de-marseille","news-destination-homepage","news-source-website"],"_links":{"self":[{"href":"https:\/\/euapp01.newsmemory.com\/lamarseillaise\/news\/wp-json\/wp\/v2\/posts\/37077","targetHints":{"allow":["GET"]}}],"collection":[{"href":"https:\/\/euapp01.newsmemory.com\/lamarseillaise\/news\/wp-json\/wp\/v2\/posts"}],"about":[{"href":"https:\/\/euapp01.newsmemory.com\/lamarseillaise\/news\/wp-json\/wp\/v2\/types\/post"}],"author":[{"embeddable":true,"href":"https:\/\/euapp01.newsmemory.com\/lamarseillaise\/news\/wp-json\/wp\/v2\/users\/1"}],"replies":[{"embeddable":true,"href":"https:\/\/euapp01.newsmemory.com\/lamarseillaise\/news\/wp-json\/wp\/v2\/comments?post=37077"}],"version-history":[{"count":1,"href":"https:\/\/euapp01.newsmemory.com\/lamarseillaise\/news\/wp-json\/wp\/v2\/posts\/37077\/revisions"}],"predecessor-version":[{"id":37079,"href":"https:\/\/euapp01.newsmemory.com\/lamarseillaise\/news\/wp-json\/wp\/v2\/posts\/37077\/revisions\/37079"}],"wp:featuredmedia":[{"embeddable":true,"href":"https:\/\/euapp01.newsmemory.com\/lamarseillaise\/news\/wp-json\/wp\/v2\/media\/37078"}],"wp:attachment":[{"href":"https:\/\/euapp01.newsmemory.com\/lamarseillaise\/news\/wp-json\/wp\/v2\/media?parent=37077"}],"wp:term":[{"taxonomy":"category","embeddable":true,"href":"https:\/\/euapp01.newsmemory.com\/lamarseillaise\/news\/wp-json\/wp\/v2\/categories?post=37077"},{"taxonomy":"post_tag","embeddable":true,"href":"https:\/\/euapp01.newsmemory.com\/lamarseillaise\/news\/wp-json\/wp\/v2\/tags?post=37077"},{"taxonomy":"news-destination","embeddable":true,"href":"https:\/\/euapp01.newsmemory.com\/lamarseillaise\/news\/wp-json\/wp\/v2\/news-destination?post=37077"},{"taxonomy":"news-source","embeddable":true,"href":"https:\/\/euapp01.newsmemory.com\/lamarseillaise\/news\/wp-json\/wp\/v2\/news-source?post=37077"},{"taxonomy":"is_homepage","embeddable":true,"href":"https:\/\/euapp01.newsmemory.com\/lamarseillaise\/news\/wp-json\/wp\/v2\/is_homepage?post=37077"},{"taxonomy":"ta_other","embeddable":true,"href":"https:\/\/euapp01.newsmemory.com\/lamarseillaise\/news\/wp-json\/wp\/v2\/ta_other?post=37077"}],"curies":[{"name":"wp","href":"https:\/\/api.w.org\/{rel}","templated":true}]}}