{"id":37074,"date":"2026-07-22T07:26:00","date_gmt":"2026-07-22T05:26:00","guid":{"rendered":"https:\/\/euapp01.newsmemory.com\/lamarseillaise\/news\/?p=37074"},"modified":"2026-07-28T09:08:34","modified_gmt":"2026-07-28T07:08:34","slug":"cest-lete-passez-un-mercredi-les-pieds-dans-leau-a-la-garde","status":"publish","type":"post","link":"https:\/\/euapp01.newsmemory.com\/lamarseillaise\/news\/2026\/07\/22\/cest-lete-passez-un-mercredi-les-pieds-dans-leau-a-la-garde\/","title":{"rendered":"[C\u2019est l\u2019\u00e9t\u00e9] Passez un mercredi \u00ab&nbsp;les pieds dans l\u2019eau&nbsp;\u00bb \u00e0 La Garde"},"content":{"rendered":"<div class=\"paragraph\">\n<p>C\u2019est une sortie qui invite \u00e0 la d\u00e9couverte et \u00e0 la sensibilisation environnementale. Les participants y apprennent que la nature est fragile, qu\u2019il faut la pr\u00e9server et en prendre soin. Avec l\u2019animation du mercredi, \u00ab\u00a0Les pieds dans l\u2019eau\u00a0\u00bb, propos\u00e9e par le p\u00f4le Var du Naturoscope, les enfants d\u00e8s 3 ans et leurs parents prennent le temps d\u2019observer les petits \u00eatres qui peuplent le littoral.<\/p>\n<p>\u00ab<i>\u00a0<\/i><i>C\u2019est une animation que nous proposons tous les mercredis de l\u2019\u00e9t\u00e9 et qui est importante pour nous parce que nous savons que pendant les vacances, les enfants adorent observer les animaux des rochers en bord de mer. Souventn ils utilisent les \u00e9puisettes pour les attraper d\u2019ailleurs. Or, il faut les manipuler avec pr\u00e9caution<\/i>, explique Marion George, responsable du p\u00f4le Var du Naturoscope et animatrice de la sortie. <i>Notre th\u00e9matique principale, ce sont ces petites b\u00eates que l\u2019on aime observer, toucher aussi tout en \u00e9tant le moins intrusif possible.<\/i><i>\u00a0<\/i>\u00bb<\/p>\n<\/p><\/div>\n<div class=\"intext\"> Comprendre les bons gestes \u00e0 adopter\n              <\/div>\n<div class=\"paragraph\">\n<p>Pendant deux heures et uniquement avec les outils mis \u00e0 leur disposition, petits et grands vont donc pouvoir partir \u00e0 la d\u00e9couverte du petit \u00e9cosyst\u00e8me marin qui borde le littoral de l\u2019Anse Magaud, un site pr\u00e9serv\u00e9 et riche en biodiversit\u00e9. \u00ab\u00a0<i>En r\u00e9alit\u00e9, c\u2019est une sortie tr\u00e8s opportuniste parce qu\u2019on va faire avec ce qu\u2019on a sous les yeux au moment de l\u2019observation. C\u2019est tr\u00e8s p\u00e9dagogique et ludique comme moment, car nous livrons des anecdotes et apprenons aux participants des informations sur les esp\u00e8ces que l\u2019on trouve<\/i><i>\u00a0<\/i>\u00bb, continue-t-elle. La d\u00e9licatesse est donc de mise avec cette balade o\u00f9 il est possible d\u2019attraper avec les doigts et surtout, sans \u00e9puisette les animaux observ\u00e9s, \u00ab<i>\u00a0<\/i><i>bien que le retour \u00e0 l\u2019habitat de d\u00e9part est indispensable<\/i>\u00a0\u00bb. \u00ab<i>\u00a0<\/i><i>C\u2019est un moment tr\u00e8s agr\u00e9able et les enfants comprennent tr\u00e8s bien ce qu\u2019on leur explique, au moins, ils pourront avoir les bons gestes plus tard<\/i><i>\u00a0<\/i>\u00bb, souligne Marion George.<\/p>\n<p>Dans le m\u00eame temps, une randonn\u00e9e subaquatique est propos\u00e9e pour les familles et les enfants d\u00e8s 8\u00a0ans, pour observer les sc\u00e8nes de vie des petits fonds marins.<\/p>\n<\/p><\/div>\n<div class=\"paragraph\">\n<p><i>5 euros par personne <\/i><\/p>\n<\/p><\/div>\n","protected":false},"excerpt":{"rendered":"C&rsquo;est une sortie qui invite &agrave; la d&eacute;couverte et &agrave; la sensibilisation environnementale. Les participants y apprennent que la nature est fragile, qu&rsquo;il faut la pr&eacute;server et en prendre soin. Avec l&rsquo;animation &#8230;","protected":false},"author":1,"featured_media":37075,"comment_status":"open","ping_status":"open","sticky":false,"template":"","format":"standard","meta":{"footnotes":""},"categories":[3926,3925,333,20],"tags":[2873,1307,182,84,6085,5779,57,58,350,109,55,128,938,136,1085,1725,2602,31],"news-destination":[3944],"news-source":[475],"is_homepage":[],"ta_other":[],"class_list":["post-37074","post","type-post","status-publish","format-standard","has-post-thumbnail","hentry","category-accueil-merge","category-accueil-third","category-environnement","category-societe","tag-activites-de-loisirs","tag-animation","tag-animaux","tag-biodiversite","tag-cest-lete","tag-ecosysteme-marins","tag-enfants","tag-famille","tag-la-garde","tag-littoral","tag-loisirs","tag-mediterranee","tag-nature","tag-preservation","tag-sensibilisation","tag-sortie","tag-sorties","tag-var","news-destination-homepage","news-source-website"],"_links":{"self":[{"href":"https:\/\/euapp01.newsmemory.com\/lamarseillaise\/news\/wp-json\/wp\/v2\/posts\/37074","targetHints":{"allow":["GET"]}}],"collection":[{"href":"https:\/\/euapp01.newsmemory.com\/lamarseillaise\/news\/wp-json\/wp\/v2\/posts"}],"about":[{"href":"https:\/\/euapp01.newsmemory.com\/lamarseillaise\/news\/wp-json\/wp\/v2\/types\/post"}],"author":[{"embeddable":true,"href":"https:\/\/euapp01.newsmemory.com\/lamarseillaise\/news\/wp-json\/wp\/v2\/users\/1"}],"replies":[{"embeddable":true,"href":"https:\/\/euapp01.newsmemory.com\/lamarseillaise\/news\/wp-json\/wp\/v2\/comments?post=37074"}],"version-history":[{"count":1,"href":"https:\/\/euapp01.newsmemory.com\/lamarseillaise\/news\/wp-json\/wp\/v2\/posts\/37074\/revisions"}],"predecessor-version":[{"id":37076,"href":"https:\/\/euapp01.newsmemory.com\/lamarseillaise\/news\/wp-json\/wp\/v2\/posts\/37074\/revisions\/37076"}],"wp:featuredmedia":[{"embeddable":true,"href":"https:\/\/euapp01.newsmemory.com\/lamarseillaise\/news\/wp-json\/wp\/v2\/media\/37075"}],"wp:attachment":[{"href":"https:\/\/euapp01.newsmemory.com\/lamarseillaise\/news\/wp-json\/wp\/v2\/media?parent=37074"}],"wp:term":[{"taxonomy":"category","embeddable":true,"href":"https:\/\/euapp01.newsmemory.com\/lamarseillaise\/news\/wp-json\/wp\/v2\/categories?post=37074"},{"taxonomy":"post_tag","embeddable":true,"href":"https:\/\/euapp01.newsmemory.com\/lamarseillaise\/news\/wp-json\/wp\/v2\/tags?post=37074"},{"taxonomy":"news-destination","embeddable":true,"href":"https:\/\/euapp01.newsmemory.com\/lamarseillaise\/news\/wp-json\/wp\/v2\/news-destination?post=37074"},{"taxonomy":"news-source","embeddable":true,"href":"https:\/\/euapp01.newsmemory.com\/lamarseillaise\/news\/wp-json\/wp\/v2\/news-source?post=37074"},{"taxonomy":"is_homepage","embeddable":true,"href":"https:\/\/euapp01.newsmemory.com\/lamarseillaise\/news\/wp-json\/wp\/v2\/is_homepage?post=37074"},{"taxonomy":"ta_other","embeddable":true,"href":"https:\/\/euapp01.newsmemory.com\/lamarseillaise\/news\/wp-json\/wp\/v2\/ta_other?post=37074"}],"curies":[{"name":"wp","href":"https:\/\/api.w.org\/{rel}","templated":true}]}}