{"id":37071,"date":"2026-07-22T07:18:00","date_gmt":"2026-07-22T05:18:00","guid":{"rendered":"https:\/\/euapp01.newsmemory.com\/lamarseillaise\/news\/?p=37071"},"modified":"2026-07-28T09:08:34","modified_gmt":"2026-07-28T07:08:34","slug":"a-avignon-six-mois-de-prison-ferme-pour-insultes-racistes-et-violences","status":"publish","type":"post","link":"https:\/\/euapp01.newsmemory.com\/lamarseillaise\/news\/2026\/07\/22\/a-avignon-six-mois-de-prison-ferme-pour-insultes-racistes-et-violences\/","title":{"rendered":"\u00c0 Avignon, six mois de prison ferme pour insultes racistes et violences"},"content":{"rendered":"<div class=\"paragraph\">\n<p>Christian G., 23\u00a0ans, a \u00e9t\u00e9 condamn\u00e9 par le tribunal d\u2019Avignon \u00e0 six\u00a0mois de prison ferme pour violences aggrav\u00e9es par deux circonstances suivies d\u2019une incapacit\u00e9 n\u2019exc\u00e9dant pas huit jours, violences suivies d\u2019une incapacit\u00e9 sup\u00e9rieure \u00e0 huit jours commises avec une circonstance aggravante et en raison de la race, de l\u2019ethnie, de la nation ou de la religion, ainsi que violences sur un mineur de 15 ans sans incapacit\u00e9. De nationalit\u00e9 italienne, il a \u00e9galement \u00e9t\u00e9 condamn\u00e9 \u00e0 une interdiction du territoire fran\u00e7ais pendant cinq ans \u00e0 l\u2019issue de sa peine.<\/p>\n<p>Le mercredi 27\u00a0mai dernier, deux m\u00e8res de famille, cousines, font leurs courses dans un Carrefour d\u2019Avignon. Alors qu\u2019elles rangent leurs achats, elles autorisent leurs trois filles, \u00e2g\u00e9es de 8 \u00e0 11 ans, \u00e0 aller observer les animaux du cirque install\u00e9 \u00e0 proximit\u00e9. Selon le dossier, en passant devant une caravane, les enfants sont insult\u00e9es \u00e0 plusieurs reprises de \u00ab\u00a0sales n\u00e8gres\u00a0\u00bb par un homme. Paniqu\u00e9es, elles retournent aupr\u00e8s de leurs m\u00e8res, qui d\u00e9cident d\u2019aller confronter Christian G. Toujours selon le dossier, alors qu\u2019elles demandent des explications, l\u2019homme s\u2019emporte et pousse d\u2019abord l\u2019une d\u2019elles au sol, puis frappe les deux m\u00e8res de famille avec ses poings et ses pieds, tout en r\u00e9it\u00e9rant ses insultes racistes. Un coup de chaise est m\u00eame port\u00e9 \u00e0 la t\u00eate de l\u2019une des deux femmes, engendrant une blessure qui a valu dix jours d\u2019ITT. \u00ab\u00a0<i>C\u2019\u00e9tait tellement violent. Les filles doivent voir un psy, car elles ne comprennent pas pourquoi on leur dit des choses comme \u00e7a<\/i><i>\u00a0<\/i>\u00bb, l\u00e2che, en pleurs, l\u2019une des deux mamans \u00e0 la barre.<\/p>\n<p>Deux t\u00e9moins pr\u00e9sents ce jour-l\u00e0, qui n\u2019ont aucun lien avec les deux mamans, vont dans le sens du r\u00e9cit des victimes. De son c\u00f4t\u00e9, le pr\u00e9venu, toujours d\u00e9tenu depuis les faits, a affirm\u00e9 depuis le box qu\u2019il \u00ab\u00a0<i>n\u2019est pas coupable<\/i><i>\u00a0<\/i>\u00bb. Il soutient ensuite que ce sont les deux femmes qui l\u2019auraient insult\u00e9 de \u00ab\u00a0sale gitan\u00a0\u00bb. \u00ab<i>\u00a0<\/i><i>Si je les avais vraiment tap\u00e9es, elles seraient dans le coma<\/i>\u00a0\u00bb, assure-t-il, en rappelant qu\u2019il p\u00e8se 115 kg.<\/p>\n<\/p><\/div>\n<div class=\"intext\"> \u00ab\u00a0Pas dans ces sph\u00e8res\u00a0\u00bb\n              <\/div>\n<div class=\"paragraph\">\n<p>L\u2019avocat des victimes, Ma\u00eetre Paul-Roger Gontard, pointe notamment les cons\u00e9quences pour les m\u00e8res de famille, tel que \u00ab\u00a0<i>devoir accompagner les filles face \u00e0 un cauchemar, une peur, qui n\u2019est que la cons\u00e9quence de ce qui s\u2019est pass\u00e9 ce jour-l\u00e0<\/i><i>\u00a0<\/i>\u00bb. Rappelant l\u2019histoire du terme \u00ab\u00a0n\u00e8gre\u00a0\u00bb, qui \u00ab\u00a0<i>n\u2019a pas \u00e9t\u00e9 invent\u00e9 \u00e0 Avignon en 2026<\/i>\u00a0\u00bb, l\u2019avocat a soulign\u00e9 qu\u2019il s\u2019inscrivait dans une longue histoire d\u2019oppression. \u00ab<i>\u00a0<\/i><i>Si on ne fait rien face \u00e0 ce genre de propos, on risque de glisser vers des actes racistes \u00e9tatiques. On se dirigerait vers des heures sombres<\/i><i>\u00a0<\/i>\u00bb, poursuit ma\u00eetre V\u00e9ronique Marcel, avocate des parties civiles, pour la Ligue des droits de l\u2019Homme. \u00ab\u00a0<i>Le mot &#8220;n\u00e8gre&#8221; renvoie \u00e0 la supr\u00e9matie blanche, \u00e0 la n\u00e9gation du statut de l\u2019autre<\/i><i>\u00a0<\/i>\u00bb, rappelle la procureure, Sandrine Fabre.<\/p>\n<p>La d\u00e9fense de Christian G., Ma\u00eetre Jalil Amr, glisse qu\u2019il pense effectivement que l\u2019homme de 23\u00a0ans a bien prononc\u00e9 les insultes \u00e0 caract\u00e8re raciste. L\u2019avocat tente toutefois de temp\u00e9rer en assurant que son client \u00ab\u00a0<i>n\u2019est pas dans ces sph\u00e8res-l\u00e0<\/i>\u00a0\u00bb et que ce \u00ab\u00a0<i>n\u2019est rien d\u2019\u00e9labor\u00e9<\/i>\u00a0\u00bb. \u00ab<i>\u00a0<\/i><i>Ce monsieur s\u2019insulte lui-m\u00eame dans ses propos. Il n\u2019a jamais \u00e9t\u00e9 \u00e9duqu\u00e9<\/i><i>\u00a0<\/i>\u00bb, ajoute-t-il. Christian G. a en effet tr\u00e8s peu fr\u00e9quent\u00e9 l\u2019\u00e9cole au cours de sa vie et n\u2019a jamais entrepris de d\u00e9marches pour trouver un emploi.<\/p>\n<\/p><\/div>\n","protected":false},"excerpt":{"rendered":"Christian G., 23&nbsp;ans, a &eacute;t&eacute; condamn&eacute; par le tribunal d&rsquo;Avignon &agrave; six&nbsp;mois de prison ferme pour violences aggrav&eacute;es par deux circonstances suivies d&rsquo;une incapacit&eacute; &#8230;","protected":false},"author":1,"featured_media":37072,"comment_status":"open","ping_status":"open","sticky":false,"template":"","format":"standard","meta":{"footnotes":""},"categories":[3926,3925,20],"tags":[1118,174,1656,2637,1803,200,5499,857,4334,171,1941,272],"news-destination":[3944],"news-source":[475],"is_homepage":[],"ta_other":[],"class_list":["post-37071","post","type-post","status-publish","format-standard","has-post-thumbnail","hentry","category-accueil-merge","category-accueil-third","category-societe","tag-agression","tag-avignon","tag-droits-humains","tag-insultes","tag-interdiction","tag-justice","tag-ligue-des-droits-de-lhomme","tag-racisme","tag-raciste","tag-vaucluse","tag-victimes","tag-violences","news-destination-homepage","news-source-website"],"_links":{"self":[{"href":"https:\/\/euapp01.newsmemory.com\/lamarseillaise\/news\/wp-json\/wp\/v2\/posts\/37071","targetHints":{"allow":["GET"]}}],"collection":[{"href":"https:\/\/euapp01.newsmemory.com\/lamarseillaise\/news\/wp-json\/wp\/v2\/posts"}],"about":[{"href":"https:\/\/euapp01.newsmemory.com\/lamarseillaise\/news\/wp-json\/wp\/v2\/types\/post"}],"author":[{"embeddable":true,"href":"https:\/\/euapp01.newsmemory.com\/lamarseillaise\/news\/wp-json\/wp\/v2\/users\/1"}],"replies":[{"embeddable":true,"href":"https:\/\/euapp01.newsmemory.com\/lamarseillaise\/news\/wp-json\/wp\/v2\/comments?post=37071"}],"version-history":[{"count":1,"href":"https:\/\/euapp01.newsmemory.com\/lamarseillaise\/news\/wp-json\/wp\/v2\/posts\/37071\/revisions"}],"predecessor-version":[{"id":37073,"href":"https:\/\/euapp01.newsmemory.com\/lamarseillaise\/news\/wp-json\/wp\/v2\/posts\/37071\/revisions\/37073"}],"wp:featuredmedia":[{"embeddable":true,"href":"https:\/\/euapp01.newsmemory.com\/lamarseillaise\/news\/wp-json\/wp\/v2\/media\/37072"}],"wp:attachment":[{"href":"https:\/\/euapp01.newsmemory.com\/lamarseillaise\/news\/wp-json\/wp\/v2\/media?parent=37071"}],"wp:term":[{"taxonomy":"category","embeddable":true,"href":"https:\/\/euapp01.newsmemory.com\/lamarseillaise\/news\/wp-json\/wp\/v2\/categories?post=37071"},{"taxonomy":"post_tag","embeddable":true,"href":"https:\/\/euapp01.newsmemory.com\/lamarseillaise\/news\/wp-json\/wp\/v2\/tags?post=37071"},{"taxonomy":"news-destination","embeddable":true,"href":"https:\/\/euapp01.newsmemory.com\/lamarseillaise\/news\/wp-json\/wp\/v2\/news-destination?post=37071"},{"taxonomy":"news-source","embeddable":true,"href":"https:\/\/euapp01.newsmemory.com\/lamarseillaise\/news\/wp-json\/wp\/v2\/news-source?post=37071"},{"taxonomy":"is_homepage","embeddable":true,"href":"https:\/\/euapp01.newsmemory.com\/lamarseillaise\/news\/wp-json\/wp\/v2\/is_homepage?post=37071"},{"taxonomy":"ta_other","embeddable":true,"href":"https:\/\/euapp01.newsmemory.com\/lamarseillaise\/news\/wp-json\/wp\/v2\/ta_other?post=37071"}],"curies":[{"name":"wp","href":"https:\/\/api.w.org\/{rel}","templated":true}]}}